{"id":2588,"date":"2013-06-03T19:23:13","date_gmt":"2013-06-03T19:24:59","guid":{"rendered":"http:\/\/www.cass-ro.org\/?p=2588"},"modified":"2017-11-14T21:28:38","modified_gmt":"2017-11-14T19:28:38","slug":"excentricul-friedman-2","status":"publish","type":"post","link":"https:\/\/www.cass-ro.org\/en\/excentricul-friedman-2\/","title":{"rendered":"Excentricul Friedman?"},"content":{"rendered":"<p style=\"text-align: justify;\"><img decoding=\"async\" style=\"margin: 0px 5px 5px 0px; float: left;\" alt=\"\" src=\"http:\/\/www.cass-ro.org\/wp-content\/uploads\/2013\/06\/ext-friedman.jpg\" width=\"300\" \/>\u201cPerioada\u00a0\u00een care v\u0103\u00a0g\u00e2ndea\u0163i c\u0103\u00a0intra\u0163i\u00a0\u00een NATO\u00a0\u015fi UE\u00a0\u015fi ei vor avea grij\u0103\u00a0de voi nu s-a terminat, ci de fapt nu a fost niciodat\u0103\u00a0ceva adev\u0103rat, este doar o iluzie optic\u0103. Rom\u00e2nia este un stat suveran, cu mari resurse, cu un viitor\u00a0\u015fi trebuie s\u0103\u00a0\u00ee\u015fi asume responsabilitatea pentru acest viitor al s\u0103u, s\u0103\u00a0accepte pre\u0163ul independen\u0163ei pe care o are\u201d.<\/p>\n<p style=\"text-align: justify;\">\u201cDac\u0103\u00a0v\u0103\u00a0angaja\u0163i\u00a0\u00een nostalgii romantice, dac\u0103\u00a0urm\u0103ri\u0163i visul minunat care a fost odat\u0103\u00a0UE, ve\u0163i avea de-a face cu istoria, care\u00a0\u00ee\u015fi arat\u0103\u00a0fa\u0163a ur\u00e2t\u0103. Iar rom\u00e2nii au v\u0103zut deja fa\u0163a ur\u00e2t\u0103\u00a0a istoriei\u201d- a clamat, la Bucure\u015fti, politologul american George Friedman, virulent eurosceptic\u00a0\u015fi NATO-sceptic, pendul\u00e2nd emo\u0163ional\u00a0\u00eentre o oralitate de laudatio\u00a0\u015fi una grav\u0103, de eveniment funerar.<\/p>\n<p style=\"text-align: justify;\">Totu\u015fi, dizerta\u0163ia sus\u0163inut\u0103\u00a0de Friedman (taguri de definire media:\u00a0\u015focant\u0103, cinic\u0103, nepoliticoas\u0103, suspect\u0103, violent\u0103, etc),\u00a0\u00een aula BNR,\u00a0\u00een fa\u0163a unei selecte audien\u0163e de putere\u00a0\u015fi influen\u0163a r\u0103mas\u0103\u00a0f\u0103r\u0103\u00a0cuvinte nu cap\u0103t\u0103\u00a0rotunjime\u00a0\u015fi\u00a0\u00een\u0163eles adecvat dec\u00e2t prin recursul la volumul \u201c\u0162inuturi de frontier\u0103. O c\u0103l\u0103torie geopolitic\u0103\u00een Eurasia\u201d cu care editura RAO, pe faz\u0103, ne-a completat un excurs\u00a0\u015fi o viziune\u00a0\u00a0\u201cpas comme les autres\u201d.<\/p>\n<p style=\"text-align: justify;\">Exist\u0103\u00a0o textur\u0103\u00a0ideatic\u0103\u00a0\u015fi emo\u0163ional\u0103\u00a0dens\u0103\u00a0\u00een planul secundar al expunerilor, cu scrieri programatice\u00a0\u015fi\u00a0\u00eentr-un crescendo dat de un mix\u00a0\u00eenc\u0103\u00a0greu de elucidat, din unghiul local.<\/p>\n<p style=\"text-align: justify;\">Dac\u0103\u00a0\u00een \u201cUrm\u0103torul deceniu\u201d politologul american anun\u0163\u0103\u00a0un cap de \u201ctem\u0103strategic\u0103\u201d\u00a0\u00een oprirea expansiunii ruse\u015fti\u00a0\u00een Europa prin articularea liniei Var\u015fovia-Bucure\u015fti-Ankara vs alian\u0163a Germania-Rusia dar\u00a0\u00een contextul unui status qvo al echilibrelor institu\u0163ionale mari,\u00a0\u00een noul volum \u201c\u0162inuturi de frontier\u0103\u201d discursul devine tran\u015fant. Fundalul pe care se propune \u201csolu\u0163ia de blocaj\u201d cap\u0103t\u0103\u00a0accente dramatice: se postuleaz\u0103\u00a0decesul NATO\u00a0\u015fi UE\u00a0\u00eentr-un interval perceptibil, din imponderabile\u00a0\u015fi metalimbaj, ca apropiate. Axei descrise\u00a0\u00een \u201cUrm\u0103torul\u2026\u201d\u00a0\u00eei sunt ad\u0103ugate, aproape ornamental, alte piese: Ucraina, R.Moldova, Bulgaria sub auspiciile unui conclav defensiv cu rezonan\u0163e latine \u201cIntermarium\u201d bar\u00e2nd calea \u201cre-emergen\u0163ei Rusiei\u201d.\u00a0\u00cen fond, un upgrade al alian\u0163ei interbelice propuse de mare\u015falul polonez Pilsudski.<\/p>\n<p style=\"text-align: justify;\">Cartea,\u00a0\u015fi concluziile sale\u00a0\u00eengro\u015fate\u00a0\u00een\u00a0\u015firuri de conferin\u0163e, sunt rezultatul unei vizite de documentare efectuate\u00a0\u00een 2010\u00a0\u00eentr-o parte a\u00a0\u00a0Europei de Est\u00a0\u015fi\u00a0\u00een Turcia, cadru\u00a0\u00een care sursele\u00a0\u00eempletesc plimb\u0103rile pe jos prin ora\u015fe cu dialogurile\u00a0\u00een aerul elitist al\u00a0\u00een\u0103l\u0163imilor, pe suportul unor indicatori socio-economici ce\u00a0\u0163in de sfera imponderabilului: un poem, o legend\u0103, o observa\u0163ie legat\u0103\u00a0de vestimenta\u0163ia localnicilor, o diagonal\u0103\u00a0istoric\u0103. Autorul vine cu un model aprioric\u00a0\u015fi\u00a0\u00eencearc\u0103validarea lui\u00a0\u00een contact cu realit\u0103\u0163ile materialului didactic studiat, dup\u0103\u00a0clasicul model al \u201cbalonului de\u00a0\u00eencercare\u201d.<\/p>\n<p style=\"text-align: justify;\">Se redeschid r\u0103ni cauterizate, se stipendiaz\u0103\u00a0noi\u00a0\u015fantiere de lucru, se sudeaz\u0103vertebrele unei osaturi strategice capabile s\u0103\u00a0determine cutremure de mare ad\u00e2ncime\u00een con\u015ftiin\u0163a social\u0103\u00a0a teritoriilor supuse lupei analitice. De ce se\u00a0\u00eent\u00e2mpl\u0103\u00a0asta? E un semnal dat de \u201cfor\u0163e nev\u0103zute\u201d? O provocare intelectual\u0103\u00a0atipic\u0103? Prin abreviere, cred c\u0103\u00a0cheia de lectur\u0103\u00a0rezid\u0103\u00a0\u00een pozi\u0163ia cu totul special\u0103\u00a0autorului: geopoliticianul care are\u00a0\u00een subliminal ideea de a crea istoria, nu doar de a o contempla sau analiza.<\/p>\n<p style=\"text-align: justify;\">\u201cCartografiind emo\u0163ia\u201d demersului dar\u00a0\u015fi logica intern\u0103\u00a0ar p\u0103rea c\u0103\u00a0Friedman lanseaz\u0103\u00a0rachetele provoc\u0103rii\u00a0\u00een dou\u0103\u00a0direc\u0163ii simultan.<\/p>\n<p style=\"text-align: justify;\">Prima, c\u0103tre administra\u0163ia SUA, concentreaz\u0103\u00a0efortul de a rede\u015ftepta interesul c\u0103tre zona Europei, c\u0103tre pericolul rusesc\u00a0\u00een recrudescen\u0163\u0103, dup\u0103\u00a0o deturare masiv\u0103a motoarelor americane\u00a0\u00een acest areal\u00a0\u015fi mutarea accentului pe Asia de Sud Est.<\/p>\n<p style=\"text-align: justify;\">A doua, c\u0103tre statele aflate sub hipnoza stabilit\u0103\u0163ii eterne a NATO\u00a0\u015fi UE, europene\u00a0\u00een genere\u00a0\u015fi est-europene\u00a0\u00een special. Instalate\u00a0\u00eentr-un confort c\u0103ldu\u0163\u00a0\u2013 dup\u0103opinia lui Friedman \u2013 acestea au devenit, la r\u00e2ndul lor, pu\u0163in ofertante pentru SUA.<\/p>\n<p style=\"text-align: justify;\">\u00centr-un mod violent\u00a0\u015fi tran\u015fant, pe alocuri derutant\u00a0\u015fi pe muchie de cu\u0163it, Friedman\u00a0\u00ee\u015fi urmeaz\u0103\u00a0setea. El zguduie din temelii lidership-uri na\u0163ionale amor\u0163ite, exagereaz\u0103\u00a0premeditat pentru a a\u015feza actorii la noua mas\u0103\u00a0de dialog reg\u00e2ndit\u0103\u00a0dintr-o perspectiv\u0103\u00a0care, dinspre noi, se vede\u00a0\u00een clar -obscur. \u201cTrebuie s\u0103\u00a0construi\u0163i o rela\u0163ie cu SUA, nu s\u0103\u00a0a\u015ftepta\u0163i ca SUA s\u0103\u00a0construiasc\u0103\u00a0o rela\u0163ie cu voi\u201d-clameaz\u0103\u00a0\u00een Rom\u00e2nia c\u0103tre toata zona politologul texan. \u201cWashingtonul trebuie s\u0103\u00a0aib\u0103\u00a0\u0163\u0103ri pe care s\u0103\u00a0se bazeze\u00a0\u00een oprirea expansiunii ruse\u015fti\u201d &#8211;\u00a0\u00a0direc\u0163ioneaz\u0103\u00a0el mesajul c\u0103tre administra\u0163ia SUA.<\/p>\n<p style=\"text-align: justify;\">Acesta este Marele Proiect a lui Friedman\u00a0\u015fi motivul strig\u0103tului s\u0103u studiat exasperat: un nou dialog Europa \u2013 SUA, pe alte baze. Restul constituie exager\u0103ri ce\u0163in de persuasiunea retoricii. For\u0163area unor muta\u0163ii tactice prin generarea unor false clivaje\u00a0\u015fi amenin\u0163\u0103ri este de altfel, o stratagem\u0103\u00a0clasic\u0103\u00a0a \u201cnegociatorului\u201d.<\/p>\n<p style=\"text-align: justify;\">Paradoxul c\u0103r\u0163ii este c\u0103, de\u015fi compune o agresiv\u0103\u00a0strategie de contracarare a expansiunii ruse\u00a0\u00een Europa (distrugerea tandemului ruso-german, proiectul Intermarium), prin fundamentul discursului\u00a0\u015fi premiza central\u0103\u00a0(dispari\u0163ia NATO\u00a0\u015fi UE), acesta rezoneaz\u0103\u00a0destul de fidel cu discursul oficial al Moscovei. Exist\u0103\u00a0deci riscul de efect secundar: sentimentul apocalipsei anun\u0163ate s\u0103\u00a0\u00eemping\u0103\u00a0opinia public\u0103, deja sceptic\u0103\u00a0peste limite, exact\u00a0\u00een direc\u0163ia opus\u0103.<\/p>\n<p style=\"text-align: justify;\">La Bucure\u015fti cel pu\u0163in, unde conspira\u0163ia omniprezent\u0103\u00a0deriv\u0103\u00a0dintr-un ancestral spirit de mahala, exist\u0103\u00a0\u015fansa ca George Friedman s\u0103\u00a0fie privit ca o interfa\u0163\u0103\u00a0civil\u0103\u00a0a unor structuri de intelligence. Iar discursul friedmanian s\u0103\u00a0fie prizat f\u0103r\u0103\u00a0filtre, ca o pozi\u0163ie american\u0103\u00a0\u201ca ceea ce nu poate fi spus oficial\u201d. Ceea ce e o prostie\u00a0\u00eenc\u0103\u00a0\u015fi mai mare.\u00a0\u00cen opinia mea, Friedman este un intelectual dezinhibat care merit\u0103\u00a0disecat, deocamdat\u0103, doar\u00a0\u00een cercuri mici, specializate, anaerobe. Pentru c\u0103\u00a0indiferent de inten\u0163ia ini\u0163ial\u0103, acest tip de punere a problemei poate crea un disconfort curentului euro-atlantist\u00a0\u015fi mult\u0103, foarte mult\u0103\u00a0confuzie la firul ierbii.<\/p>\n","protected":false},"excerpt":{"rendered":"<p>\u201cPerioada\u00a0\u00een care v\u0103\u00a0g\u00e2ndea\u0163i c\u0103\u00a0intra\u0163i\u00a0\u00een NATO\u00a0\u015fi UE\u00a0\u015fi ei vor avea grij\u0103\u00a0de voi nu s-a terminat, ci de fapt nu a fost niciodat\u0103\u00a0ceva adev\u0103rat, este doar o iluzie optic\u0103. Rom\u00e2nia este un stat suveran, cu mari resurse, cu un viitor\u00a0\u015fi trebuie s\u0103\u00a0\u00ee\u015fi asume responsabilitatea pentru acest viitor al s\u0103u, s\u0103\u00a0accepte pre\u0163ul independen\u0163ei pe care o are\u201d. \u201cDac\u0103\u00a0v\u0103\u00a0angaja\u0163i\u00a0\u00een nostalgii romantice, dac\u0103\u00a0urm\u0103ri\u0163i visul minunat care a fost odat\u0103\u00a0UE, ve\u0163i avea de-a face cu istoria, care\u00a0\u00ee\u015fi arat\u0103\u00a0fa\u0163a ur\u00e2t\u0103. Iar rom\u00e2nii au v\u0103zut deja fa\u0163a ur\u00e2t\u0103\u00a0a istoriei\u201d- a clamat, la Bucure\u015fti, politologul american George Friedman, virulent eurosceptic\u00a0\u015fi NATO-sceptic, pendul\u00e2nd emo\u0163ional\u00a0\u00eentre o oralitate de laudatio\u00a0\u015fi una grav\u0103, de eveniment funerar. Totu\u015fi, dizerta\u0163ia sus\u0163inut\u0103\u00a0de Friedman (taguri de definire [&hellip;]<\/p>\n","protected":false},"author":14,"featured_media":2585,"comment_status":"open","ping_status":"closed","sticky":false,"template":"","format":"standard","meta":{"footnotes":""},"categories":[65,135,66],"tags":[],"class_list":["post-2588","post","type-post","status-publish","format-standard","has-post-thumbnail","hentry","category-blog-en","category-marius-stoian-en","category-studies-and-analysis"],"_links":{"self":[{"href":"https:\/\/www.cass-ro.org\/en\/wp-json\/wp\/v2\/posts\/2588"}],"collection":[{"href":"https:\/\/www.cass-ro.org\/en\/wp-json\/wp\/v2\/posts"}],"about":[{"href":"https:\/\/www.cass-ro.org\/en\/wp-json\/wp\/v2\/types\/post"}],"author":[{"embeddable":true,"href":"https:\/\/www.cass-ro.org\/en\/wp-json\/wp\/v2\/users\/14"}],"replies":[{"embeddable":true,"href":"https:\/\/www.cass-ro.org\/en\/wp-json\/wp\/v2\/comments?post=2588"}],"version-history":[{"count":1,"href":"https:\/\/www.cass-ro.org\/en\/wp-json\/wp\/v2\/posts\/2588\/revisions"}],"predecessor-version":[{"id":4526,"href":"https:\/\/www.cass-ro.org\/en\/wp-json\/wp\/v2\/posts\/2588\/revisions\/4526"}],"wp:featuredmedia":[{"embeddable":true,"href":"https:\/\/www.cass-ro.org\/en\/wp-json\/wp\/v2\/media\/2585"}],"wp:attachment":[{"href":"https:\/\/www.cass-ro.org\/en\/wp-json\/wp\/v2\/media?parent=2588"}],"wp:term":[{"taxonomy":"category","embeddable":true,"href":"https:\/\/www.cass-ro.org\/en\/wp-json\/wp\/v2\/categories?post=2588"},{"taxonomy":"post_tag","embeddable":true,"href":"https:\/\/www.cass-ro.org\/en\/wp-json\/wp\/v2\/tags?post=2588"}],"curies":[{"name":"wp","href":"https:\/\/api.w.org\/{rel}","templated":true}]}}