{"id":2604,"date":"2013-06-03T19:52:45","date_gmt":"2013-06-03T19:54:02","guid":{"rendered":"http:\/\/www.cass-ro.org\/?p=2604"},"modified":"2017-11-14T21:28:38","modified_gmt":"2017-11-14T19:28:38","slug":"eu-votez-dna-2","status":"publish","type":"post","link":"https:\/\/www.cass-ro.org\/en\/eu-votez-dna-2\/","title":{"rendered":"Eu votez DNA!"},"content":{"rendered":"<p style=\"text-align: justify;\"><em><strong><img decoding=\"async\" style=\"margin: 0px 5px 5px 0px; float: left;\" alt=\"\" src=\"http:\/\/www.cass-ro.org\/wp-content\/uploads\/2013\/06\/votez-dna.jpg\" width=\"300\" \/>Cu un deceniu \u00een urm\u0103, t\u00e2n\u0103rul reformist de atunci Cozmin Gu\u0219\u0103 lansa inspirata metafor\u0103 a \u201eb\u0103t\u0103liei de desen animat\u201d \u00een \u00eencercarea de a surprinde tricky esen\u021ba conflictului politic \u201emediat\u201d de justi\u021bie: personajele \u00ee\u0219i turtesc craniile cu ciocane imense, se taie de la br\u00e2u, se arunc\u0103 reciproc \u00een pr\u0103pastii \u00eenfrico\u0219\u0103toare, \u00een foc, \u00een ap\u0103 pentru ca, la sf\u00e2r\u0219it, s\u0103 apar\u0103 \u201egonfla\u021bi\u201d \u0219i \u00eentregi, cu fe\u021be z\u00e2mbitoare, \u00eenainte ca genericul s\u0103 inunde ecranul.<\/strong><\/em><\/p>\n<p style=\"text-align: justify;\">Aceasta era vechiul \u201econtract social\u201d \u00eentre elitele politice \u0219i cea de-a treia putere \u00een stat: o b\u0103t\u0103lie conform\u0103, pentru tribune, cu o justi\u021bie butaforic\u0103 \u00een plasa c\u0103reia, din c\u00e2nd \u00een c\u00e2nd, mai c\u0103dea capul vreunui indezirabil de m\u00e2na a doua.<\/p>\n<p style=\"text-align: justify;\">\u00cen mod categoric, \u00eenceputul epocii B\u0103sescu, cu \u0219pri\u021buri prelungite, geamparale \u0219i dudui blonde \u00een fundal, nu aducea niciun indiciu despre vreo \u00eencercare de dinamitare a unor cutume mai vechi dec\u00e2t epoca fesenisto-pesedist\u0103 sau dec\u00e2t idilizatul \u201einterbelic\u201d cu panamalele \u0219i concesiunile lui cu tot.<\/p>\n<p style=\"text-align: justify;\">\u0218i totu\u0219i, ast\u0103zi, nu po\u021bi s\u0103 nu fii de acord cu Cristian Ghinea<a title=\"\" href=\"\"><div class=\"fusion-fullwidth fullwidth-box fusion-builder-row-1 hundred-percent-fullwidth non-hundred-percent-height-scrolling\" style=\"--awb-border-radius-top-left:0px;--awb-border-radius-top-right:0px;--awb-border-radius-bottom-right:0px;--awb-border-radius-bottom-left:0px;--awb-overflow:visible;--awb-flex-wrap:wrap;\" ><div class=\"fusion-builder-row fusion-row\"><div class=\"fusion-layout-column fusion_builder_column fusion-builder-column-0 fusion_builder_column_1_1 1_1 fusion-one-full fusion-column-first fusion-column-last fusion-column-no-min-height\" style=\"--awb-bg-size:cover;--awb-margin-bottom:0px;\"><div class=\"fusion-column-wrapper fusion-flex-column-wrapper-legacy\">[1]<\/a>\u00a0c\u00e2nd ratific\u0103 concluziv c\u0103 \u201easist\u0103m \u00een Rom\u00e2nia din ultimul deceniu la un conflict civil provocat de ruperea pactului vechi cu elita politic\u0103, iar \u00abnoi nu suntem niciodat\u0103 ancheta\u021bi\u00bb. Schimbarea radical\u0103 a sor\u021bilor a venit dup\u0103 2005.\u201d<\/p>\n<p style=\"text-align: justify;\">\u201ePoate c\u0103 termenul de \u00abr\u0103zboi civil\u00bb este prea dur \u00een context, dar \u00een esen\u021b\u0103 cam asta este: un r\u0103zboi deschis \u00eentre for\u021be care vor s\u0103 aplice legea pentru to\u021bi \u0219i for\u021be care nu vor. Am asistat la ruperea unui contract social tacit.(\u2026) Niciodat\u0103 \u00een Rom\u00e2nia nu au fost trimi\u0219i mini\u0219tri, prim-mini\u0219tri, magistra\u021bi sau generali la pu\u0219c\u0103rie pentru corup\u021bie. Elitele erau protejate. Acesta era pactul social\u201d \u2013 surprinde analistul rom\u00e2n poate principalul succes al acestor vremuri tulburi.<\/p>\n<p style=\"text-align: justify;\">S\u0103 re\u021binem \u0219i conceptele-cheie care au fluidizat procesul: \u201einterdependen\u021ba asimetric\u0103\u201d \u2013 cea care a permis ingerin\u021ba UE (\u021bara care vrea s\u0103 intre \u00een UE \u00ee\u0219i dore\u0219te mai mult acest lucru dec\u00e2t \u00ee\u0219i dore\u0219te UE s\u0103 o primeasc\u0103, deci Uniunea este \u00een pozi\u021bia de a pune condi\u021bii), \u201eefectul de \u00eemputernicire a modernizatorilor\u201d (care a permis Monic\u0103i Macovei \u0219i, ulterior, lui Daniel Morar s\u0103 produc\u0103 bre\u0219a \u00een sistem) \u0219i teoria \u201eactorilor veto\u201d (care, identifica\u021bi, au fost anula\u021bi sau diminua\u021bi pe r\u00e2nd ca influen\u021b\u0103).<\/p>\n<p style=\"text-align: justify;\">Cartea lui Cristian Ghinea, \u00een fond una de interviuri cu pu\u021binii \u201enebuni ai marilor schimb\u0103ri\u201d \u00een justi\u021bie care au \u00eembr\u0103cat \u201ec\u0103ma\u0219a mor\u021bii\u201d \u00eentr-un mediu cu rezisten\u021b\u0103 programatic\u0103 megagalactic\u0103, concureaz\u0103, \u00een impopularitate \u00een mediile politice, cu o alta, a lui Dan T\u0103p\u0103lag\u0103<a title=\"\" href=\"\">[2]<\/a>\u00a0\u00een dialog cu Daniel Morar.<\/p>\n<p style=\"text-align: justify;\">Ambele, lansate simultan la aceea\u0219i editur\u0103, Humanitas, \u00een cadrul T\u00e2rgului Gaudeamus, au o complementaritate studiat\u0103: mesajul decis, ferm \u00eempotriva unei restaura\u021bii care scoate capul perfid, dar \u0219i semnalul c\u0103tre \u201ezona curat\u0103\u201d c\u0103 exist\u0103 voin\u021ba, masa critic\u0103 \u0219i suportul pentru ca, prin solidaritate, insuccesul unei asemenea tentative s\u0103 fie net.<\/p>\n<p style=\"text-align: justify;\">Dincolo de ritmul alert al lucr\u0103rii, care penduleaz\u0103 \u00eentre excursul filosofic, statistica rece \u0219i am\u0103nuntul picant, dar non-vulgar,T\u0103p\u0103lag\u0103 \u00eentrege\u0219te, \u00een comentariile sale din off, aceast\u0103 idee a voin\u021bei care a dus la radierea vechiului pact social, complet\u00e2nd lista actorilor-cheie cu Departamentul de Stat al SUA:<\/p>\n<p style=\"text-align: justify;\">\u201eAmbasadorul Statelor Unite la Bucure\u0219ti, Mark Gitenstein, avea s\u0103-\u0219i exprime \u00een mod public \u0219i repetat admira\u021bia fa\u021b\u0103 de Morar, ajuns \u0219eful DNA. Jurist de forma\u021bie, ambasadorul a povestit, \u00een timpul unei vizite efectuate la Bucure\u0219ti de c\u0103tre procurorul general al statului Delaware, Beau Biden, fiul vicepre\u0219edintelui Statelor Unite, c\u0103 reprezentan\u021bii Departamentului de Stat care se \u00eent\u00e2lneau cu Morar spuneau ulterior c\u0103 \u00aba\u0219a arat\u0103 procurorii purs\u00e2nge\u00bb. Gitenstein \u00eensu\u0219i \u00eel numea \u00abprocurorul prin defini\u021bie\u00bb.\u201d<\/p>\n<p style=\"text-align: justify;\">\u0218i iat\u0103, pe l\u00e2ng\u0103 reforma resursei umane, \u0219i c\u00e2teva cifre aproape uimitoare \u00een context rom\u00e2nesc: \u201eDin cei 4.738 de inculpa\u021bi trimi\u0219i \u00een judecat\u0103, 2.101 reprezint\u0103 inculpa\u021bi cu func\u021bii importante. DNA \u0219i-a trecut \u00een palmares un fost prim-ministru, 9 mini\u0219tri \u0219i 5 secretari de stat, 23 de parlamentari, din care 6 senatori \u0219i 17 deputa\u021bi, 8 pre\u0219edin\u021bi \u0219i vicepre\u0219edin\u021bi de consilii jude\u021bene, 105 primari \u0219i viceprimari, 169 de ofi\u021beri de poli\u021bie, 134 de lucr\u0103tori vamali, 53 de magistra\u021bi (judec\u0103tori \u0219i procurori) trimi\u0219i \u00een judecat\u0103\u201d.<\/p>\n<p style=\"text-align: justify;\">Daniel Morar, la r\u00e2ndul s\u0103u, \u00eemp\u0103rt\u0103\u0219e\u0219te publicului \u0219i rela\u021bia institu\u021bional\u0103 bun\u0103 cu SRI-ul mandatului Maior.<\/p>\n<p style=\"text-align: justify;\">\u00cen \u201eProiectul Rom\u00e2nia\u201d<a title=\"\" href=\"\">[3]<\/a>\u00a0scriam \u00een urm\u0103 cu un an: \u201eStatul rom\u00e2n, destul de lax \u0219i infestat de crim\u0103 organizat\u0103, care \u0219i-a asigurat un index de mediocrit\u0103\u021bi lacome \u00een pozi\u021bii de decizie, st\u0103 pe trei piloni \u00eenc\u0103 solizi, competen\u021bi \u0219i motiva\u021bi: serviciile secrete, DNA \u0219i Banca Na\u021bional\u0103 a Rom\u00e2niei. Nu e o maxim\u0103 bucurie c\u0103 s-a ajuns aici. Dar, a\u0219a ar\u0103t\u00e2nd lucrurile, nicio schimbare serioas\u0103 nu poate pleca \u00een r\u0103sp\u0103r. Raportarea la acest triunghi d\u0103 semnul plus sau minus, asigur\u0103 turnesolul identit\u0103\u021bii \u0219i al valorii reale a solu\u021biilor, proiectelor \u0219i personajelor. C\u00e2nd aceste institu\u021bii vor aluneca \u00een planul al doilea, Rom\u00e2nia va fi trecut deja \u00een noua epoc\u0103. Ceea ce, evident, \u00eenc\u0103 nu e cazul.\u201d<\/p>\n<p style=\"text-align: justify;\">Ne afl\u0103m acum sub o zodie \u00eenc\u0103 \u0219i mai rea. De aceea, \u00een triada proiecte-institu\u021bii-persoane, Morar &amp; Co trebuie s\u0103 continue.<\/p>\n<p style=\"text-align: justify;\">&#8212;&#8212;&#8212;&#8212;&#8212;&#8212;&#8212;&#8212;&#8212;&#8212;&#8212;&#8212;&#8212;&#8212;&#8212;&#8212;&#8212;&#8212;&#8212;&#8212;&#8212;&#8212;&#8212;&#8212;&#8212;&#8212;&#8212;&#8212;&#8212;&#8212;&#8212;&#8212;&#8212;&#8212;&#8212;&#8212;-<\/p>\n<p style=\"text-align: justify;\"><a title=\"\" href=\"\">[1]<\/a>\u00a0Cristian Ghinea, \u201eEu votez DNA!\u201d, Ed. Humanitas, 2012<\/p>\n<div style=\"text-align: justify;\">\n<p><a title=\"\" href=\"\">[2]<\/a>\u00a0Daniel T\u0103p\u0103lag\u0103, \u00een dialog cu Daniel Morar, \u201ePre\u021bul adev\u0103rului\u201d, Ed. Humnitas, 2012<\/p>\n<\/div>\n<div style=\"text-align: justify;\">\n<p><a title=\"\" href=\"\">[3]<\/a>\u00a0Marius Stoian, \u201dProiectul Rom\u00e2nia\u201d, Acad. Rom\u00e2n\u0103, Ed. ISPRI, 2012<\/p>\n<\/div>\n<div class=\"fusion-clearfix\"><\/div><\/div><\/div><\/div><\/div><\/p>\n","protected":false},"excerpt":{"rendered":"<p>Cu un deceniu \u00een urm\u0103, t\u00e2n\u0103rul reformist de atunci Cozmin Gu\u0219\u0103 lansa inspirata metafor\u0103 a \u201eb\u0103t\u0103liei de desen animat\u201d \u00een \u00eencercarea de a surprinde tricky esen\u021ba conflictului politic \u201emediat\u201d de justi\u021bie: personajele \u00ee\u0219i turtesc craniile cu ciocane imense, se taie de la br\u00e2u, se arunc\u0103 reciproc \u00een pr\u0103pastii \u00eenfrico\u0219\u0103toare, \u00een foc, \u00een ap\u0103 pentru ca, la sf\u00e2r\u0219it, s\u0103 apar\u0103 \u201egonfla\u021bi\u201d \u0219i \u00eentregi, cu fe\u021be z\u00e2mbitoare, \u00eenainte ca genericul s\u0103 inunde ecranul. Aceasta era vechiul \u201econtract social\u201d \u00eentre elitele politice \u0219i cea de-a treia putere \u00een stat: o b\u0103t\u0103lie conform\u0103, pentru tribune, cu o justi\u021bie butaforic\u0103 \u00een plasa c\u0103reia, din c\u00e2nd \u00een c\u00e2nd, mai c\u0103dea capul vreunui indezirabil de m\u00e2na a [&hellip;]<\/p>\n","protected":false},"author":14,"featured_media":2602,"comment_status":"open","ping_status":"closed","sticky":false,"template":"","format":"standard","meta":{"footnotes":""},"categories":[65,101,135,89],"tags":[],"class_list":["post-2604","post","type-post","status-publish","format-standard","has-post-thumbnail","hentry","category-blog-en","category-general","category-marius-stoian-en","category-romanian-strategy-politics"],"_links":{"self":[{"href":"https:\/\/www.cass-ro.org\/en\/wp-json\/wp\/v2\/posts\/2604"}],"collection":[{"href":"https:\/\/www.cass-ro.org\/en\/wp-json\/wp\/v2\/posts"}],"about":[{"href":"https:\/\/www.cass-ro.org\/en\/wp-json\/wp\/v2\/types\/post"}],"author":[{"embeddable":true,"href":"https:\/\/www.cass-ro.org\/en\/wp-json\/wp\/v2\/users\/14"}],"replies":[{"embeddable":true,"href":"https:\/\/www.cass-ro.org\/en\/wp-json\/wp\/v2\/comments?post=2604"}],"version-history":[{"count":1,"href":"https:\/\/www.cass-ro.org\/en\/wp-json\/wp\/v2\/posts\/2604\/revisions"}],"predecessor-version":[{"id":4522,"href":"https:\/\/www.cass-ro.org\/en\/wp-json\/wp\/v2\/posts\/2604\/revisions\/4522"}],"wp:featuredmedia":[{"embeddable":true,"href":"https:\/\/www.cass-ro.org\/en\/wp-json\/wp\/v2\/media\/2602"}],"wp:attachment":[{"href":"https:\/\/www.cass-ro.org\/en\/wp-json\/wp\/v2\/media?parent=2604"}],"wp:term":[{"taxonomy":"category","embeddable":true,"href":"https:\/\/www.cass-ro.org\/en\/wp-json\/wp\/v2\/categories?post=2604"},{"taxonomy":"post_tag","embeddable":true,"href":"https:\/\/www.cass-ro.org\/en\/wp-json\/wp\/v2\/tags?post=2604"}],"curies":[{"name":"wp","href":"https:\/\/api.w.org\/{rel}","templated":true}]}}