{"id":3043,"date":"2014-01-26T18:37:49","date_gmt":"2014-01-26T18:37:49","guid":{"rendered":"http:\/\/www.cass-ro.org\/?p=3043"},"modified":"2017-11-14T21:28:25","modified_gmt":"2017-11-14T19:28:25","slug":"despre-europa-orientul-mijlociu-si-intalnirea-de-la-geneva-2","status":"publish","type":"post","link":"https:\/\/www.cass-ro.org\/en\/despre-europa-orientul-mijlociu-si-intalnirea-de-la-geneva-2\/","title":{"rendered":"Despre Europa, Orientul Mijlociu \u0219i \u00eent\u00e2lnirea de la Geneva"},"content":{"rendered":"<p style=\"text-align: justify;\"><img decoding=\"async\" style=\"margin: 0px 5px 5px 0px; float: left;\" alt=\"\" src=\"http:\/\/www.cass-ro.org\/wp-content\/uploads\/2014\/01\/europa-geneva.jpg\" width=\"300\" \/>Securitatea Europei este amenin\u021b\u0103 de instabilitatea \u00een cre\u015ftere \u00een vecin\u0103tatea direct\u0103 \u2013 Africa de Nord, Orientul Mijlociu, Caucaz. R\u0103spunsul logic la acest\u0103 amenin\u021bare pare s\u0103 fie o mai bun\u0103 cooperare \u015fi asumare a responsabilit\u0103\u0163ilor comune. Europa trebuie s\u0103 fie eficient\u0103 \u015fi vizibil\u0103 \u00een domeniul securit\u0103\u0163ii. \u00cenvesti\u0163iile \u00een capacit\u0103\u0163ile militare \u0219i consolidarea\u00a0 industriei europeane a ap\u0103r\u0103rii trebuie s\u0103 figureze pe agenda de lucru a politicienilor europeni. Contribu\u0163ia european\u0103 la securitatea \u015fi stabilitatea global\u0103 este mai ales constituit\u0103 din formare \u015fi sus\u0163inere nu dintr-o adev\u0103rat\u0103 dislocare de mijloace militare, cel pu\u021bin \u00een zonele de istabilitate din vecin\u0103tatea apropiat\u0103. \u0218i acest lucru pentru simplul motiv c\u0103 aceste capacit\u0103\u021bi sunt reduse. Cazul Libiei a fost unul cu multe lec\u021bii privind opera\u021biunile militare derulate de \u021b\u0103rile europene. Interven\u0163ia \u00een Libia a ar\u0103tat c\u0103 \u2013 <i>din lips\u0103 de unitate \u015fi de mijloace<\/i> \u2013 \u021b\u0103rile UE au fost obligate s\u0103 cear\u0103 ajutorul Statele Unite \u015fi NATO care au preluat ini\u0163iativa. Avem \u00eens\u0103 \u0219i reversul medaliei: Mali \u015fi Republica Centrafrican\u0103. \u00cen cele dou\u0103 cazuri Fran\u0163a nu a a\u015fteptat avizul UE care dup\u0103 cum spunea un diplomat francez:<i> S\u0103 a\u015ftep\u0163i Europa, este un fel de a-l a\u015ftepta pe Godot.<\/i> Ceea ce este grav, este lipsa capacit\u0103\u0163ilor militare ale europenilor pentru opera\u021biunile desf\u0103\u0219urate \u00een comun. Acestea erau deja insuficiente, dar sub presiunea crizei financiare \u015fi economice, toate statele membre taie din bugetul ap\u0103r\u0103rii iar coordonarea la nivel european este aproape inexistent\u0103. <b>Pe scurt, \u00een fa\u0163a ambi\u0163iilor militare confuze, realitatea este format\u0103 doar din t\u0103ieri bugetare clare.<\/b> Ceea ce este evident: instabilitatea din Nordul Africii \u0219i din Orientul Mijlociu a generat un val uria\u0219 de imigran\u021bi dar \u0219i de na\u021bionali\u0219ti europeni care nu mai fac diferen\u021ba \u00eentre membrii uniunii \u0219i restul lumii. Nu mai exit\u0103 Schengen (vezi situa\u021bia de la grani\u021bele dintre Austria, Italia \u0219i Fran\u021ba), nu mai exit\u0103 reguli de circula\u021bie a for\u021bei de munc\u0103 (vezi situa\u021bia Anglia \u0219i Polonia, Anglia \u0219i Rom\u00e2nia) exist\u0103 numai revolt\u0103, ur\u0103 \u0219i amenin\u021b\u0103ri. \u0218i totu\u0219i ceva se mi\u0219c\u0103! Noua Europ\u0103 este \u00een ac\u021biune prin Polonia (Rom\u00e2nia are un parteneriat strategic cu Polonia care \u00eempreun\u0103 cu cel cu SUA ar trebui s\u0103 definesc\u0103 politica noastr\u0103 extern\u0103). Liderii alian\u0163ei central-europene, Grupul de la Vi\u015fegrad, s-au \u00eent\u00e2lnit \u00een martie 2013 cu pre\u015fedintele Fran\u0163ei, Fran\u00e7ois Hollande, \u015fi cu Angela Merkel, cancelarul Germaniei, pentru a discuta despre planurile de coordonare a politicii comune de ap\u0103rare a organiza\u0163iei. Cele patru state din Grupul de la Vi\u015fegrad (Polonia, Ungaria, Slovacia \u0219i Cehia) au semnat un memorandum de \u00een\u0163elegere pentru constituirea unui structuri de lupt\u0103, p\u00e2n\u0103 \u00een 2016, format\u0103 din aproximativ 3000 de militari. Polonia va asigura segmentul principal al for\u0163ei militare, cu aproximativ 1600 de militari, Republica Ceh\u0103 va oferi \u00een principal paramedici \u015fi sprijin logistic, Ungaria va furniza consultan\u0163\u0103 \u00een privin\u0163a infrastructurii militare, iar Slovacia expertiz\u0103 privind contracararea armelor de distrugere \u00een mas\u0103. Actuala situa\u021bie a UE \u00een privin\u021ba for\u021bei armate ne duce spre o declara\u021bie <i>trist\u0103 <\/i>din 1991 a ministrul belgian al Afacerilor Externe din acea vreme, Mark Eyskens, care comparase Europa cu: <i>un gigant economic, un pitic politic \u015fi o r\u00e2m\u0103 c\u00e2nd este vorba de a se elabora o capacitate de ap\u0103rare<\/i>. Occidentalii privesc cu o enorm\u01ce \u00eengrijorare la ceea ce se \u00eent\u00eempl\u01ce nu numai \u00een Siria \u015fi \u00een Liban, ci \u015fi \u00een Irak unde spectrul unui r\u01cezboi civil \u00eentre minoritatea sunit\u01ce \u015fi majoritatea \u015fiit\u01ce este mai pronun\u0163at dec\u00eet oric\u00eend. \u00cen Orientului Mijlociu anul a \u00eenceput sub semnul unei veritabile ofensive a islami\u015ftilor radicali. Atacurile lansate de Al-Qaida \u00een Irak, Siria \u015fi Liban sunt de natur\u01ce s\u01ce complice situa\u0163ia \u00een aceste \u0163\u01ceri \u015fi s\u01ce compromit\u01ce eforturile de pace ale comunit\u01ce\u0163ii interna\u0163ionale. Geneva II ar trebui s\u0103 \u00eenceap\u0103 la Aleppo locul unde insurgen\u021bii sirieni, organiza\u021biile care fac parte din Consiliul Na\u021bional Sirian, au \u00eenvins islami\u0219ti fundamentali\u0219ti afilia\u021bi al-Qaida reprezentan\u021bi de organiza\u021bia Statul islamic Irak \u0219i Levant. Grani\u021bele poroase al Siriei duc \u00eens\u0103 conflictul, devenit interetnic, \u00eentre \u0219ii\u021bi \u0219i sunni\u021bi, \u00een zonele limitrofe din Liban \u0219i Irak. Fallujah un loc unde solda\u0163ii americani au intervenit masiv \u00een dou\u01ce r\u00eenduri, \u00een 2004 \u015fi 2007, comb\u01cet\u00eendu-i pe insurgen\u0163i din cas\u01ce \u00een cas\u01ce, pentru a readuce ora\u015ful sub ascultare \u015fi pentru a-l pacifica a devenit la \u00eenceputul anului teatrul de r\u0103zboi \u00eentre insurgen\u021bii reprezent\u00e2nd organiza\u021bia Statul islamic Irak \u0219i Levant pe de-o parte, mili\u021biile tribale sunite din zon\u0103 \u0219i armata irakian\u0103. Ora\u0219ul de 300 de mii de locuitori, bastion al luptei suni\u021bilor \u00eempotriva regimului de la Bagdad reprezentat de premierul \u0219iit Nuri al-Malik, a fost cucerit de insurgen\u021bii fundamentali\u0219ti \u00een numai trei zile.\u00a0 \u00cen aceste zile for\u0163ele de ordine irakiene \u015fi mili\u0163iile tribale au preluat controlul asupra a dou\u0103 cartiere ale ora\u015fului irakian Ramadi, aflat de asemenea sub controlul insurgen\u0163ilor afilia\u0163i re\u0163elei teroriste Al-Qaida dar luptele sunt dure \u0219i mii de locuitori iarkieni au luat calea pribegiei. Noua guerilla sunit\u01ce afiliat\u0103 al-Qaidei \u0219i denumit\u0103 Statul islamic din Irak \u015fi Levant mobilizeaz\u01ce \u00eentre 3000 \u015fi 4000 lupt\u01cetori suni\u0163i prezen\u021bi at\u00e2t pe frontul sirian, precum \u015fi \u00een Liban, unde organizeaz\u01ce atentate \u015fi atacuri \u00eempotriva \u0219ii\u021bilor din Hezbollah. In fruntea acestor grupuri extrem de bine antrenate, \u00eenarmate \u015fi finan\u0163ate de \u0163\u01cerile din Golf, se afl\u01ce noul Ben Laden \u00een materie de terorism. Numele s\u01ceu este <b>Abou Bakr al-Baghadadi<\/b>, are 42 de ani, este irakian, iar americanii au anun\u0163at o recompens\u01ce de 10 milioane de dolari pentru capturarea sa. Dup\u01ce toate aparen\u0163ele el se afl\u01ce \u00een acest moment pe sol sirian, unde jihadi\u015ftii, cam \u00eentre 6000 \u015fi 12 000, au deschis de fapt un nou front, \u00eempotriva rebelilor pe care \u00eei numim modera\u0163i sau neintegri\u015fti. Militan\u021bii oraganiza\u021biei Statul islamic Irak \u0219i Levan sunt printre cei care organizeaz\u0103 atentatele din Irak soldate cu zeci de mor\u021bi. La Bagdad, 24 de persoane au murit \u015fi c\u00e2teva zeci au fost r\u0103nite \u00een explozia a cel pu\u0163in \u015fapte ma\u015fini-capcan\u0103 la interval de c\u00e2teva minute, \u00een principal \u00eentr-o pia\u0163\u0103 aglomerat\u0103 din cartierul al-Shaab. \u00cen primele dou\u0103 s\u0103pt\u0103m\u00e2ni ale anului 2014, violen\u0163ele din Irak s-au soldat cu moartea a aproximativ 500 de persoane. Premierul Nuri al-Maliki trebuie s\u0103 decid\u0103 \u00een urm\u0103toarele zile \u00eentre a propune o \u00eemp\u0103r\u0163ire real\u0103 a puterii cu minoritatea sunnit\u0103 sau s\u0103 continue politica de marginalizare \u015fi reprimare a acesteia. Faptul c\u01ce guerilla sunit\u01ce a\u00a0 fost capabil\u01ce s\u01ce loveasc\u01ce la numai 70 de kilometri de Bagdad, r\u01cem\u00eene un avertisment grav pentru ceea ce ar putea deveni Irakul dup\u01ce plecarea definitiv\u0103 a americanilor \u0219i a occidentalilor. Are Irakul un viitor ca stat sau va deveni un protectorat? Irakul a fost format la \u00eenceputul secolului XX ca stat de englezi care au unit Kurdistanul, cu un centru sunnit \u0219i un sud format din triburi \u0219iia. Ce au vrut englezii: o cale de transport a petrolului kurd spre Golful Persic \u0219i apoi spre India. Irakul a fost un stat unde democra\u021bia nu \u0219i-a g\u0103sit locul. Din 1958 c\u0103nd regele a fost \u00eenl\u0103turat de la conducerea \u021b\u0103rii au urmat unul dup\u0103 altul dictatori s\u00e2ngero\u0219i, culmin\u00e2nd cu Saddam Hussein, care nu au reu\u0219it s\u0103-i controleze pe kurzi, na\u021bia a c\u0103rei r\u0103sp\u00e2ndire \u00een zon\u0103 se \u00eentinde pe teritoriul a patru state. Iarkul este o compunere artificial\u0103 similar\u0103 cu a Siriei, kurzi, druzi, alawi\u021bi \u0219i suni\u021bi o al\u0103turare care nu se sus\u021bine, dec\u00e2t sub o dicatur\u0103 totalitar\u0103 sau \u00eentr-o federa\u021bie, \u00een actualele grani\u021be. R\u0103m\u0103nerea Siriei sau a Irakului \u00een actuala compunere las\u0103 Orientul Mijlociu \u00een grani\u021bele actuale. Dar vor fi capabile cele dou\u0103 s\u0103 men\u021bin\u0103 statutul actual? Geneva II \u00eencerc\u0103 s\u0103 clarifice situa\u021bia cel pu\u021bin pentru Siria. Organizat\u0103 de Statele Unite \u015fi Rusia sub supravegherea ONU, conferin\u0163a supranumit\u0103 Geneva II, care va \u00eencepe la Montreux (Elve\u0163ia), ar trebui s\u0103 permit\u0103 \u00eencheierea r\u0103zboiului civil din Siria, soldat cu peste 130.000 de mor\u0163i \u015fi milioane de refugia\u0163i din martie 2011. <b>Scopul final al conferin\u021bei este un acord negociat pentru o tranzi\u021bie politic\u0103 \u0219i crearea unui organism de conducere pentru aceast\u0103 perioad\u0103 de tranzi\u021bie. <\/b>Din punctul de vedere al Moscovei agenda cuprinde \u00eencetarea focului, discu\u021bii despre integritatea teritorial\u0103 \u0219i suveranitatea Siriei. Moscova nu dore\u0219te discu\u021bii despre o schimbare a administra\u021biei actuale. Cu alte cuvinte Assad r\u0103m\u00e2ne \u00een func\u021bie! De altfel ministrul sirian al informa\u021biilor a declarat c\u0103 prerogativele \u0219i persoana pre\u0219edintelui Bashar al-Assad nu vor fi subiect de discu\u021bii la Geneva. Opozi\u021bia va fi reprezentat\u0103 de Consiliul Na\u021bional Sirian cu comandamentul la Istambul. Islami\u0219tii fundamentali\u0219ti precum cei din Staul islamic Irak \u0219i Levant nu au de-a face cu Geneva ei dorind constituirea unui Califat f\u0103r\u0103 grani\u021be \u00een regiune. Cine va participa la Geneva II? Lista anun\u021bat\u0103 de Secretarul general al ONU, Ban Ki-moon cuprinde 26 de state. Arabia Saudita, principalul sprijinitor al rebeliunii \u00eempotriva regimului lui Bashar Al-Assad, se afla pe lista statelor invitate \u00een schimb Iranul, aliat ferm al regimului sirian, nu a figurat ini\u021bial pe lista participan\u021bilor. Washingtonul s-a opus prezen\u021bei Teheranului la conferin\u021ba de la Montreux(Geneva II), \u00een Elve\u021bia, \u00een timp ce Rusia, principalul sus\u0163in\u0103tor al regimului de la Damasc, c\u0103ruia \u00eei livreaz\u0103 armament, \u00ee\u015fi ap\u0103r\u0103 cu \u00eenver\u015funare interesele \u00een Orientul Apropiat prin propunerea ca Iranul s\u0103 participe cu statut de invitat. \u00centr-un final tensionat Secretarul general ONU a lansat invita\u021bia \u0219efului diploma\u021biei iraniene Mohammad Javad Zarif de a participa la conferin\u021b\u0103, cu condi\u021bia ca Iranul s\u0103 joace <i>un rol pozitiv \u0219i constructiv<\/i>. Astfel toate p\u0103r\u021bile cheie implicate \u00een conflict ar fi fost prezente la Geneva. \u00cens\u0103 surpriz\u0103 ea a fost retras\u0103 la presiunea opozi\u021biei siriene \u0219i a Washingtonului. Moscova a preg\u0103tit reuniunea de la Geneva at\u00e2t la Paris cu americani \u0219i francezii c\u00e2t \u0219i la Moscova. Consilierul lui Bashar al-Assad, Bouthaina Shaaban, \u015fi ministrul adjunct sirian al Afacerilor Externe, Faisal Muqdad, au discutat la Moscova cu mini\u015ftrii adjunc\u0163i ru\u015fi de Externe, Ghennadi Gatilov \u015fi Mihai Bogdanov, despre agenda conferin\u0163a Geneva II \u0219i modalit\u0103\u021bile de abordare a acesteia. \u00cenainte de deschiderea conferin\u0163ei de pace asupra Siriei lucrurile se complic\u0103 \u00een regiune. Alia\u0163i p\u00een\u01ce nu demult, rebelii sirieni modera\u021bi \u015fi jihadi\u015ftii au \u00eenceput o lupt\u01ce fratricid\u01ce care era de altfel previzibil\u01ce. Ea ar fi putut fi evitat\u01ce numai dac\u01ce Occidentalii ar fi contribuit cu mai mult energie \u015fi repede la o eventual\u01ce \u00eenl\u01ceturare de la putere a lui Bachar al-Assad. Da, de acord, dar cine ar fi fost \u00eenlocuitorul? Acum Assad apare \u00een pozi\u0163ie de for\u0163\u01ce, ajutat de Iran \u015fi de Russia. \u00cen condi\u021biile \u00een care \u021bara arde (&#8230;baba se piapt\u0103n\u0103!) Assad a decis s\u01ce introduc\u01ce masiv studierea limbii ruse \u00een \u015fcoli (\u00een cele care au r\u01cemas func\u0163ionale). Str\u00eensa prietenie cu Moscova se doteaz\u01ce \u00een felul acesta de un nou simbol&#8230; \u0219i cu probabil ceva arme!<\/p>\n","protected":false},"excerpt":{"rendered":"<p>Securitatea Europei este amenin\u021b\u0103 de instabilitatea \u00een cre\u015ftere \u00een vecin\u0103tatea direct\u0103 \u2013 Africa de Nord, Orientul Mijlociu, Caucaz. R\u0103spunsul logic la acest\u0103 amenin\u021bare pare s\u0103 fie o mai bun\u0103 cooperare \u015fi asumare a responsabilit\u0103\u0163ilor comune. Europa trebuie s\u0103 fie eficient\u0103 \u015fi vizibil\u0103 \u00een domeniul securit\u0103\u0163ii. \u00cenvesti\u0163iile \u00een capacit\u0103\u0163ile militare \u0219i consolidarea\u00a0 industriei europeane a ap\u0103r\u0103rii trebuie s\u0103 figureze pe agenda de lucru a politicienilor europeni. Contribu\u0163ia european\u0103 la securitatea \u015fi stabilitatea global\u0103 este mai ales constituit\u0103 din formare \u015fi sus\u0163inere nu dintr-o adev\u0103rat\u0103 dislocare de mijloace militare, cel pu\u021bin \u00een zonele de istabilitate din vecin\u0103tatea apropiat\u0103. \u0218i acest lucru pentru simplul motiv c\u0103 aceste capacit\u0103\u021bi sunt reduse. Cazul Libiei a [&hellip;]<\/p>\n","protected":false},"author":2,"featured_media":3041,"comment_status":"open","ping_status":"closed","sticky":false,"template":"","format":"standard","meta":{"footnotes":""},"categories":[74,65,86,102,66],"tags":[],"class_list":["post-3043","post","type-post","status-publish","format-standard","has-post-thumbnail","hentry","category-alexandru-grumaz-en","category-blog-en","category-international-peace-security","category-issues","category-studies-and-analysis"],"_links":{"self":[{"href":"https:\/\/www.cass-ro.org\/en\/wp-json\/wp\/v2\/posts\/3043"}],"collection":[{"href":"https:\/\/www.cass-ro.org\/en\/wp-json\/wp\/v2\/posts"}],"about":[{"href":"https:\/\/www.cass-ro.org\/en\/wp-json\/wp\/v2\/types\/post"}],"author":[{"embeddable":true,"href":"https:\/\/www.cass-ro.org\/en\/wp-json\/wp\/v2\/users\/2"}],"replies":[{"embeddable":true,"href":"https:\/\/www.cass-ro.org\/en\/wp-json\/wp\/v2\/comments?post=3043"}],"version-history":[{"count":1,"href":"https:\/\/www.cass-ro.org\/en\/wp-json\/wp\/v2\/posts\/3043\/revisions"}],"predecessor-version":[{"id":3044,"href":"https:\/\/www.cass-ro.org\/en\/wp-json\/wp\/v2\/posts\/3043\/revisions\/3044"}],"wp:featuredmedia":[{"embeddable":true,"href":"https:\/\/www.cass-ro.org\/en\/wp-json\/wp\/v2\/media\/3041"}],"wp:attachment":[{"href":"https:\/\/www.cass-ro.org\/en\/wp-json\/wp\/v2\/media?parent=3043"}],"wp:term":[{"taxonomy":"category","embeddable":true,"href":"https:\/\/www.cass-ro.org\/en\/wp-json\/wp\/v2\/categories?post=3043"},{"taxonomy":"post_tag","embeddable":true,"href":"https:\/\/www.cass-ro.org\/en\/wp-json\/wp\/v2\/tags?post=3043"}],"curies":[{"name":"wp","href":"https:\/\/api.w.org\/{rel}","templated":true}]}}