{"id":4741,"date":"2017-05-18T02:29:51","date_gmt":"2017-05-17T23:29:51","guid":{"rendered":"http:\/\/www.cass-ro.org\/vrea-europa-un-schengen-militar\/"},"modified":"2018-02-06T12:43:22","modified_gmt":"2018-02-06T10:43:22","slug":"vrea-europa-un-schengen-militar","status":"publish","type":"post","link":"https:\/\/www.cass-ro.org\/en\/vrea-europa-un-schengen-militar\/","title":{"rendered":"Vrea Europa un Schengen militar?"},"content":{"rendered":"<p>Sunt politicienii no\u0219tri preg\u0103ti\u021bi s\u0103 se \u00eent\u00e2lneasc\u0103 cu personalit\u0103\u021bii care au remodelat geopolitica global\u0103? Se pare c\u0103 apeten\u021ba pentru astfel de \u00eent\u00e2lniri este extrem de redus\u0103. S\u0103 ai \u00een propria <em>ograd\u0103<\/em> doi generali care sunt conecta\u021bi la sistemul decizional global \u0219i s\u0103-i ignori este de ne\u00een\u021beles. Probabil c\u0103 au fost suficiente \u00eent\u00e2lnirile de la Ministerul Ap\u0103r\u0103ri. Generalul Ciuc\u0103 oricum \u00eei cuno\u0219tea!<\/p>\n<p>Zilele acestea trei fo\u0219ti \u00eenal\u021bi oficiali americani- Kurt Volker, fost ambasador al SUA la NATO \u0219i fost adjunct al Secretarului de Stat \u00een madatul lui George Bush, generalul David Petreus, fost \u0219ef al CIA \u0219i fost comandant al trupelor americane \u00een Irak \u0219i Afganistan, p\u0103rintele a\u0219a numitei Surge<a href=\"#_ftn1\" name=\"_ftnref1\"><div class=\"fusion-fullwidth fullwidth-box fusion-builder-row-1 hundred-percent-fullwidth non-hundred-percent-height-scrolling\" style=\"--awb-border-radius-top-left:0px;--awb-border-radius-top-right:0px;--awb-border-radius-bottom-right:0px;--awb-border-radius-bottom-left:0px;--awb-overflow:visible;--awb-flex-wrap:wrap;\" ><div class=\"fusion-builder-row fusion-row\"><div class=\"fusion-layout-column fusion_builder_column fusion-builder-column-0 fusion_builder_column_1_1 1_1 fusion-one-full fusion-column-first fusion-column-last fusion-column-no-min-height\" style=\"--awb-bg-size:cover;--awb-margin-bottom:0px;\"><div class=\"fusion-column-wrapper fusion-flex-column-wrapper-legacy\">[1] (cre\u0219terea num\u0103rului de militari americani \u00een Irak dar \u0219i schimbarea \u00eentregii strategii militare din teatrul de opera\u021bii) \u0219i nu \u00een ultimul r\u00e2nd, fostul SACEUR (The Supreme Allied Commander Europe-Comandantul Suprem al For\u021belor Militare ale NATO \u00een Europa) generalul Philip Breedlove au fost prezen\u021bi la Bucure\u0219ti la seminarul despre <em>Buna Guvernan\u021b\u0103<\/em> organizat de ONG-ul Strategikon. Despre \u00eent\u00e2lnire presa a vorbit suficient. Am s\u0103 amintesc numai c\u00e2teva lucruri pe care jurnali\u0219tii nu le-au considerat foarte importante. Ast\u0103zi am s\u0103 vorbesc despre generalul Philip Breedlove.<\/p>\n<p><strong>Audierile \u00een Congresul SUA<\/strong><\/p>\n<p>Trebuie s\u0103 reamintesc \u00eent\u00e2i, celor care nu \u0219tiu, generalul Breedlove a fost audiat \u00een Senat la Comisia pentru Serviciile Armate \u00een leg\u0103tur\u0103 cu situa\u021bia din Europa, de dou\u0103 ori \u00een anul 2016. \u00cen fa\u021ba senatorilor americani generalul a vorbit de interesul american \u00een Europa, despre Rusia revan\u0219ard\u0103 \u0219i ac\u021biunile ei \u00een Ucraina \u0219i Siria, despre for\u021bele SUA din Europa \u0219i despre amenin\u021barea nuclear\u0103 a Rusiei. Am spicuit c\u00e2teva dintre evalu\u0103rile generalului Breedlove fa\u021b\u0103 de temele de mai sus, evalu\u0103ri f\u0103cute \u00een cadrul audierilor. Sunt importante aceste evalu\u0103ri pentru a \u00een\u021belege contextul geopolitic actual. Referitor la interesul american pentru Europa generalul a confirmat c\u0103 b\u0103tr\u00e2nul continent r\u0103m\u00e2ne un capitol important \u00een securitatea na\u021bional\u0103 a SUA. El consider\u0103 regiunea european\u0103 ca una inexorabil legat\u0103 de libertatea \u0219i securitatea economic\u0103 a Statelor Unite ale Americii. C\u00e2t prive\u0219te Rusia revan\u0219ard\u0103 a afirmat c\u0103 aceasta nu \u00eemparte obiective de securitate comune cu Occidentul \u0219i consider\u0103 SUA \u0219i NATO ca o amenin\u021bare la propria securitate. Rusia continu\u0103 efortul de modernizare a armatei, pe termen lung, \u0219i \u00een ac\u021biunile recente din Ucraina \u0219i Siria a demonstrat o alarmant\u0103 cre\u0219tere a proiect\u0103rii for\u021belor expedi\u021bionare \u0219i a capacit\u0103\u021bilor de lupt\u0103 \u0219i de sus\u021binere logistic\u0103. <em>Rusia a petrecut ultimii 20 de ani analiz\u00e2nd opera\u021biunile militare ale SUA, stabilind o nou\u0103 doctrin\u0103 \u0219i o structur\u0103 de for\u021be care s\u0103 contracareze puntele forte ale SUA \u0219i NATO<\/em>&#8211; declara generalul Philip Breedlove.<\/p>\n<p>\u00cencetarea focului \u00een estul Ucranie r\u0103m\u00e2ne nesemnificativ iar Rusia continu\u0103 activit\u0103\u021bile de destabilizare \u00een contradic\u021bie cu acordul de la Minsk. <em>Noi nu trebuie s\u0103 accept\u0103m ac\u021biunile Rusiei \u00een Siria care s\u0103 serveasc\u0103 unei strategii de distragere a aten\u021bie de la situa\u021bia din Ucraina-<\/em>declara generalul Breedlove. Cert este c\u0103 Rusia continu\u0103 agresiunea \u00een Ucraina prin asigurarea, pentru separati\u0219tii ucrainieni, cu personal, echipament, preg\u0103tire \u0219i C2 (comand\u0103 \u0219i control). Un element important luat \u00een discu\u021bie de fostul SACEUR sunt conflictele \u00eenghe\u021bate. Aceste conflicte \u00eenghe\u021bate, situate \u00een jurul periferie grani\u021bei ruse, sunt v\u0103zute ca <em>afaceri care se deruleaz\u0103 continuu<\/em>, fabricate de Rusia, pentru a avea un pretext de a interveni militar. \u00a0De asemenea eforturile Kremlinului de a stabili p\u00e2rghii de influen\u021b\u0103 \u00een \u021a\u0103rile Baltice de-a lungul zonelor diplomatice, economice \u0219i a spectrului de securitate sunt orientate spre dezvoltarea unui mediu propice Rusiei \u0219i reprezint\u0103 o provocare continu\u0103 la eforturile Occidentului de a asigura securitatea alia\u021bilor NATO. Din 2012 de la elaborare Liniilor Strategice ale Ap\u0103r\u0103rii \u0219i din momentul \u00een care decizia na\u021bional\u0103 a SUA de a se muta \u00een zona Asia\/Pacific, EUCOM (Comndamentul SUA pentru Europa) a pl\u0103tit constant un pre\u021b \u00een diminuarea resurselor \u0219i asigurarea for\u021belor pentru a rebalansa situa\u021bia. <em>Ca r\u0103spuns la noul mediu de securitate european, am sus\u021binut <\/em><strong>(n.A.G.-generalul Philip Breedlove)<\/strong><em>, iar departamentul ap\u0103r\u0103rii, Casa Alb\u0103 \u0219i Congresul au aprobat s\u0103 sisteze reducerile din teatrul european \u0219i fiecare s\u0103 se uite la cre\u0219tere sustenabil\u0103 a capacit\u0103\u021bilor militare a\u0219a cum am cerut \u00een planul financiar pe anul 2017<\/em>. \u00cen timpul R\u0103zboiului Rece erau peste un milion de militari \u00een teatrul european. Ast\u0103zi num\u0103rul lor este \u00een jur de 62000 din care 52000 sunt subordona\u021bi direct misiunii EUCOM. Generalul Breedlova amintea totodat\u0103 \u00een timpul depozi\u021biilor sale \u00een comisia senatorial\u0103 de faptul c\u0103: <em>Prezen\u021ba constant\u0103 a SUA \u00een Europa, de la cel de-al Doilea R\u0103zboi Mondial, a asigurat accesul liber al SUA \u00een caz de criz\u0103. Reducerile \u00een personal vor reduce accesul la na\u021biunile gazd\u0103 \u0219i permisiunea de operare din punctele strategice \u00een timpul unor crize. Trebuie s\u0103 avem comandamente de r\u0103zboi care s\u0103 coopereze cu partenerii \u00een teatrele de opera\u021bi <\/em>( vezi cele dou\u0103 comandamente de divizie ale NATO din Polonia \u0219i Rom\u00e2nia). Referitor la armele nucleare generalul Philip Breedlova declara:\u00a0 <em>Ru\u0219ii au testat arme care \u00eencalc\u0103 tratatul INF-Intermediate Nuclear Forces<\/em><strong> (n.A.G.-este vorba de rachetele de croazier\u0103 cu raz\u0103 de p\u00e2n\u0103 la 5500 km precum SSC-X-8, interzise de tratatul men\u021bionat, care se pot lansa de pe platformele Iskander-2<\/strong><em>) \u0219i pot fi u\u0219or ascunse \u00eentre armele conven\u021bionale. Ru\u0219ii cred c\u0103 armele nucleare sunt o continuare a rezolv\u0103rii conflictelor. Este o discu\u021bie iresponsabil\u0103<\/em>.<\/p>\n<p><strong>Discursul generalul Philip Breedlove din aula BNR<\/strong><\/p>\n<p><strong>\u00a0<\/strong>Generalul Philip Breedlove, p\u0103rintele <strong><em>Planului de ac\u021biune pentru cre\u0219terea capacit\u0103\u021bii opera\u021bionale a NATO<\/em><\/strong> (Rediness Action Plan) adoptat la Sumitul NATO din \u021aara Galilor, a vorbit despre rela\u021bia SUA-Rusia, despre conceptul de descurajare, despre articolul 3 al Tratatului de la Washington \u0219i despre importan\u021ba arealului M\u0103rii Negre. Rela\u021bia dintre SUA \u0219i Rusia a asem\u0103nat-o cu un vector care are o direc\u021bie \u0219i o vitez\u0103 de deplasare \u00eenspre o zon\u0103 neclar\u0103 \u0219i at\u00e2t timp c\u00e2t o for\u021b\u0103 contrar\u0103 nu se va opune acesta se va deplasa \u00eentr-acolo. For\u021ba care se va opune nu va fi format\u0103 numai din SUA \u0219i Rusia, la ea vor participa \u0219i Alia\u021bii din NATO. Generalul spunea c\u0103 \u00een aceast\u0103 rela\u021bie: <em>Trebuie s\u0103 \u00eencepem discu\u021bia cu lucruri mici, s\u0103 demonstr\u0103m c\u0103 ducem discu\u021biile p\u00e2n\u0103 la cap\u0103t, \u00een v\u0103zul tuturor, \u0219i s\u0103 m\u0103sur\u0103m \u00eempreun\u0103 rezultatele. Lucrurile nu trebuie dezb\u0103tute de Russia Today \u0219i de CNN<\/em>.<\/p>\n<p>Un subiect dezb\u0103tut de fostul SACEUR a fost conceptul de descurajarea. El spunea c\u0103 primul lucru la care se g\u00e2ndesc lideri c\u00e2nd vine vorba de descurajare este desf\u0103\u0219urarea unor forma\u021biuni militare importante \u00een teatrele de opera\u021biuni. <em>Descurajare nu este despre m\u0103rimea grup\u0103rii de for\u021be militare sau despre locul ei de dislocare, este vorba de cum g\u00e2ndesc descurajarea cei care iau decizia. Asta \u00eenseamn\u0103 de fapt buna guvernare<\/em>&#8211; declara Breedlove \u0219i a continuat \u2013 <em>Primul lucru \u00eentr-o bun\u0103 guvernare este o bun\u0103 structur\u0103 de securitate care asigur\u0103 celor pe care-i conducem SECURITATEA! Descurajarea este o art\u0103 nu este o \u0219tiin\u021b\u0103 \u0219i nu ai aparate s\u0103 o m\u0103sori.<\/em> Generalul a vorbit de Puterea Na\u021bional\u0103 \u0219i a descris modelul aplicat de Universitatea Na\u021bional\u0103 de Ap\u0103rare din Washington D.C. pentru a explica ceea ce \u00eenseamn\u0103: <strong>modelul DIME<\/strong> (dime este moneda american\u0103 de 10 cen\u021bi). Ce \u00eenseamn\u0103 DIME: D-vine de la diploma\u021bie, I-vine de la informare, M- de la militar \u0219i E- de la Economic. Despre <strong>D(iploma\u021bie)<\/strong> a vorbit prezent\u00e2nd exemplul de la Summitul NATO din \u021aara Galilor acolo unde agenda primei zile a fost \u00eenlocuit\u0103 cu o discu\u021bie despre ap\u0103rarea colectiv\u0103 \u0219i unitatea asupra adopt\u0103rii de m\u0103suri coerente de c\u0103tre to\u021bi alia\u021bii. A\u0219a a ap\u0103rut declar\u021bia comun\u0103 care explic\u0103 coeziunea alia\u021bilor \u00een privin\u021ba aplic\u0103rii art.5 al Tratatului de la Washington \u00een condi\u021biile agresiuni Rusiei \u00een Ucraina. Despre <strong>I(nformare)<\/strong> s-a mai vorbit ca fiind crucial\u0103 \u00een explicarea \u0219i transmiterea unui mesaj clar c\u0103tre lume despre ceea ce \u00eenseamn\u0103 Alian\u021ba NATO \u0219i care sunt misiunile ei. Despre ce \u00eenseamn\u0103<strong> M(ilitar)<\/strong>? M \u00eenseamn\u0103 c\u0103 <em>Ap\u0103rarea \u00eencepe acas\u0103<\/em> \u0219i c\u0103 avem nevoie s\u0103 investim bani \u00een operativitatea \u0219i eficacitatea unit\u0103\u021bilor pe care le avem pentru ca acestea s\u0103 devin\u0103 o for\u021b\u0103 de descurajare. Avem nevoie de echipamente performate la nivelul celorlate na\u021biuni pentru ca interoperabilitatea s\u0103 fie o certitudine. <em>Nu sunt pentru o cre\u0219tere a for\u021belor, dar sunt pentru o prepozi\u021bionare de tehnic\u0103 \u0219i o prezen\u021b\u0103 a for\u021belor de care este \u00eentradev\u0103r nevoie \u00een teatrul de opera\u021bii<\/em>&#8211; spunea generalul Breedlove \u0219i a continuat- <em>Investi\u021biile \u00een armat\u0103 trebuie s\u0103 fie de minimum 2% din PIB din care 20% pentru echiparea acesteia<\/em>. Echiparea \u00eenseamn\u0103 <strong>E(conomie)<\/strong> \u0219i asta este extrem de important pentru ca o \u021bar\u0103 s\u0103 fie prosper\u0103 \u0219i s\u0103-\u0219i permit\u0103 produc\u021bia de tehnic\u0103 militar\u0103 singur\u0103 sau \u00een comun cu parteneri din afar\u0103.<\/p>\n<p>La finalul expozeului de la BNR, la care au mai participat \u0219i ministru de externe Teodor Mele\u0219canu \u0219i Guvernatorul Mugur Is\u0103rescu a avut loc o sesiune de \u00eentreb\u0103ri \u0219i r\u0103spunsuri. \u00centre cei care au pus \u00eentreb\u0103ri s-a situat \u0219i autorul acestui material. \u00centrebarare mea a fost: <em>Este necesar un Schengen militar \u00een Europa, deoarece deplasarea echipamentelor de-a lungul \u0219i de-a latul continentului necesit\u0103 multe interven\u021bii \u0219i aprob\u0103ri, deplasarea fiind anevoioas\u0103 \u0219i ineficient\u0103 ca timp de derulare \u00een condi\u021bii de criz\u0103<\/em>?<\/p>\n<p>R\u0103spunsul generalului Breedlove a fost: <em>Nu pot vorbi foarte multe despre acest subiect. Nu este rea voin\u021b\u0103 din partea alia\u021bilor. Noi am luptat mult \u00een Irak \u0219i Afganistan \u0219i am pierdut din vedere Europa. Nu am crezut c\u0103 se poate construi un inamic strategic aici \u0219i nu am construit un parteneriat pe aceast\u0103 tem\u0103. \u021a\u0103rile au scris \u0219i rescris propriile legi. C\u00e2nd eram c\u0103pitan, \u00een 1983, la grani\u021ba dintre Germania de Vest \u0219i Germania de Est, \u0219i aveam \u00een fa\u021b\u0103 Pactul de la Var\u0219ovia, nu trebuia s\u0103 \u00eentreb\u0103m pe nimeni c\u00e2nd deplasam echipamentele \u0219i militarii \u00een partea occidental\u0103 a Europei. Aveam libertatea de mi\u0219care. Mobilitatea echipamentelor militare \u0219i a trupelor este vital\u0103 \u00een situa\u021bii de criz\u0103. Din p\u0103cate unii opozan\u021bi pot fi \u00een interiorul propriilor linii de demarca\u021bie. Suntem \u00eentr-o situa\u021bie de pace unde controlul la grani\u021be a fost reinstalat, \u00een special, pentru transporturile militare. C\u00e2nd am f\u0103cut prima mi\u0219care a trupelor NATO, acum 20 de luni, a fost extrem de greu. Sunt pentru a avea un acord cadru care s\u0103 permit\u0103 libertatea de mi\u0219care, pentru a construi rapid un r\u0103spuns la o ameni\u021bare. Nu am auzit de un Schegen militar dar cred c\u0103 cineva din sal\u0103\u00a0 (n.A.G \u0219i-a \u00eendreptat privirea spre \u0218eful SMG generalul Ciuc\u0103) va transmite la NATO acest\u0103 idee.<\/em><\/p>\n<p><a href=\"#_ftnref1\" name=\"_ftn1\">[1]<\/a> David French de la National Review Institute, un judec\u0103tor \u0219i un veteran al Opera\u021biunii Irak Freedom declara despre generalul Petreus: <em>Am slujit sub comanda generalului Petreus (departe \u00een ierahia militar\u0103-un capitan \u00eentr-un escadron de calaerie blindat\u0103 dislocat la 150 de km de Bagdad) \u00een timpul Surge (conceptul de surge \u00eensemn\u0103 o cre\u0219tere semnificativ\u0103 a num\u0103rului de militari)<\/em> <em>\u0219i am v\u0103zut cu ochii mei puterea unui lidership coeerent, aaplicarea corect\u0103 a unei strategii \u0219i\u00a0 nu \u00een ultimul r\u00e2nd aplicarea corect\u0103 a for\u021bei. Petreus a venit \u00een Irak \u00eentr-un moment de haos maxim \u0219i a avut rolul de a transforma o \u00eenfr\u00e2ngere s\u00e2ngeroas\u0103 \u00eentr-o victorie uimitore. Nu supra evalu\u0103m evenimentele dar p\u00e2n\u0103 \u00een octombrie 2008, c\u00e2nd generalul Raymond Odierno a preluat comanda, generalul Petreus devenise un erouamerican, unul dintre cei mai importan\u021bi generali ai timpurilor moderne.<\/em><\/p>\n<p>&nbsp;<div class=\"fusion-clearfix\"><\/div><\/div><\/div><\/div><\/div><\/p>\n","protected":false},"excerpt":{"rendered":"<p>Sunt politicienii no\u0219tri preg\u0103ti\u021bi s\u0103 se \u00eent\u00e2lneasc\u0103 cu personalit\u0103\u021bii care au remodelat geopolitica global\u0103? Se pare c\u0103 apeten\u021ba pentru astfel de \u00eent\u00e2lniri este extrem de redus\u0103. S\u0103 ai \u00een propria ograd\u0103 doi generali care sunt conecta\u021bi la sistemul decizional global \u0219i s\u0103-i ignori este de ne\u00een\u021beles. Probabil c\u0103 au fost suficiente \u00eent\u00e2lnirile de la Ministerul Ap\u0103r\u0103ri. Generalul Ciuc\u0103 oricum \u00eei cuno\u0219tea! Zilele acestea trei fo\u0219ti \u00eenal\u021bi oficiali americani- Kurt Volker, fost ambasador al SUA la NATO \u0219i fost adjunct al Secretarului de Stat \u00een madatul lui George Bush, generalul David Petreus, fost \u0219ef al CIA \u0219i fost comandant al trupelor americane \u00een Irak \u0219i Afganistan, p\u0103rintele a\u0219a numitei Surge<\/p>\n","protected":false},"author":4,"featured_media":0,"comment_status":"open","ping_status":"closed","sticky":false,"template":"","format":"standard","meta":{"footnotes":""},"categories":[26],"tags":[],"class_list":["post-4741","post","type-post","status-publish","format-standard","hentry","category-alexandru-grumaz"],"_links":{"self":[{"href":"https:\/\/www.cass-ro.org\/en\/wp-json\/wp\/v2\/posts\/4741"}],"collection":[{"href":"https:\/\/www.cass-ro.org\/en\/wp-json\/wp\/v2\/posts"}],"about":[{"href":"https:\/\/www.cass-ro.org\/en\/wp-json\/wp\/v2\/types\/post"}],"author":[{"embeddable":true,"href":"https:\/\/www.cass-ro.org\/en\/wp-json\/wp\/v2\/users\/4"}],"replies":[{"embeddable":true,"href":"https:\/\/www.cass-ro.org\/en\/wp-json\/wp\/v2\/comments?post=4741"}],"version-history":[{"count":1,"href":"https:\/\/www.cass-ro.org\/en\/wp-json\/wp\/v2\/posts\/4741\/revisions"}],"predecessor-version":[{"id":4742,"href":"https:\/\/www.cass-ro.org\/en\/wp-json\/wp\/v2\/posts\/4741\/revisions\/4742"}],"wp:attachment":[{"href":"https:\/\/www.cass-ro.org\/en\/wp-json\/wp\/v2\/media?parent=4741"}],"wp:term":[{"taxonomy":"category","embeddable":true,"href":"https:\/\/www.cass-ro.org\/en\/wp-json\/wp\/v2\/categories?post=4741"},{"taxonomy":"post_tag","embeddable":true,"href":"https:\/\/www.cass-ro.org\/en\/wp-json\/wp\/v2\/tags?post=4741"}],"curies":[{"name":"wp","href":"https:\/\/api.w.org\/{rel}","templated":true}]}}