{"id":5615,"date":"2018-11-28T12:07:16","date_gmt":"2018-11-28T10:07:16","guid":{"rendered":"http:\/\/www.cass-ro.org\/?p=5615"},"modified":"2019-04-26T12:10:20","modified_gmt":"2019-04-26T09:10:20","slug":"criza-ucraineana-revine-in-forta","status":"publish","type":"post","link":"https:\/\/www.cass-ro.org\/en\/criza-ucraineana-revine-in-forta\/","title":{"rendered":"Criza ucrainean\u0103 revine \u00een for\u0163\u0103"},"content":{"rendered":"<div class=\"content\">\n<div class=\"moz-reader-content line-height4 reader-show-element\">\n<div id=\"readability-page-1\" class=\"page\">\n<div id=\"article-body\">\n<p>Odat\u0103 cu apropierea alegerilor, pre\u015fedintele Petro Pro\u015fenko trebuie s\u0103 \u00eendep\u0103rteze aten\u0163ia aleg\u0103torilor de la gravele probleme economice ale \u0163\u0103rii \u015fi s\u0103 le \u00eendrepte c\u0103tre o criz\u0103 militar\u0103 cu Rusia. La cinci ani de la\u00a0<i>Revolu\u0163ia demnit\u0103\u0163ii<\/i>, Ucraina este cea mai s\u0103rac\u0103 \u0163ar\u0103 a Europei, cu o economie blocat\u0103 sub nivelul prerevolu\u0163ionar \u015fi<strong> f\u0103r\u0103 niciun fel de solu\u0163ie de a ie\u015fi din impas<\/strong>, \u00een timp ce oligarhii \u015fi oficialii corup\u0163i continu\u0103 spolierea ei. \u00cen schimb, ace\u015ftia clameaz\u0103 patriotismul \u015fi succesul \u00een a scoate Ucraina de pe orbita Rusiei. La fel ca pre\u015fedintele Poro\u015fenko, pre\u015fedintele rus Vladimir Putin \u00ee\u015fi pierde sprijinul acas\u0103 din cauza unor mi\u015fc\u0103ri nepopulare \u015fi vrea s\u0103 readuc\u0103 \u00een inimile cona\u0163ionalilor sentimentele patriotice ren\u0103scute dup\u0103 ocuparea Crimeei.<\/p>\n<p>Zilele trecute, marina rus\u0103 a deschis focul asupra a trei nave ucrainene \u00eenainte ca acestea s\u0103 p\u0103trund\u0103 \u00een str\u00e2mtoarea Kerci, pasajul maritim \u00eengust \u00eentre Marea Azov \u015fi Marea Neagr\u0103. Moscova pretinde c\u0103 navele ucrainene &#8211; dou\u0103 nave militare \u015fi un remorcher &#8211; au intrat \u00een apele teritoriale ale Rusiei l\u00e2ng\u0103 Crimeea. Imediat, ru\u015fii au desf\u0103\u015furat \u00een zon\u0103 avioane \u015fi elicoptere de lupt\u0103 (Rusia are 15 baze militare \u00een Crimeea, 30.000 de militari (printre care o brigad\u0103 de infanterie marin\u0103), 18 nave de r\u0103zboi \u015fi 6 submarine, zeci de avioane \u015fi elicoptere de lupt\u0103, rachete Iskander \u015fi sisteme de ap\u0103rare antiaerian\u0103 S-400, S-300, Pantsir S-1, sisteme Buk \u015fi Bastion, echipamente de r\u0103zboi electronic Krasukha). \u00cen confruntare \u015fase marinari ucraineni au fost r\u0103ni\u0163i. Rusia a acuzat Kievul de orchestrarea \u00eentregului incident, fapt care ar preg\u0103ti terenul pentru noi sanc\u0163iuni occidentale.<\/p>\n<p>Rusia \u015fi-a consolidat constant pozi\u0163ia \u00een Crimeea de la preluarea peninsulei \u00een 2014, iar apogeul a fost construirea podului peste str\u00e2mtoarea Kerci, un pod de 20 de km care leag\u0103 peninsula de continentul rus. Proiectul de 3,4 miliarde consfin\u0163e\u015fte permanen\u0163a anex\u0103rii Crimeei. De asemenea, podul a deschis un traseu de aprovizionare care nu trece prin teritoriul ucrainean. Acesta a fost construit f\u0103r\u0103 a \u0163ine seama de transportul maritim ucrainean spre cele dou\u0103 porturi din Marea Azov, Mariupol \u015fi Berdiansk. \u00cen\u0103l\u0163imea sa central\u0103 de numai 33 de metri a f\u0103cut ca mai mult de o sut\u0103 de nave care se deplasau regulat \u00een aceste porturi pentru a prelua cerealele ucrainene (exportul acestora prin cele dou\u0103 porturi, reprezent\u00e2nd aproximativ 9% din exporturile totale de cereale din Ucraina) s\u0103 devin\u0103 inoperabile. Porturile Mariupol \u015fi Berdiansk de pe coasta Marii Azov sunt, de asemenea, <i>por\u0163i principale <\/i>pentru exporturile de produse metalurgice ucrainene. De la anexarea Crimeei, prin ele trece 80% din totalul exporturilor maritime ale Ucrainei. Din aceast\u0103 cauz\u0103, <strong>podul de peste str\u00e2mtoarea Kerci nu este iubit la Kiev, iar Moscova este paranoic\u0103 \u00een ceea ce prive\u015fte un posibil sabotaj ucrainean<\/strong>.<\/p>\n<blockquote><p>Incidentele din 25 noiembrie reprezint\u0103, pentru prima oar\u0103 de la \u00eenceputul r\u0103zboiului \u201ehibrid\u201c al Rusiei \u00eempotriva Ucrainei \u00een 2014, o ac\u0163iune concret\u0103 \u015fi vizibil\u0103 a armatei ruse \u00eempotriva for\u0163elor militare ucrainene.<\/p><\/blockquote>\n<p>Garda de Coast\u0103 rus\u0103 a controlat \u00een permanen\u0163\u0103 navele comerciale ce au tranzitat str\u00e2mtoarea, fapt ce a fost considerat de Ucraina \u015fi de c\u0103tre UE drept h\u0103r\u0163uire \u015fi, chiar mai mult, drept o blocad\u0103 par\u0163ial\u0103. Controalele sunt, \u00eentr-adev\u0103r, ilegale. \u00centre 1 iulie \u015fi 15 octombrie 2018, pierderile cauzate\u00a0proprietarilor navelor oprite de Gard\u0103 de Coasta a Federa\u0163ie Ruse au fost estimate la 8 miliarde de dolari, iar \u00eent\u00e2rzierile totale datorate trecerii prin str\u00e2mtoarea Kerci acumuleaz\u0103 1262 de zile. Rusia sus\u0163ine c\u0103\u00a0<i>inspec\u0163iile sunt justificate din motive de securitate \u015fi rareori dep\u0103\u015fesc trei ore<\/i>, de\u015fi unele au durat zile. Astfel de activit\u0103\u0163i ruse\u015fti au vizat nu numai Ucraina, ci \u015fi alte \u0163\u0103ri. Nu numai navele ucrainene au fost afectate de m\u0103surile ruse\u015fti. Astfel, \u00een jur de 120 de nave ale statelor membre ale UE au fost supuse procedurilor de inspec\u0163ie ruse\u015fti \u00een Marea Azov \u00een perioada aprilie-octombrie 2018. Ca r\u0103spuns, Parlamentul European a adoptat o rezolu\u0163ie condamn\u00e2nd ac\u0163iunile ruse\u015fti \u015fi numindu-le \u201e<i>o alt\u0103 dimensiune a r\u0103zboiului hibrid al Rusiei\u201c. <\/i>Rezolu\u0163ia concluzioneaz\u0103 c\u0103 \u201e<i>ac\u0163iunile Rusiei au condus la deteriorarea \u00een continuare a situa\u0163iei de securitate \u00een Marea Neagr\u0103 \u015fi \u00een Marea Azov \u015fi au implica\u0163ii semnificative asupra r\u0103zboiului din Ucraina de Est<\/i>\u201c. \u00cen 2003, Rusia \u015fi Ucraina au convenit asupra liberei circula\u0163ii a navelor prin Str\u00e2mtoarea Kerci \u015fi \u00een Marea Azov.<\/p>\n<p>Conflictul declan\u015fat zilele acestea se datoreaz\u0103 faptului c\u0103 <strong>Rusia nu dore\u015fte p\u0103trunderea navelor militare ucrainene \u00een Marea Azov<\/strong>. De\u015fi Ucraina a avertizat Rusia c\u0103 navele sale militare vor tranzita zona, Garda de Coast\u0103 a Federa\u0163iei Ruse a ac\u0163ionat unilateral deschiz\u00e2nd focul, avariind o nav\u0103, r\u0103nind 6 marinari \u015fi apoi confisc\u00e2nd cele 3 nave. Rusia a blocat, de asemenea, trecerea pe sub podul Kerci, cu o nav\u0103 de containere \u015fi a trimis avioane de r\u0103zboi \u00een zon\u0103. \u00cen ziua urm\u0103toare confrunt\u0103rii, la o \u00eent\u00e2lnire de urgen\u0163\u0103 al Consiliul Na\u0163ional de Securitate \u015fi Ap\u0103rare al Ucrainei, la Kiev, s-a adoptat propunerea, c\u0103tre Parlamentul ucrainean, de aprobare a introducerii Legii mar\u0163iale.<\/p>\n<p>Incidentele din 25 noiembrie reprezint\u0103, pentru prima oar\u0103 de la \u00eenceputul r\u0103zboiului \u201ehibrid\u201c al Rusiei \u00eempotriva Ucrainei \u00een 2014, <strong>o ac\u0163iune concret\u0103 \u015fi vizibil\u0103 a armatei ruse \u00eempotriva for\u0163elor militare ucrainene<\/strong> (Kremlinul a negat \u00een continuu participarea for\u0163elor sale militare \u00een estul Ucrainei de\u015fi acest lucru s-a produs). \u00cen 2018, Rusia a mutat mai multe nave militare din Marea Caspic\u0103 \u00een Marea Azov transform\u00e2nd-o \u015fi pe aceasta \u00eentr-un\u00a0<i>lac rusesc<\/i>. Potrivit agen\u0163iei de informa\u0163ii a Ministerului Ap\u0103r\u0103rii din Ucraina, p\u00e2n\u0103 la sf\u00e2r\u015fitul lunii iunie 2018, Rusia a deplasat aproximativ 40 de nave de r\u0103zboi \u00een Marea Azov. De ce se preg\u0103te\u015fte Rusia? Probabil de o opera\u0163iune militar\u0103 \u00een estul Ucrainei(!?). Cert este c\u0103 Rusia \u00ee\u015fi construie\u015fte o putere naval\u0103 \u00een vederea prelu\u0103rii controlului asupra tuturor rutelor de naviga\u0163ie din Marea Neagr\u0103 \u015fi Marea Azov \u015fi dore\u015fte s\u0103 \u00eempiedice transportul maritim spre Ucraina p\u00e2n\u0103 la punctul \u00een care companiile private care opereaz\u0103 \u00een Marea Neagr\u0103 \u015fi \u00een Marea Mediteran\u0103 vor refuza s\u0103 mai acosteze \u00een porturile ucrainene.<\/p>\n<p>Ca r\u0103spuns la aceste activit\u0103\u0163i agresive ale Rusiei din Marea Azov, Kievul a ini\u0163iat un proces \u00eempotriva Moscovei la Curtea Interna\u0163ional\u0103 de Justi\u0163ie, \u00een temeiul \u00eenc\u0103lc\u0103rii Conven\u0163iei Na\u0163iunilor Unite privind dreptul m\u0103rii. \u00cen acest context de criz\u0103, Ucraina dore\u015fte deschiderea unei baze militare navale \u00een portul Berdiansk. Flota naval\u0103 a Ucrainei a organizat \u00een zona de litoral a M\u0103rii Azov exerci\u0163ii militare implic\u00e2nd unit\u0103\u0163i navale, avioane, artilerie de coast\u0103 \u015fi tancuri pentru a testa capacit\u0103\u0163ile de a r\u0103spunde unui scenariu de atac al propriului litoral venit dinspre Federa\u0163ia Rus\u0103. For\u0163ele militare ucrainene \u015fi-au consolidat capacit\u0103\u0163ile de ap\u0103rare costier\u0103 prin crearea unei infrastructuri adecvate \u015fi depun eforturi \u00een vederea cre\u0103ri \u015fi a unei grup\u0103ri navale \u00een acea zon\u0103. Desf\u0103\u015furarea de c\u0103tre Ucraina a navelor militare \u00een Marea Azov (de\u015fi acesta flot\u0103 este\u00a0<i>sub\u0163ire<\/i> fa\u0163\u0103 de cea a ru\u015filor) \u015fi presiunile UE par s\u0103 fi avut deja unele efecte descurajatoare, concrete, asupra Rusiei. \u00cen septembrie, Rusia a oprit toate intercept\u0103rile de nave comerciale \u00een cadrul zonei teritoriale de 12 mile marine a Ucrainei, urmate apoi de oprirea, \u00een octombrie, a intercept\u0103rii navelor \u00een apele interna\u0163ionale. Cu toate acestea, atacul din aceast\u0103 s\u0103pt\u0103m\u00e2n\u0103 asupra grupului naval ucrainean ar putea prefa\u0163a \u00eenceputul unei noi escalad\u0103ri de c\u0103tre Kremlin a situa\u0163iei de criz\u0103 deja existente \u00eentre Moscova \u015fi Kiev. Reac\u0163ia Ucrainei a fost puternic\u0103, de\u015fi deocamdat\u0103 numai diplomatic\u0103. Acesta a convocat o reuniune a Consiliului de Securitate al Organiza\u0163iei Na\u0163iunilor Unite, cer\u00e2nd mai multe sanc\u0163iuni \u00eempotriva Rusiei. Ministrul de Externe Pavlo Klimkin a avertizat c\u0103 Rusia ar putea planifica \u015fi \u201e<i>alte acte de agresiune<\/i>\u201c. De asemenea, Consiliul de Securitate \u015fi Ap\u0103rare al Ucrainei a recomandat pre\u015fedintelui instaurarea Legii mar\u0163iale, prin decret preziden\u0163ial, aprobat apoi de Parlament. Rada, parlamentul ucrainean, a aprobat Legea mar\u0163ial\u0103<a title=\"\" name=\"_ftnref1\"><\/a>[1] pe o perioad\u0103 de 30 de zile.<\/p>\n<blockquote><p>Pre\u015fedintele Vladimir Putin \u015fi pre\u015fedintele Petro Poro\u015fenko nu pot s\u0103-\u015fi ascund\u0103 ura reciproc\u0103 atunci c\u00e2nd se afl\u0103 \u00een aceea\u015fi camer\u0103 &#8211; dar sunt alia\u0163i naturali care se lupt\u0103 cu armele f\u0103r\u0103 scop militar sau strategic.<\/p><\/blockquote>\n<p>Deocamdat\u0103, factorii de decizie ucraineni se concentreaz\u0103 \u00een cea mai mare parte pe solu\u0163ii politice \u015fi diplomatice. Legea mar\u0163ial\u0103, potrivit pre\u015fedintelui Petro Poro\u015fenko,\u00a0<i>nu \u00eenseamn\u0103 o declara\u0163ie de r\u0103zboi \u00eempotriva Rusiei, este pur defensiv\u0103<\/i>. Atunci pe cine ajut\u0103? R\u0103m\u00e2ne o situa\u0163ie \u00een mod sigur neclar\u0103 sau pu\u0163in transparent\u0103. Odat\u0103 aprobat\u0103 Legea mar\u0163ial\u0103, efectul ei se r\u0103sfr\u00e2nge \u015fi asupra proceselor politice din \u0163ar\u0103, inclusiv asupra alegerilor preziden\u0163iale programate pentru aceast\u0103 prim\u0103var\u0103, \u00een luna martie. \u00cen mod oficial, exist\u0103 un motiv pentru care Kievul ar introduce legea mar\u0163ial\u0103 acum. Rusia a negat implicarea \u00een zonele de conflict din estul Ucrainei, acum, \u00eens\u0103, for\u0163ele ruse\u015fti au atacat deschis navele militare ucrainene, \u00eenc\u0103lc\u00e2nd tratatul bilateral. Poate fi aceast\u0103 ac\u0163iune interpretat\u0103 ca un act de r\u0103zboi? Depinde din ce parte prive\u015fti paharul\u00a0<i>umplut pe jum\u0103tate cu ap\u0103<\/i>.<\/p>\n<p>&nbsp;<\/p>\n<p>Poro\u015fenko, la fel ca Vladimir Putin, nu a reu\u015fit s\u0103 consolideze economia \u015fi s\u0103 reduc\u0103 corup\u0163ia (un oficial ucrainean a p\u0103r\u0103sit \u0163ara \u00een aceast\u0103 lun\u0103 c\u00e2nd au ie\u015fit la suprafa\u0163\u0103 dovezi ale lu\u0103rii de mit\u0103), <strong>singura solu\u0163ie fiind aceea a folosirii sentimentului patriotic al aleg\u0103torilor ucraineni<\/strong>. Sloganul s\u0103u de campanie este \u201eArmata, Limba, Credin\u0163a\u201c, iar agenda este una na\u0163ionalist\u0103, surprinz\u0103tor de dificil\u0103 pentru un\u00a0<i>magnat de cofet\u0103rie<\/i> care, p\u00e2n\u0103 de cur\u00e2nd, s-a implicat foarte mult \u00een afaceri cu Rusia. Din p\u0103cate pentru el, conform ultimelor sondaje, aceast\u0103 strategie na\u0163ionalist\u0103 nu func\u0163ioneaz\u0103, Petro Poro\u015fenko situ\u00e2ndu-se \u00een op\u0163iunile ucrainenilor dup\u0103 Iulia Timo\u015fenko \u015fi dup\u0103 produc\u0103torul \u015fi artistul Volodimir Zelenski.<\/p>\n<p>Luarea unei pozi\u0163ii \u00eempotriva Rusiei chiar \u00eenainte de alegeri <strong>ar putea sus\u0163ine \u015fansele lui Proro\u015fenko<\/strong>. Momentul raidului naval \u015fi al instaur\u0103rii Legii mar\u0163iale este foarte interesant. Pe de alt\u0103 parte, pre\u015fedintele rus Vladimir Putin, care \u00ee\u015fi pierde sus\u0163inerea acas\u0103 din cauza unor mi\u015fc\u0103ri nepopulare, cum ar fi cre\u015fterea v\u00e2rstei de pensionare, nu se opune unei escalad\u0103ri, fie \u015fi numai pentru a readuce \u00eenapoi sentimentul patriotic aprins de ocuparea Crimeea. Pre\u015fedintele Vladimir Putin \u015fi pre\u015fedintele Petro Poro\u015fenko nu pot s\u0103-\u015fi ascund\u0103 ura reciproc\u0103 atunci c\u00e2nd se afl\u0103 \u00een aceea\u015fi camer\u0103 &#8211; dar sunt alia\u0163i naturali care se lupt\u0103 cu armele f\u0103r\u0103 scop militar sau strategic.<\/p>\n<p>Niciunul nu este interesat de un r\u0103zboi total. Un conflict care ar implica cele dou\u0103 armate ar \u00eensemna o cre\u015ftere a num\u0103rului de mor\u0163i, ceea ce va fi contraproductiv scopului urm\u0103rit. Ambii lideri, \u00een opinia mea, vor\u00a0<i>z\u0103ng\u0103ni <\/i>armele, dar vor avea grij\u0103 s\u0103 nu ajung\u0103 la o situa\u0163ie precum cea din Georgia din 2008. Accidentele sunt totu\u015fi posibile.<\/p>\n<div>\n<hr size=\"1\" \/>\n<p><a title=\"\" name=\"_ftn1\"><\/a>[1]Rada Suprem\u0103 a Ucrainei a aprobat decretul pre\u015fedintelui Petro Poro\u015fenko privind instituirea Legii mar\u0163iale, pentru 30 de zile, \u00een regiunile situate la grani\u0163a cu Rusia. Legisla\u0163ia ucrainean\u0103 \u00een privin\u0163a legii mar\u0163iale permite instaurarea unei serii de limit\u0103ri, printre care restric\u0163ii privind libertatea de mi\u015fcare, adun\u0103rile publice \u015fi activitatea mass-media. \u00cen decretul lui Poro\u015fenko nu se specific\u0103, \u00eens\u0103, nimic despre astfel de restric\u0163ii. \u00cen schimb, sunt men\u0163ionate 11 m\u0103suri privind mobilizarea for\u0163elor armate de rezerv\u0103, organizarea ap\u0103r\u0103rii anti-aeriene a unor institu\u0163ii de stat importante, luarea de m\u0103suri pentru ap\u0103rare cibernetic\u0103 \u015fi asigurarea ordinii publice. Decretul pre\u015fedintelui ucrainean are \u015fi un al doisprezecelea punct, al c\u0103rui con\u0163inut nu a fost f\u0103cut public.<\/p>\n<\/div>\n<\/div>\n<\/div>\n<\/div>\n<\/div>\n","protected":false},"excerpt":{"rendered":"<p>Odat\u0103 cu apropierea alegerilor, pre\u015fedintele Petro Pro\u015fenko trebuie s\u0103 \u00eendep\u0103rteze aten\u0163ia aleg\u0103torilor de la gravele probleme economice ale \u0163\u0103rii \u015fi s\u0103 le \u00eendrepte c\u0103tre o criz\u0103 militar\u0103 cu Rusia. La cinci ani de la\u00a0Revolu\u0163ia demnit\u0103\u0163ii, Ucraina este cea mai s\u0103rac\u0103 \u0163ar\u0103 a Europei, cu o economie blocat\u0103 sub nivelul prerevolu\u0163ionar \u015fi f\u0103r\u0103 niciun fel de solu\u0163ie de a ie\u015fi din impas, \u00een timp ce oligarhii \u015fi oficialii corup\u0163i continu\u0103 spolierea ei. \u00cen schimb, ace\u015ftia clameaz\u0103 patriotismul \u015fi succesul \u00een a scoate Ucraina de pe orbita Rusiei. La fel ca pre\u015fedintele Poro\u015fenko, pre\u015fedintele rus Vladimir Putin \u00ee\u015fi pierde sprijinul acas\u0103 din cauza unor mi\u015fc\u0103ri nepopulare \u015fi vrea s\u0103 readuc\u0103 \u00een inimile [&hellip;]<\/p>\n","protected":false},"author":4,"featured_media":5616,"comment_status":"open","ping_status":"closed","sticky":false,"template":"","format":"standard","meta":{"footnotes":""},"categories":[74,71],"tags":[],"class_list":["post-5615","post","type-post","status-publish","format-standard","has-post-thumbnail","hentry","category-alexandru-grumaz-en","category-europerussia"],"_links":{"self":[{"href":"https:\/\/www.cass-ro.org\/en\/wp-json\/wp\/v2\/posts\/5615"}],"collection":[{"href":"https:\/\/www.cass-ro.org\/en\/wp-json\/wp\/v2\/posts"}],"about":[{"href":"https:\/\/www.cass-ro.org\/en\/wp-json\/wp\/v2\/types\/post"}],"author":[{"embeddable":true,"href":"https:\/\/www.cass-ro.org\/en\/wp-json\/wp\/v2\/users\/4"}],"replies":[{"embeddable":true,"href":"https:\/\/www.cass-ro.org\/en\/wp-json\/wp\/v2\/comments?post=5615"}],"version-history":[{"count":2,"href":"https:\/\/www.cass-ro.org\/en\/wp-json\/wp\/v2\/posts\/5615\/revisions"}],"predecessor-version":[{"id":5623,"href":"https:\/\/www.cass-ro.org\/en\/wp-json\/wp\/v2\/posts\/5615\/revisions\/5623"}],"wp:featuredmedia":[{"embeddable":true,"href":"https:\/\/www.cass-ro.org\/en\/wp-json\/wp\/v2\/media\/5616"}],"wp:attachment":[{"href":"https:\/\/www.cass-ro.org\/en\/wp-json\/wp\/v2\/media?parent=5615"}],"wp:term":[{"taxonomy":"category","embeddable":true,"href":"https:\/\/www.cass-ro.org\/en\/wp-json\/wp\/v2\/categories?post=5615"},{"taxonomy":"post_tag","embeddable":true,"href":"https:\/\/www.cass-ro.org\/en\/wp-json\/wp\/v2\/tags?post=5615"}],"curies":[{"name":"wp","href":"https:\/\/api.w.org\/{rel}","templated":true}]}}