{"id":5671,"date":"2019-03-22T13:22:39","date_gmt":"2019-03-22T11:22:39","guid":{"rendered":"http:\/\/www.cass-ro.org\/?p=5671"},"modified":"2019-04-26T13:25:52","modified_gmt":"2019-04-26T10:25:52","slug":"europa-framantarilor","status":"publish","type":"post","link":"https:\/\/www.cass-ro.org\/en\/europa-framantarilor\/","title":{"rendered":"Europa fr\u0103m\u00e2nt\u0103rilor!"},"content":{"rendered":"<div class=\"content\">\n<div class=\"moz-reader-content line-height4 reader-show-element\">\n<div id=\"readability-page-1\" class=\"page\">\n<div id=\"article-body\">\n<p>Pot spune f\u0103r\u0103 gre\u015f: ce s\u0103pt\u0103m\u00e2ni ciudate \u00een politica european\u0103. Rusia mut\u0103 un regiment de avioane strategice \u00een Crimeea la 15 km de Simferopol la baza militar\u0103 de la Gvardeiskoie. Bombardiere strategice modernizate TU 23M3, cu rachete de croazier\u0103 \u015fi posibilitatea de utilizare a rachetelor cu \u00eenc\u0103rc\u0103tur\u0103 nuclear\u0103, folosite \u00een serviciul pentru marina rus\u0103 (sunt 280 de avioane folosite de flotele din nordul \u015fi sudul Europei sau din Asia). TU23M3 este un avion cu geometrie variabil\u0103 codificat NATO-Backfire.<\/p>\n<p>Vor mai fi aduse SU-27SM (similar cu F-15 AMERICAN), MIG-29, avioane de bombardament tactic SU-34, avioane de cercetare Iliushin A-50, elicoptere Ka 27ASW (echipate pentru\u00a0\u00a0cercetare submarin\u0103) \u015fi Ka-52K. Crimeea a devenit o bul\u0103 de A2\/AD (anti-acces\/acces interzis) care acoper\u0103 \u00eentreaga Mare Neagr\u0103. Echipamente de r\u0103zboi electronic tip Murmansk-BN care supravegheaz\u0103 inclusiv str\u00e2mtorile Bosfor \u015fi Dardanele, rachete Bastion \u015fi Bal care pot atinge nave aflate la peste 400 de km \u00een larg, baterii S-300 \u015fi S-400 (4 batalioane care acoper\u0103 \u00eentreaga Ucrain\u0103 \u015fi Rom\u00e2nia p\u00e2n\u0103 spre Fete\u015fti), sisteme Iskander (care vor fi modificate s\u0103 loveasc\u0103 \u0163inte la 1000 km), sisteme de ap\u0103rare anti-aeriene de tipul Pant\u00e2r-S1 \u015fi Buk-M2 etc. De la 12.000 de militari, \u00een 2013, s-a ajuns la 32.000 de militari cu posibilitatea de a cre\u015fte la 46.000 p\u00e2n\u0103 \u00een 2020.<\/p>\n<p>Rusia a f\u0103cut la \u00eenceputul anului un exerci\u0163iu cu trageri reale cu bateriile S-400 \u00een Marea Neagr\u0103 \u015fi continu\u0103 acest program de exerci\u0163ii, de cele mai multe ori, f\u0103r\u0103 s\u0103 notifice manevrele efectuate. Marea majoritate a tehnicii a fost folosit\u0103 \u015fi \u00een opera\u0163iunile din Siria. \u015ei poate mai important dec\u00e2t orice este modernizarea fostei baze sovietice de la Feodosia, unde erau depozitate focoase nucleare, baz\u0103 ap\u0103rat\u0103 actualmente de un batalion de S-400.<\/p>\n<p><b>Ce vrea Rusia?<\/b> \u201e<i>Se pare c\u0103 Rusia instituie o\u00a0<b>Cortin\u0103 de fier<\/b> \u00een Marea Neagr\u0103\u201c<\/i> &#8211; a\u015fa cum spunea fostul SACEUR, generalul american Ben Hodge &#8211; \u015fi continua cu recomandarea, de altfel corect\u0103: \u201e<i>To\u0163i trebuie s\u0103 fim cu ochii larg deschi\u015fi<\/i>\u201c. Rusia ac\u0163ioneaz\u0103 ca \u015fi cum ar fi \u00een stare de r\u0103zboi.\u00a0<b>Mare incertitudine \u00een zona noastr\u0103 \u015fi pu\u0163ini prieteni!<\/b> Asta se \u00eent\u00e2mpl\u0103 la grani\u0163a de est a NATO \u015fi a UE.<\/p>\n<p>\u00cen UE au fost scuze din partea prim-ministrului ungar Viktor Orban pentru colegii de partid din \u0163ara natal\u0103, pe care i-a ofensat \u015fi din partea pre\u015fedintelui Parlamentului European, Antonio Tajani, pentru comentariile pe care le-a f\u0103cut despre Mussolini. La Londra, incertitudinile referitoare la Brexit continu\u0103. Totul este \u00eenv\u0103luit de\u00a0<i>cea\u0163a londonez\u0103<\/i>. La Bruxelles, pre\u015fedintele Consiliului European &#8211; Donald Tusk &#8211; a anu\u0163at clar c\u0103 prelungirea Brexitului se va face doar dac\u0103 englezi vor face un nou referendum referitor la r\u0103m\u00e2nere\/ie\u015firea din UE. \u201eAp<i>artenen\u0163a Regatului Unit al Marii Britanii si Irlandei de Nord la Uniunea Europeana se va incheia la 1 iulie, dac\u0103 na\u0163iunea nu va participa la alegerile europarlamentare din luna mai<\/i>\u201c, ar\u0103ta un proiect de document distribuit la o reuniune a ambasadorilor \u0163\u0103rilor UE \u00eenaintea summitului Consiliului European din 21-22 martie<a title=\"\" name=\"_ftnref1\"><\/a>[1]. \u201e<i>Guvernul britanic trebuie sa ofere o solu\u0163ie clar\u0103<\/i>\u201c, a transmis Biroul pre\u015fedintelui Emmanuel Macron. \u201e<i>F\u0103r\u0103 claritate, nu este posibil\u0103 nicio solu\u0163ie<\/i>\u201c, a subliniat Biroul lui Emmanuel Macron, explic\u00e2nd c\u0103 dac\u0103 actualul proiect de Acord Brexit va fi respins, trebuie prezentat \u201e<i>un plan alternativ clar<\/i>\u201c, altfel Marea Britanie va ie\u015fi din Uniunea Europeana f\u0103r\u0103 niciun acord.<\/p>\n<p>Sistemul\u00a0<i>Spitzenkandidat<\/i> pentru alegerea urm\u0103torului pre\u015fedinte al Comisiei Europene este, de asemenea, \u00een dificultate deoarece sunt grupuri politice, nu majoritare, care boicoteaz\u0103 aceste alegeri sub diferite forme. Partidele \u00eencep\u00e2nd cu grupul liberal ALDE \u015fi p\u00e2n\u0103 la Europa Na\u0163iunilor \u015fi a Libert\u0103\u0163ii, al lui Matteo Salvini, refuz\u0103 s\u0103 aleag\u0103 un candidat principal, \u00een timp ce Alian\u0163a Liber\u0103 European\u0103 a ales drept candidat un politician condamnat &#8211; Oriol Junqueras, fostul vicepre\u015fedinte catalan aflat \u00een deten\u0163ie.<\/p>\n<p>La Paris, pre\u015fedintele Emmanuel Macron a publicat un\u00a0<b>manifest\u00a0<\/b>adresat \u201ecet\u0103\u0163enilor Europei\u201c. Acesta propune o serie de politici la nivel european<a title=\"\" name=\"_ftnref2\"><\/a>[2]. R\u0103spunsul Berlinului la ini\u0163iativa pre\u015fedintelui Macron pentru ca Fran\u0163a \u015fi Germania s\u0103 \u201ereorganizeze \u00eempreun\u0103 UE\u201d nu a venit de la cancelarul german Angela Merkel, ci de la Annegret Kramp-Karrenbauer. KK, cum este poreclit\u0103, este succesoarea Cancelarului Merkel la \u015fefia Uniunii Cre\u015ftin-Democrate \u015fi posibil viitor Cancelar al Germaniei. Diferen\u0163ele dintre viziunile lui Macron \u015fi a lui Kramp-Karrenbauer referitoare la Europa sunt semnificative. Pre\u015fedintele Macron dore\u015fte s\u0103\u00a0<i>seduc\u0103 <\/i>electoratul european prin crearea de noi agen\u0163ii europene \u015fi prin extinderea grani\u0163elor reglement\u0103rii \u015fi a solidarit\u0103\u0163ii europene asupra problemelor fierbin\u0163i, cum ar fi schimb\u0103rile climatice, migra\u0163ia \u015fi politica social\u0103 &#8211; chiar dac\u0103 aceasta risc\u0103 s\u0103\u00a0<i>alieneze <\/i>unele state membre. De asemenea, vrea s\u0103 combat\u0103 concuren\u0163a agresiv\u0103 chinez\u0103 \u015fi american\u0103 cu un nou interven\u0163ionism \u015fi protec\u0163ionism \u00een cadrul UE. R\u0103spunsul lui Kramp-Karrenbauer este sceptic \u015fi nu reflect\u0103 pur \u015fi simplu numai preferin\u0163ele germane, ele fiind \u00eemp\u0103rt\u0103\u015fite \u015fi de alte c\u00e2teva state membre din nordul \u015fi din estul Europei. Ea prefer\u0103 ca pie\u0163ele libere s\u0103 conduc\u0103 \u015fi este precaut\u0103 s\u0103 transfere puterea de la guvernele na\u0163ionale la institu\u0163iile UE. Iar r\u0103spunsul s\u0103u la apelurile lui Macron pentru un salariu minim european \u015fi crearea de sisteme paneuropene de securitate social\u0103 este gratulat\u0103 cu un \u201eNein\u201d!<\/p>\n<p>Acum, pre\u015fedintele francez \u015fi pre\u015fedinta CDU, Kramp-Karrenbauer, stabilesc ceea ce se poate numi cel de-al patrulea scenariu pentru o Europ\u0103 unit\u0103. Primul a fost despre pace; al doilea, despre prosperitatea; \u015fi al treilea despre transformare democratic\u0103. Acest al patrulea scenariu se refer\u0103 la protec\u0163ia a ceea ce domnul Macron nume\u015fte \u201eciviliza\u0163ie european\u0103\u201c, iar doamna Kramp-Karrenbauer o nume\u015fte \u201emodul european de via\u0163\u0103\u201c adic\u0103 mai pe \u00een\u0163elesul tuturor: democra\u0163ia reprezentativ\u0103, statul de drept, libertatea individual\u0103 \u015fi economia social\u0103 de pia\u0163\u0103. Ei vorbesc, cu alte cuvinte, despre p\u0103strarea realiz\u0103rilor extraordinare de trei sferturi de secol pe un continent care a fost r\u0103nit de dou\u0103 R\u0103zboaie Mondiale cu milioane de victime<a title=\"\" name=\"_ftnref3\"><\/a>[3].<\/p>\n<h2>Acord secret Germania-Fran\u0163a, anex\u0103 la Tratatul de la Elysee<\/h2>\n<p>Fran\u0163a \u015fi Germania au pus deoparte diferen\u0163ele oficiale \u015fi au re\u00eennoit acordul lor de prietenie prin Tratatul de la Elysee semnat la Aachen. Dar convergen\u0163a lor a venit dup\u0103 mai multe \u00eencerc\u0103ri e\u015fuate \u015fi dup\u0103 semnarea unui\u00a0<b>acord secret, <\/b>anex\u0103 la tratat, \u00eentre cele dou\u0103 p\u0103r\u0163i. \u00centr-adev\u0103r, \u00een ciuda ceremoniei fastuoase \u015fi plin\u0103 de mesaje subliminale de la Aachen, diferen\u0163ele fundamentale dintre germani \u015fi francezi au fost la un pas s\u0103 \u00eempiedice redactarea acordul. Cele dou\u0103 \u0163\u0103ri se confrunt\u0103 cu dificult\u0103\u0163i \u00eentr-un domeniu care este deosebit de important pentru viitorul Europei: crearea unei ap\u0103r\u0103ri comune \u015fi a unor politici comune privind exporturile de arme \u00een \u015fi c\u0103tre ter\u0163i non-europeni. De-a lungul istoriei Uniunii Europene, Germania \u015fi Fran\u0163a au servit \u00eentotdeauna at\u00e2t ca lideri, c\u00e2t \u015fi ca for\u0163\u0103 motrice a proiectului european. Cooperarea str\u00e2ns\u0103 \u00eentre cele dou\u0103 \u0163\u0103ri este ast\u0103zi mai important\u0103 dec\u00e2t oric\u00e2nd pentru a contracara totul, de la atacurile populi\u015ftilor de dreapta, la subversiunea ruseasc\u0103 \u015fi la amenin\u0163\u0103rile americane de a impune tarife de import pentru bunurile europene &#8211; f\u0103r\u0103 s\u0103 mai men\u0163ion\u0103m haosul creat de Brexit, care amenin\u0163\u0103 s\u0103 \u00eenghit\u0103 stabilitatea economic\u0103 \u015fi financiar\u0103 a Europei.<\/p>\n<p>Criza a \u00eenceput acum mai bine de un an, c\u00e2nd Macron \u015fi-a prezentat viziunea pentru Europa \u00eentr-un discurs de la Universitatea Sorbonne din Paris &#8211; \u015fi nu a primit un r\u0103spunsul din partea Berlinului. De atunci, cei doi parteneri s-au certat, lupt\u00e2nd peste tot, de la un bugetul comun pentru zona euro la detaliile impozitului pentru serviciile digitale pentru principalele companii tehnologice precum Google \u015fi Apple p\u00e2n\u0103 la limitele de emisie pentru dioxidul de carbon. \u00cen plus, aspira\u0163iile Germaniei de a deveni membru permanent al Consiliului de Securitate al Organiza\u0163iei Na\u0163iunilor Unite sunt sus\u0163inute numai cu\u00a0<i>jum\u0103tate de gur\u0103<\/i> de Fran\u0163a. Nord Stream 2 a ap\u0103rut dintr-o dat\u0103 ca un conflict deschis, de\u015fi francezii au fost mult timp neutri fa\u0163\u0103 de proiect. Nord Stream 2 simbolizeaz\u0103 lipsa total\u0103 de \u00een\u0163elegere reciproc\u0103 \u00eentre ambele \u0163\u0103ri \u015fi c\u00e2t de divergente sunt abord\u0103rile politice ale celor doi parteneri.<\/p>\n<p>De asemenea, acest lucru este evident \u00een conflictul privind o politic\u0103 comun\u0103 \u00een domeniul securit\u0103\u0163ii \u015fi al exporturilor de arme. Au fost discu\u0163ii recente despre \u201eautonomia strategic\u0103\u201c a Europei, care este obiectivul oficial al politicii de ap\u0103rare a UE. Dac\u0103 importan\u0163a NATO va sc\u0103dea, Germania \u015fi Fran\u0163a nu au de ales dec\u00e2t s\u0103 coopereze \u00eentre ele, a\u015fa cum cunosc foarte bine func\u0163ionarii de la Paris \u015fi Berlin. C\u00e2nd vine vorba de probleme de securitate, germanii \u00eentotdeauna reac\u0163ioneaz\u0103 ini\u0163ial cu re\u0163inere, iar misiunile militare ale for\u0163elor armate germane, Bundeswehr, sunt privite ca o ultim\u0103 solu\u0163ie. \u00cen schimb, Fran\u0163a se vede ca o putere global\u0103 capabil\u0103 s\u0103 restabileasc\u0103 ordinea \u00een \u00eentreaga lume, iar Parisul \u00ee\u015fi vede armata ca pe un instrument natural al politicii externe. Aceste opinii diametral opuse contrazic \u015fi problema exporturilor de arme. Fran\u0163a vede v\u00e2nzarea de arme, chiar \u015fi unor clien\u0163i problematici precum Arabia Saudit\u0103, ca o politic\u0103 perfect justificat\u0103 \u00een ap\u0103rarea intereselor na\u0163ionale &#8211; cu alte cuvinte, o ra\u0163iune de stat (<i>raison d&#8217;\u00e9tat<\/i>). Germania, pe de alt\u0103 parte, impune limite mult mai restrictive asupra exporturilor de echipamente militare.<\/p>\n<p>\u00cenainte de semnarea acordului de la Aachen, diploma\u0163ii \u015fi secretarii de stat de la Paris \u015fi Berlin au dezb\u0103tut luni de zile problema dac\u0103 reglement\u0103rile germane stricte privind v\u00e2nz\u0103rile de arme la nivel mondial ar trebui s\u0103 se aplice \u015fi proiectelor de ap\u0103rare franco-germane comune. Ei au trebuit \u00een cele din urm\u0103 s\u0103 recurg\u0103 la un acord secret, semnat la \u00eenceputul anului, pentru a putea semna tratatul final. Acest lucru a fost evident o\u00a0<i>copie\u00a0<\/i>a acordului Schmidt-Debr\u00e9, semnat \u00een 1972 de ministrul german al Ap\u0103r\u0103rii &#8211; \u015fi mai t\u00e2rziu cancelarul german Helmut Schmidt \u015fi omologul s\u0103u francez, Michel Debr\u00e9. Acordul prevedea c\u0103 nici una dintre p\u0103r\u0163i nu ar putea bloca exportul de sisteme de arme dezvoltate \u00een comun. \u00cen mod similar, acordul Merkel-Macron prevede c\u0103, prin proiecte comune, niciunul din guverne nu ridic\u0103 obiec\u0163ii fa\u0163\u0103 de exporturile celeilalte p\u0103r\u0163i. \u201e<i>P\u0103r\u0163ile nu se vor opune unui transfer sau export \u00eentr-o \u0163ar\u0103 ter\u0163\u0103 propus\u0103 de unul dintre statele cooperante<\/i>\u201c, dup\u0103 cum se men\u0163ioneaz\u0103 \u00een prima clauz\u0103 a documentului de dou\u0103 pagini, \u201e<i>cu excep\u0163ia situa\u0163iilor excep\u0163ionale \u00een care interesele lor directe sau securitatea na\u0163ionale sunt compromise<\/i>\u201c. Aceasta reprezint\u0103 o concesie enorm\u0103 a germanilor. Ofer\u0103 Fran\u0163ei o surprinz\u0103toare libertate de a face afaceri cu sisteme de arme dezvoltate \u00een comun, \u00een viitor, cum ar fi tancul franco-german sau noul avion de lupt\u0103.<\/p>\n<blockquote><p>Tratatul semnat la Aachen, \u00eempreun\u0103 cu acordul s\u0103u secret, ar putea deveni \u00een cur\u00e2nd un simplu armisti\u0163iu temporar.<\/p><\/blockquote>\n<p>Cu toate acestea, termenul \u201e<i>interese directe<\/i>\u201c permite o marj\u0103 de interpretare suficient\u0103 pentru un drept la un veto german. \u015ei ce se \u00eent\u00e2mpl\u0103 dac\u0103 cele dou\u0103 p\u0103r\u0163i nu sunt de acord? Acordul este extrem de neclar din acest punct de vedere.<\/p>\n<p>\u00cen cazul unui litigiu, Berlinul sau Parisul trebuie s\u0103 \u201e<i>informeze cealalt\u0103 parte c\u00e2t mai cur\u00e2nd posibil, \u00een cel mult dou\u0103 luni de la aflarea transferului sau exportului propus. P\u0103r\u0163ile vor lansa imediat consult\u0103ri la nivel \u00eenalt pentru a identifica solu\u0163ii adecvate<\/i>\u201c. A\u015fa, \u00een ultimul moment, s-a semnat Tratatul de la Aachen datorit\u0103 acestei anexe care nu mai este secret\u0103 acum. \u015ei totu\u015fi, chiar \u00een aceste condi\u0163ii, Germania \u015fi Fran\u0163a merg \u00een direc\u0163ii divergente \u00een ceea ce prive\u015fte politica de securitate, \u00een ciuda tuturor declara\u0163iilor care ne spun c\u0103 cele dou\u0103 inten\u0163ioneaz\u0103 s\u0103 conlucreze mai str\u00e2ns.<\/p>\n<p>\u00cen timp ce germanii doresc s\u0103 faciliteze opera\u0163iunile militare europene comune pe termen mediu, pre\u015fedintele Macron se implic\u0103 \u00een g\u00e2ndirea pe termen scurt. El urm\u0103re\u015fte o preg\u0103tire militar\u0103 permanent\u0103, chiar \u015fi \u00een afara mandatului NATO \u015fi al UE. Cancelarul Merkel, pe de alt\u0103 parte, prefer\u0103 s\u0103 foloseasc\u0103 canalele diplomatice \u00een situa\u0163ii de criz\u0103. C\u00e2nd vine vorba despre opera\u0163iunile militare din str\u0103in\u0103tate, Germania continu\u0103 s\u0103 fie diferit\u0103 \u00een luarea deciziilor fa\u0163\u0103 de alte na\u0163iuni, deoarece Bundestagul trebuie s\u0103 aprobe fiecare misiune extern\u0103. \u00cen consecin\u0163\u0103, alia\u0163ii s\u0103i nu se mai deranjeaz\u0103, de multe ori, s\u0103 \u00eentrebe Berlinul. C\u00e2nd SUA, Fran\u0163a \u015fi Marea Britanie au decis s\u0103 lanseze atacuri aeriene \u00eempotriva regimului Assad \u00een urma atacului chimic asupra ora\u015fului Douma din Siria, \u00een luna aprilie a anului trecut, nici m\u0103car nu i-au mai invitat pe germanii s\u0103 participe la misiune.<\/p>\n<p><b>Tratatul semnat la Aachen, \u00eempreun\u0103 cu acordul s\u0103u secret, ar putea deveni \u00een cur\u00e2nd un simplu armisti\u0163iu temporar.<\/b><\/p>\n<div>\n<hr size=\"1\" \/>\n<p><a title=\"\" name=\"_ftn1\"><\/a>[1] Documentul a fost elaborat \u00een contextul \u00een care Guvernul Theresa May se preg\u0103te\u015fte s\u0103 solicite oficial am\u00e2narea ie\u015firii Marii Britanii din Uniunea Europeana.<\/p>\n<p><a title=\"\" name=\"_ftn2\"><\/a>[2] Documentul fiind publicat \u00een 28 de ziare de pe cuprinsul Uniunii Europene<\/p>\n<p><a title=\"\" name=\"_ftn3\"><\/a>[3] Totu\u015fi, pentru a fi credibil\u0103, aceast\u0103 impulsionare pragmatic\u0103 pentru o Europ\u0103 mai puternic\u0103 trebuie s\u0103 evite trei capcane.\u00a0<b>Prima este ipocrizia<\/b>: modul \u00een care membrii Uniunii trateaz\u0103 cu cei de la Huawei sau Gazprom.\u00a0<b>Al doilea pericol este oportunismul<\/b>. Valorile europene trebuie, de asemenea, s\u0103 fie ap\u0103rate \u00eempotriva autoritarilor din interiorul acestora ajun\u015fi la putere (vezi cazurile Ungariei \u015fi al Rom\u00e2niei). <b>Capcana final\u0103 <\/b>se afl\u0103 mai\u00a0<i>aproape de cas\u0103<\/i>. Dl Macron \u00eencearc\u0103 s\u0103 remedieze problemele Fran\u0163ei, \u00een timp ce Germania se uit\u0103 la un deceniu de subinvesti\u0163ii \u00een infrastructur\u0103, competitivitate \u015fi ap\u0103rare. Acestea sunt provoc\u0103rile pe care trebuie s\u0103 le \u00eendeplineasc\u0103 dac\u0103 Europa vrea s\u0103 fie parte \u00een noua ordine mondial\u0103.<\/p>\n<\/div>\n<\/div>\n<\/div>\n<\/div>\n<\/div>\n","protected":false},"excerpt":{"rendered":"<p>Pot spune f\u0103r\u0103 gre\u015f: ce s\u0103pt\u0103m\u00e2ni ciudate \u00een politica european\u0103. Rusia mut\u0103 un regiment de avioane strategice \u00een Crimeea la 15 km de Simferopol la baza militar\u0103 de la Gvardeiskoie. Bombardiere strategice modernizate TU 23M3, cu rachete de croazier\u0103 \u015fi posibilitatea de utilizare a rachetelor cu \u00eenc\u0103rc\u0103tur\u0103 nuclear\u0103, folosite \u00een serviciul pentru marina rus\u0103 (sunt 280 de avioane folosite de flotele din nordul \u015fi sudul Europei sau din Asia). TU23M3 este un avion cu geometrie variabil\u0103 codificat NATO-Backfire. Vor mai fi aduse SU-27SM (similar cu F-15 AMERICAN), MIG-29, avioane de bombardament tactic SU-34, avioane de cercetare Iliushin A-50, elicoptere Ka 27ASW (echipate pentru\u00a0\u00a0cercetare submarin\u0103) \u015fi Ka-52K. Crimeea a devenit o [&hellip;]<\/p>\n","protected":false},"author":4,"featured_media":5670,"comment_status":"open","ping_status":"closed","sticky":false,"template":"","format":"standard","meta":{"footnotes":""},"categories":[74,71],"tags":[],"class_list":["post-5671","post","type-post","status-publish","format-standard","has-post-thumbnail","hentry","category-alexandru-grumaz-en","category-europerussia"],"_links":{"self":[{"href":"https:\/\/www.cass-ro.org\/en\/wp-json\/wp\/v2\/posts\/5671"}],"collection":[{"href":"https:\/\/www.cass-ro.org\/en\/wp-json\/wp\/v2\/posts"}],"about":[{"href":"https:\/\/www.cass-ro.org\/en\/wp-json\/wp\/v2\/types\/post"}],"author":[{"embeddable":true,"href":"https:\/\/www.cass-ro.org\/en\/wp-json\/wp\/v2\/users\/4"}],"replies":[{"embeddable":true,"href":"https:\/\/www.cass-ro.org\/en\/wp-json\/wp\/v2\/comments?post=5671"}],"version-history":[{"count":2,"href":"https:\/\/www.cass-ro.org\/en\/wp-json\/wp\/v2\/posts\/5671\/revisions"}],"predecessor-version":[{"id":5673,"href":"https:\/\/www.cass-ro.org\/en\/wp-json\/wp\/v2\/posts\/5671\/revisions\/5673"}],"wp:featuredmedia":[{"embeddable":true,"href":"https:\/\/www.cass-ro.org\/en\/wp-json\/wp\/v2\/media\/5670"}],"wp:attachment":[{"href":"https:\/\/www.cass-ro.org\/en\/wp-json\/wp\/v2\/media?parent=5671"}],"wp:term":[{"taxonomy":"category","embeddable":true,"href":"https:\/\/www.cass-ro.org\/en\/wp-json\/wp\/v2\/categories?post=5671"},{"taxonomy":"post_tag","embeddable":true,"href":"https:\/\/www.cass-ro.org\/en\/wp-json\/wp\/v2\/tags?post=5671"}],"curies":[{"name":"wp","href":"https:\/\/api.w.org\/{rel}","templated":true}]}}