{"id":5765,"date":"2019-10-10T20:10:27","date_gmt":"2019-10-10T17:10:27","guid":{"rendered":"http:\/\/www.cass-ro.org\/?p=5765"},"modified":"2019-11-11T20:18:13","modified_gmt":"2019-11-11T18:18:13","slug":"lungul-drum-al-armatei-romane-catre-secolul-xxi","status":"publish","type":"post","link":"https:\/\/www.cass-ro.org\/en\/lungul-drum-al-armatei-romane-catre-secolul-xxi\/","title":{"rendered":"Lungul drum al Armatei Rom\u00e2ne c\u0103tre secolul XXI"},"content":{"rendered":"\n<p>\n\t\u00cen 1916, Armata Rom\u00e2niei a intrat \u00een lupt\u0103 dotat\u0103 70% cu pu\u015fti r\u0103mase \nde la R\u0103zboiul de Independen\u0163\u0103 din 1877. Un sfert de secol mai t\u00e2rziu, \n\u00een 1941, avea armament din Primul R\u0103zboi Mondial. Dac\u0103 ast\u0103zi ar avea \nloc un r\u0103zboi conven\u0163ional, Rom\u00e2nia ar trebui s\u0103 se bazeze, din nou, pe \ntehnic\u0103 mai veche de 30 de ani, iar \u00een unele sectoare chiar mai veche de\n 40 de ani.&nbsp;<\/p>\n\n\n\n<p>\n\tNu putem trece cu vederea realizarea de c\u0103tre Rusia a unei \n\u201eCortine de fier\u201d \u00een Marea Neagr\u0103, cuprinz\u00e2nd o zon\u0103 A2\/AD (anti \nacces\/acces interzis) pozi\u0163ionat\u0103 \u00een Crimeea. Nu putem trece cu vederea \nexerci\u0163iile, notificate sau nu, tot mai agresive efectuate de Federa\u0163ia \nRus\u0103 la Marea Neagr\u0103 ori amenin\u0163\u0103rile asimetrice din teatrele de lupt\u0103 \n\u00een care militarii rom\u00e2ni particip\u0103 al\u0103turi de alia\u0163ii NATO. S\u0103 nu uit\u0103m \nca Rusia a fost prima \u0163ar\u0103 care a bombardat rafin\u0103riile din Ploie\u015fti \u015fi \nnu Alia\u0163ii \u00een timpul celui de-al Doilea R\u0103zboi Mondial, mai exact \u00een \n1941, \u015fi au fost la un pas s\u0103 distrug\u0103 Constan\u0163a \u00eentr-un atac de pe mare\n cu o grupare de lupt\u0103 condus\u0103 de cruci\u015f\u0103torul Voro\u015filov. Printre cele \n\u015fase distrug\u0103toare, dou\u0103 Moskva \u015fi Kharkov au fost \u00een prima linie a \nluptei. La finalul luptei unul a fost scufundat \u015fi cel\u0103lalt lovit de \nartileria de coast\u0103. Rom\u00e2nia avea cu ce lupta la ora aceea, avea \ninclusiv submarine.&nbsp;<\/p>\n\n\n\n<h3 class=\"wp-block-heading\"> Ofensiva rus\u0103 \u00een flancul estic al NATO \u00a0<\/h3>\n\n\n\n<p>\n\tUn scurt excurs geopolitic pentru politicienii no\u015ftri care nu \n\u00een\u0163elg sau nu vor s\u0103 \u00een\u0163eleag\u0103&nbsp;pericolul la care este expus\u0103 Rom\u00e2nia. \u00cen\n perioada recent\u0103 a avut loc o resuscitare important\u0103 a activit\u0103\u0163ii \nruse\u015fti \u00een Belarus, Moldova \u015fi Ucraina. Pe frontul Ucrainei, \npre\u015fedintele rus Vladimir Putin a reu\u015fit s\u0103 stabileasc\u0103 agenda, \nconving\u00e2ndu-l pe omologul s\u0103u francez, pre\u015fedintele Emmanuel Macron s\u0103 \nsprijine a\u015fa-numita Formul\u0103 Steinmeier. Este vorba de o secven\u0163iere a \nacordului de la Minsk \u00een cadrul urm\u0103torului Summit Normandia (Ucraina, \nRusia, Fran\u0163a, Germania). \u00cen Moldova, Moscova exploreaz\u0103 un aranjament \npolitic favorabil, \u00een care pre\u015fedintele pro-rus al Moldovei, Igor Dodon,\n dob\u00e2nde\u015fte cu abilitate puterea executiv\u0103 informal\u0103 nerestric\u0163ionat\u0103 \nsub pretextul \u201ede-oligarhiz\u0103rii\u201d sus\u0163inute de europeni. Acest lucru este\n posibil datorit\u0103 unui gol de putere emergent \u00een estul Europei care \nrezult\u0103 din retragerea de facto a Statelor Unite din regiune \u015fi din \nincapacitatea Uniunii Europene de a p\u0103\u015fi \u00een zon\u0103.<\/p>\n\n\n\n<p> <em>Cazul moldovean este deosebit de ilustrativ atunci c\u00e2nd vine  vorba de explicarea furtunoasei ofensive ruse\u015fti \u00een flancul estic al  NATO.<\/em>\u00a0Aceasta se bazeaz\u0103, \u00een principal, pe promovarea \u015fi instalarea  alia\u0163ilor politici locali, a c\u0103ror rol este de a accepta agenda Moscovei  \u00een numele \u0163\u0103rilor \u0163int\u0103 \u015fi de a aplica mitul suveranit\u0103\u0163ii pe care  Rusia \u00eel promoveaz\u0103. \u00cent\u00e2lnirea interguvernamental\u0103 din 18 septembrie,  un for economic economic moldo-rus, a reunit aproximativ 1.500 de  participan\u0163i, inclusiv pe vicepremierul rus Dmitry Kozak, oficiali din  diverse regiuni ruse \u015fi politicieni din \u0163\u0103rile UE care caut\u0103 rela\u0163ii  apropiate de Rusia. Partea rus\u0103 a fost condus\u0103 de ministrul  Agriculturii, Dmitri Patrushev, fiul lui Nikolai Patrushev, care este un  fost \u015fef al Serviciului Federal de Securitate (FSB) rus \u015fi secretarul  actual al Consiliului de Securitate al Federa\u0163iei Ruse. \u00cen urma acestor  evenimente, revista rus\u0103 Kommersant l-a \u00eentrebat pe pre\u015fedintele Dodon\u00a0<em>dac\u0103 Moldova ar fi dispus\u0103 s\u0103 v\u00e2nd\u0103 diverse active strategice companiilor ruse<\/em>.  \u00centrebarea s-a referit \u00een special la dou\u0103 facilit\u0103\u0163i: Portul  Giurgiule\u015fti, pe fluviul Dun\u0103rea, care leag\u0103 Moldova altfel de Marea  Neagr\u0103, precum \u015fi Aeroportul Interna\u0163ional Chi\u015fin\u0103u. Av\u00e2nd \u00een vedere  structura economiei Moldovei \u015fi dimensiunea redus\u0103 a \u0163\u0103rii, c\u00e2teva  corpora\u0163ii str\u0103ine ar putea \u00eempinge cu u\u015furin\u0163\u0103 acest stat din Europa de  Est \u00een turbulen\u0163e sociale sau s\u0103 perturbe alegerile na\u0163ionale, de  exemplu prin pr\u0103bu\u015firea artificial\u0103 a pie\u0163elor locale.\u00a0<em>Controlul  asupra porturilor maritime \u015fi aeriene ar permite Rusiei s\u0103 mute \u00een mod  sigur trupele \u015fi echipamentele militare \u00een Moldova, care este altfel  dificil\u0103 datorit\u0103 izol\u0103rii \u0163\u0103rii de Ucraina care se afl\u0103 \u00eentre Chi\u015fin\u0103u  \u015fi Moscova.<\/em><\/p>\n\n\n\n<h3 class=\"wp-block-heading\"> Dotarea Armatei Rom\u00e2ne \u00a0<\/h3>\n\n\n\n<p>\n\t\u00cen acest moment, starea echip\u0103rii armatei rom\u00e2ne este \n\u00eengrijor\u0103toare. Am primit numai promisiuni de\u015farte de-a lungul a 30 de \nani. \u00cemi aduc aminte de ceea ce spunea romancierul fost reporter de \nr\u0103zboi, laureat al premiului&nbsp;Nobel pentru literatur\u0103, Ernest Hemingway: \u201e<em>C\u00e2nd te treze\u015fti, \u00eencearc\u0103 s\u0103-\u0163i respec\u0163i promisiunile f\u0103cute la be\u0163ie. Astfel vei \u00eenv\u0103\u0163a s\u0103-\u0163i \u0163ii gura<\/em>\u201d.<\/p>\n\n\n\n<p>\n\tNe lipse\u015fte aproape \u00een totalitate tehnica de lupt\u0103 modern\u0103, iar \npe anumite paliere ne lipse\u015fte tehnica de lupt\u0103 cu totul, astfel, avem \n\u00eenc\u0103 \u00een dotare tancuri T 55 ca tanc principal de lupt\u0103 (un tanc bun \npentru mijlocul anilor 1960), avem \u00eenc\u0103 \u00een dotare transportoare blindate\n TAB-60, TAB-71, avem o ap\u0103rare antiaerian\u0103 bazat\u0103 pe sisteme din anii \n1960 \u015fi 1970 ai secolului trecut, fiind mai mult decorativ\u0103, nu avem \nsuficiente camioane militare, nu avem suficiente ma\u015fini blindate 4\u00d74, \navem \u00een flota nave care nu prea pot s\u0103 fac\u0103 mare lucru \u00een caz de criz\u0103 \n(ultima corveta primit\u0103 de marin\u0103 a fost \u00een 1986 o nava de produc\u0163ie \nsovietic\u0103) iar fregatele T22R nu sunt dotate cu echipamentele militare \nnecesare unei lupte navale, nu avem suficiente avioane de lupt\u0103, nu avem\n elicoptere moderne (de atac sau multirol), nu de\u0163inem suficiente drone,\n nu avem artilerie modern\u0103 (folosim \u00een continuare doar tunuri tractate),\n nu avem rachete tactice cu raza medie \u015fi lung\u0103, dotarea infanteriei \neste departe de standardele NATO.&nbsp;<\/p>\n\n\n\n<p>\n\tC\u00e2teva zeci de tancuri relativ moderne \u015fi blindate mai noi \nPiranha care au venit acum c\u00e2\u0163iva ani, apoi achizi\u0163ionarea unui sistem \nPatriot \u015fi a unui sistem HIMARS, \u00een rest sute \u015fi sute de tancuri, \ntransportoare, tunuri \u015fi arme \u00eenvechite, dep\u0103\u015fite tehnic \u015fi uzate moral &#8211;\n a\u015fa arat\u0103 radiografia dur\u0103 la zi a For\u0163elor Terestre, principala \ncategorie militar\u0103 a Armatei Rom\u00e2ne. Pe alocuri mai g\u0103sim \u015fi echipamente\n noi, \u00eens\u0103 per total prea pu\u0163in pentru&nbsp;<strong>armata celui de-al zecelea membru ca m\u0103rime din NATO<\/strong>.&nbsp;<em>Noile\n achizi\u0163ii&nbsp;&nbsp;s-au l\u0103sat a\u015fteptate, blindatele moderne vin cu \u0163\u00e2r\u00e2ita, noi\n arme de asalt \u015fi muni\u0163ie standard cu cea a alian\u0163ei \u00eenc\u0103 sunt doar \nici-colo implementate, iar perspectiva unui nou \u015fi modern tanc principal\n de lupt\u0103 e deocamdat\u0103 neclar\u0103.<\/em><\/p>\n\n\n\n<p>\n\tRom\u00e2nia a construit 14.000 de transportoare pentru armata \nsovietic\u0103. \u0162\u0103rile din Tratatul de la Var\u015fovia erau echipate cu \ntransportoare fabricate \u00een Rom\u00e2nia, la Moreni. C\u00e2nd s-a desfiin\u0163at \narmata Germaniei de Est, aceste transportoare au fost donate de Germania\n Turciei. \u015ei din anii 90, \u00eei vedea\u0163i pe turci umbl\u00e2nd cu transportoare \nrom\u00e2ne\u015fti. Ce au f\u0103cut politicienii? Au l\u0103sat fabrica la nivelul \ntehnologic al anilor 60, \u015fi astfel au ie\u015fit din competi\u0163ia cu alte firme\n europene. De trei ani statul poart\u0103 discu\u0163ii cu nem\u0163ii de la \nRheinmetall care ar vrea s\u0103 fac\u0103 \u00een Rom\u00e2nia 400 de transportoare amfibii\n blindate, TBT 8&#215;8 Agilis. Nem\u0163ii sunt hot\u0103r\u00e2\u0163i \u015fi dau asigur\u0103ri c\u0103 p\u00e2n\u0103\n \u00een 2020 primul transportor va ie\u015fi pe poart\u0103. Deocamdat\u0103 vorbe!<\/p>\n\n\n\n<p>\n\tAm spus aceste lucruri, poate un pic dramatic, pentru ca voi cei \ncare le citi\u0163i s\u0103 \u00een\u0163elege\u0163i unde suntem dup\u0103 30 de democra\u0163ie \noriginal\u0103, mioritic\u0103, rom\u00e2neasc\u0103 sau cum \u00eei spun politicienii no\u015ftri \ncapitalism. S\u0103-mi fie scuzat\u0103 exprimare mai dur\u0103 dar cred ca suntem \u00eenc\u0103\n \u00eentr-o Perestroika upgradat\u0103, de\u015fi am \u00eencercat \u015fi chiar am reu\u015fit, prin\n unele locuri, s\u0103 dezvolt\u0103m o societatea rom\u00e2neasc\u0103 pe baza valorilor \noccidentale.&nbsp;<\/p>\n\n\n\n<p>\n\t<strong>\u015ei totu\u015fi pentru c\u0103 exist\u0103 \u015fi acest fapt dincolo de \nechipamente, Armata Rom\u00e2n\u0103 are la \u00eendem\u00e2n\u0103 poate cea mai valoroas\u0103 \u015fi \nimportant\u0103 resurs\u0103: oamenii &#8211; adev\u0103ra\u0163i profesioni\u015fti, dedica\u0163i \njur\u0103m\u00e2ntului depus.<\/strong><\/p>\n\n\n\n<p> Dup\u0103 ce 2018 s-a dovedit a fi un alt an dezastruos pentru dotarea  armatei rom\u00e2ne, Ministerul Ap\u0103r\u0103rii nereu\u015find s\u0103 duc\u0103 la bun sf\u00e2r\u015fit  nicio achizi\u0163ie major\u0103 de tehnic\u0103 militar\u0103, \u00een ciuda aloc\u0103rii unui  procent de 2% din PIB pentru Ap\u0103rare, nici 2019 nu se arat\u0103 a fi mai  bun. Deja dou\u0103 licita\u0163ii, cea pentru achizi\u0163ionarea corvetelor \u015fi cea  pentru camioane, fiind ratate. Nici nu mai \u015ftim cine conduce  Departamentul pentru Armamente. Acolo \u015fefii se schimb\u0103 frecvent \u015fi nu  sunt speciali\u015fti sunt membrii de partid. Programele de \u00eenzestrare ale  Armatei Rom\u00e2ne par menite s\u0103 creasc\u0103 doar \u201ezestrea\u201d unor politicieni,  pentru c\u0103 \u00een spatele acestor se afl\u0103, de fapt, interese subterane. \u00cen  ultimii ani au fost create \u015fi aprobate \u00een Parlament opt programe de  \u00eenzestrare ale armatei care \u00eensumeaz\u0103 zece miliarde de euro. Astfel,  dup\u0103 eforturi politice \u015fi financiare consistente, care au \u00eenceput , ca  s\u0103 fim corec\u0163i, \u00een anii 1999, For\u0163ele Aeriene Rom\u00e2ne au fost dotate cu  primele avioane, second hand, F-16, s-au \u00eencheiat contracte pentru  rachete performante \u015fi este \u00een curs o procedur\u0103 de achizi\u0163ie a patru  corvete multifunc\u0163ionale\u00a0dup\u0103 o licita\u0163ie tumultuoas\u0103.<\/p>\n\n\n\n<h3 class=\"wp-block-heading\">\n\tIndustria de ap\u0103rare<\/h3>\n\n\n\n<p>\n\tNu mai avem industrie de ap\u0103rare. De la 120.000 de oameni am \nr\u0103mas ast\u0103zi cu aproximativ 9.000 \u015fi c\u00e2teva&nbsp;fabrici\/ateliere. Orice \n\u00eencercare de produc\u0163ie intern\u0103 este strivit\u0103 \u00een fa\u015f\u0103. Importurile sunt \nprioritare f\u0103r\u0103 ca m\u0103car s\u0103 se ia \u00een considerare problema offsetului. \u015ei\n de aici, ve\u015fnicele scandaluri \u015fi am\u00e2n\u0103ri \u015fi refaceri ale planurilor de \n\u00eenzestrare ale armatei. De exemplu, de peste 20 de ani vrem s\u0103 dot\u0103m \nfor\u0163ele navale cu corvete. A v\u0103zut cineva vreuna? Submarinul clasa kilo a\n devenit muzeu sau \u015fcoal\u0103 de antrenament pentru o flot\u0103 f\u0103r\u0103 submarine. \n\u00cen timpurile interbelice, Gala\u0163iul avea un Arsenal naval militar. El \nfusese \u00eenfiin\u0163at ca un atelier de nave \u00een 1864 la Br\u0103ila dup\u0103 care a \nfost mutat la Gala\u0163i, \u00een 1868, unde, \u00een 1879, \u015fi-a schimbat denumirea \u015fi\n structura \u00een Arsenalul Flotilei. Referindu-ne la starea navelor ar \ntrebui s\u0103 avem \u00een vedere refacerea Arsenal marinei \u00een subordinea \nComandamentului&nbsp;For\u0163elor navale care s\u0103 uneasc\u0103 ceea ce a mai r\u0103mas din \nSN Mangalia, Centrul 399 de mentenan\u0163\u0103&nbsp;\u015fi Centrul de \nCercet\u0103ri&nbsp;\u015etii\u0163ifice al Marinei. Dac\u0103 \u00eenainta\u015fii au creat o astfel de \nstructur\u0103 din vremea domnitorului Alexandru Ioan Cuza probabil c\u0103 \naceasta a fost \u015fi este necesar\u0103 \u015fi ast\u0103zi.<\/p>\n\n\n\n<p>\n\t<strong>Cum ne avertizeaz\u0103 istoria?<\/strong>&nbsp;Istoricul \nGheorghe Br\u0103tianu spunea \u00een studiul pe care l-a \u00eentocmit despre Marea \nNeagr\u0103 c\u0103 dou\u0103 sunt pozi\u0163iile geopolitice pe care Rom\u00e2nia trebuie s\u0103 le \ninclud\u0103 obligatoriu \u00een calculele sale strategice: (1) Intrarea \nBosforului \u015fi \u00een general sistemul str\u00e2mtorilor care duce naviga\u0163ia \ndincolo de aceast\u0103 mare \u00eenchis\u0103 \u015fi (2) Crimeea care prin porturile sale \nnaturale \u015fi prin bastionul maritim \u00eenaintat pe care-l reprezint\u0103 \u00een \nMarea Neagr\u0103 este evident o pozi\u0163ie st\u0103p\u00e2nitoare peste tot complexul \nmaritim.&nbsp;&nbsp;<\/p>\n\n\n\n<p>\n\tNoi continu\u0103m dotarea avia\u0163iei cu avioane second hand. Cu toate \nc\u0103 upgradarea acestora le aduce la parametri optimi, ele nu sunt de \nultim\u0103 genera\u0163ie. P\u00e2n\u0103 \u015fi Bulgaria cump\u0103r\u0103 F16 Block 70\/72 de 1,3 \nmiliarde USD. Suma total\u0103 pl\u0103tit\u0103 de Guvernul de la Var\u015fovia pe noile \navioane de lupt\u0103 a fost de 3,5 miliarde de dolari. \u00cen schimbul acesteia,\n For\u0163ele Aeriene ale Poloniei au primit \u00een dotare, \u00eentre anii 2006-2008,\n 48 de aeronave multirol noi, model F-16 C\/D Block 50 \/ 52, iar economia\n polonez\u0103 a beneficiat de un program de offset e\u015falonat pe durata a zece\n ani, totaliz\u00e2nd 6 miliarde de dolari. Guvernul de la Var\u015fovia a \nanun\u0163at, la data de 30 mai 2015, c\u0103 firma Lockheed Martin, cea care a \nacordat offsetul, \u015fi-a finalizat obliga\u0163iile fa\u0163\u0103 de Polonia prin \nderularea a 140 de programe bilaterale, cu o valoare total\u0103 de 6,03 \nmiliarde de dolari investi\u0163i \u00een economia polonez\u0103. De cur\u00e2nd Pentagonul a\n anun\u0163at c\u0103 au aprobat v\u00e2nzarea a 32 de avioane multirol invizibile pe \nradar de tip F-35 Poloniei, valoarea contractului fiind estimat\u0103 la 6,5 \nmiliarde de dolari. Polonia se num\u0103r\u0103 printre \u0163\u0103rile membre ale NATO \ncare aloc\u0103 cel pu\u0163in 2% din PIB pentru ap\u0103rare. Var\u015fovia a fost de acord\n \u00een 2017 s\u0103 creasc\u0103 treptat cheltuielile pentru ap\u0103rare, de la 2% la \n2,5% din PIB, ceea ce \u00eenseamn\u0103 c\u0103 bugetul anual ar trebui s\u0103 se majoreze\n de aproape dou\u0103 ori, p\u00e2n\u0103 la circa 80 de miliarde de zlo\u0163i (21 de \nmiliarde de dolari) p\u00e2n\u0103 \u00een 2032.&nbsp;<\/p>\n\n\n\n<p> <strong>Deci unde suntem cu avia\u0163ia?<\/strong>\u00a0Cine va face  cele 20 de avioane\u00a0\u00a0IAR 99 Super \u015eoim \u015fi c\u00e2nd? Proiectul programului de  modernizare de tipul MLU\/SLEP (Mid Life Upgrade\/Service Life Extension  Program) a fost preg\u0103tit de mai mult\u0103 vreme de speciali\u015ftii INCAS, dar  acesta nu s-a pus \u00een practic\u0103. Cu o finan\u0163are de 124 milioane de euro  f\u0103r\u0103 TVA asigurat\u0103, procesul de modernizare este considerat crucial  chiar de c\u0103tre Ministerul Ap\u0103r\u0103rii care este \u00een plin proces de formare a  pilo\u0163ilor care vor opera \u00een final avioanele F-16 Fighting Falcon\u00a0\u00a0ale  For\u0163elor Aeriene.\u00a0<strong>Ministerul Economiei d\u0103 sfaturi despre cum ar trebui s\u0103 evolueze programul, dar nu ne spune c\u00e2nd \u00eencepe.<\/strong>\u00a0Programul  moderniz\u0103rii\u00a0IAR-99 la standardul Super Soim este lovit de un scandal  care se desf\u0103\u015foar\u0103 deocamdat\u0103 \u00een culise \u015fi de c\u00e2teva\u00a0coinciden\u0163e pe care  le catalog\u0103m \u00een momentul de fa\u0163\u0103 drept stranii. La \u00eenceputul lunii  decembrie 2018, Avioane Craiova, fabricantul lui IAR-99, selecta  compania americana CMC Electronics Aurora LLC, se zvone\u015fte, la  indica\u0163iile directorului, ca partener \u00een programul Super Soim. Avioane  Craiova nu a organizat o licitatie, ci o selectie de oferte, firma  american\u0103 subsidiara unei companii canadiene, CMC Electronics, fiind  preferat\u0103 \u00een fa\u0163a italienilor de la Leonardo, americanilor de la  Lockheed Martin \u015fi a israelienilor de la Elbit care au modernizat  ini\u0163ial avionul rom\u00e2nesc. S\u0103 nu uit\u0103m faptul c\u0103 Fabrica de Avioane  Craiova este singurul produc\u0103tor rom\u00e2n din industria aeronautic\u0103 care a  realizat componente pentru racheta Ariane 5, utilizat\u0103 \u00een cadrul  Programului ESA (Agen\u0163ia Spa\u0163ial\u0103 european\u0103).\u00a0<\/p>\n\n\n\n<h3 class=\"wp-block-heading\"> Praf \u015fi pulbere! \u00a0<\/h3>\n\n\n\n<p>\n\tUn episod care poate p\u0103rea rupt dintr-o anecdot\u0103 descrie cel mai bine \nsitua\u0163ia \u00een care se afl\u0103 armata Rom\u00e2niei, la 15 ani de c\u00e2nd face parte \ndin NATO. Rom\u00e2nia, stat membru NATO, este nevoit\u0103 s\u0103 \u00ee\u015fi importe \nintegral pulberea \u2013 ingredient cheie pentru producerea muni\u0163iei folosite\n de armata rom\u00e2n\u0103 \u2013 din Serbia, stat non-NATO care are rela\u0163ii str\u00e2nse \ncu Rusia. Nevoia de pulbere a armatei este de circa 150 de tone pe an, \ncantitate la care p\u00e2n\u0103 \u015fi s\u00e2rbii fac fa\u0163\u0103 cu greu. Ministrul Economiei, \nNicolae B\u0103d\u0103l\u0103u (PSD), a declarat \u00een repetate r\u00e2nduri c\u0103 are \u201eun proiect\n de suflet\u201d al s\u0103u acesta fiind repunerea pe picioare a fabricilor de \npulbere din ora\u015fele bra\u015fovene F\u0103g\u0103ra\u015f \u015fi Victoria, pentru a ie\u015fi din \nacest prizonierat al importului de pulbere. \u015ei ce a f\u0103cut? Pentru o \ndatorie de 200000 euro fabrica de nitroceluloz\u0103 a fost t\u0103iat\u0103 \u015fi v\u00e2ndut\u0103\n la fier vechi? De fapt la inox vechi! Ru\u015fii ne-au ar\u0103tat deja \u201episica\u201d \n\u00een urm\u0103 cu ceva vreme, atunci c\u00e2nd s\u00e2rbii, ajun\u015fi furnizorul exclusiv de\n pulbere pentru industria de armament a Rom\u00e2niei ne-au t\u0103iat pentru o \nperioad\u0103 aprovizionarea, \u00eenc\u00e2t a fost nevoie s\u0103 se recurg\u0103 de urgen\u0163\u0103 la\n Rezervele Statului. \u00cens\u0103 cu toate c\u0103 exist\u0103 inclusiv autoriza\u0163ia \nintegral\u0103 de mediu, acela\u015fi ministru al economiei refuz\u0103, cu o \n\u00eenc\u0103p\u0103\u0163\u00e2nare demn\u0103 de o cauz\u0103 mai bun\u0103, s\u0103 dea drumul \nvitalului&nbsp;&nbsp;\u201eproiect F\u0103g\u0103ra\u015f\u201d.&nbsp;<\/p>\n\n\n\n<h3 class=\"wp-block-heading\">\n\tConducerea armatei a fost politizat\u0103!<\/h3>\n\n\n\n<p>\n\tSe caut\u0103 pozi\u0163ionarea \u00een func\u0163ii a celor care execut\u0103 orbe\u015fte \ndecizii politice. Scutul politic al acestora, este mai ceva dec\u00e2t cel de\n la Deveselu. De asemenea la aceste fapte se adaug\u0103 o boal\u0103 grav\u0103 \u00een \narmata rom\u00e2n\u0103, care se nume\u015fte&nbsp;<em>\u00eemputernicirea<\/em>. Inven\u0163ie pur \nrom\u00e2neasc\u0103 \u015fi de cert\u0103 sorginte comunist\u0103. O \u00eemputernicire dureaz\u0103 6 \nluni, dup\u0103 care trebuie re\u00eennoit\u0103 sau trebuie f\u0103cut\u0103 numirea pe func\u0163ie.\n Armata rom\u00e2n\u0103 este plin\u0103 de \u00eemputernici\u0163i. Unii sunt la a treia sau \nchiar a patra \u00eemputernicire consecutiv\u0103.<\/p>\n\n\n\n<p>\n\t\u015ei ca s\u0103 \u00eenchei \u00eentr-un mod optimist am s\u0103 spun: nu avem armate, \ndar avem f\u0103cu\u0163i, dup\u0103 revolu\u0163ie, cel pu\u0163in 60 de generali de armat\u0103 \n(excep\u0163ie fac fo\u015ftii \u015fefi ai Statului Major al Ap\u0103r\u0103rii \u015fi cei care au \nf\u0103cut servicii deosebite pentru \u0163ar\u0103 pe care probabil le vor afla copii \ncopiilor no\u015ftri). Gradele \u00een rezerv\u0103 se acord\u0103, \u00een toate \u0163\u0103rile, numai \nmilitarilor care parcurg diferite forme de perfec\u0163ionare, sunt activa\u0163i \npentru o perioad\u0103 sau sunt viza\u0163i pentru conducerea anumitor structuri \n\u00een caz de criz\u0103\/r\u0103zboi. Noi aici \u00een Rom\u00e2nia avem generali fotbali\u015fti, \ngenerali de canotaj \u015fi nu \u00een ultimul r\u00e2nd generali primari. S\u0103 fiu bine \n\u00een\u0163eles pentru merite deosebite exist\u0103 ordine \u015fi medalii care-i \nr\u0103spl\u0103tesc pe cei care le merit\u0103. V\u0103 mai aduce\u0163i aminte de meciul de \ntenis din Cupa Davis Rom\u00e2nia-SUA? Rivalul din tinere\u0163e al lui Ion \u0162iriac\n \u00een acel meci dramatic pierdut de rom\u00e2ni, americanul Stan Smith, era \ncaporal \u00een armata SUA \u015fi a\u015fa a r\u0103mas chiar dac\u0103 a c\u00e2\u015ftigat Cupa Davis de\n dou\u0103 ori.<\/p>\n","protected":false},"excerpt":{"rendered":"<p>\u00cen 1916, Armata Rom\u00e2niei a intrat \u00een lupt\u0103 dotat\u0103 70% cu pu\u015fti r\u0103mase de la R\u0103zboiul de Independen\u0163\u0103 din 1877. Un sfert de secol mai t\u00e2rziu, \u00een 1941, avea armament din Primul R\u0103zboi Mondial. Dac\u0103 ast\u0103zi ar avea loc un r\u0103zboi conven\u0163ional, Rom\u00e2nia ar trebui s\u0103 se bazeze, din nou, pe tehnic\u0103 mai veche de 30 de ani, iar \u00een unele sectoare chiar mai veche de 40 de ani.&nbsp; Nu putem trece cu vederea realizarea de c\u0103tre Rusia a unei \u201eCortine de fier\u201d \u00een Marea Neagr\u0103, cuprinz\u00e2nd o zon\u0103 A2\/AD (anti acces\/acces interzis) pozi\u0163ionat\u0103 \u00een Crimeea. Nu putem trece cu vederea exerci\u0163iile, notificate sau nu, tot mai agresive efectuate de [&hellip;]<\/p>\n","protected":false},"author":2,"featured_media":5767,"comment_status":"open","ping_status":"closed","sticky":false,"template":"","format":"standard","meta":{"footnotes":""},"categories":[26],"tags":[],"class_list":["post-5765","post","type-post","status-publish","format-standard","has-post-thumbnail","hentry","category-alexandru-grumaz"],"_links":{"self":[{"href":"https:\/\/www.cass-ro.org\/en\/wp-json\/wp\/v2\/posts\/5765"}],"collection":[{"href":"https:\/\/www.cass-ro.org\/en\/wp-json\/wp\/v2\/posts"}],"about":[{"href":"https:\/\/www.cass-ro.org\/en\/wp-json\/wp\/v2\/types\/post"}],"author":[{"embeddable":true,"href":"https:\/\/www.cass-ro.org\/en\/wp-json\/wp\/v2\/users\/2"}],"replies":[{"embeddable":true,"href":"https:\/\/www.cass-ro.org\/en\/wp-json\/wp\/v2\/comments?post=5765"}],"version-history":[{"count":2,"href":"https:\/\/www.cass-ro.org\/en\/wp-json\/wp\/v2\/posts\/5765\/revisions"}],"predecessor-version":[{"id":5769,"href":"https:\/\/www.cass-ro.org\/en\/wp-json\/wp\/v2\/posts\/5765\/revisions\/5769"}],"wp:featuredmedia":[{"embeddable":true,"href":"https:\/\/www.cass-ro.org\/en\/wp-json\/wp\/v2\/media\/5767"}],"wp:attachment":[{"href":"https:\/\/www.cass-ro.org\/en\/wp-json\/wp\/v2\/media?parent=5765"}],"wp:term":[{"taxonomy":"category","embeddable":true,"href":"https:\/\/www.cass-ro.org\/en\/wp-json\/wp\/v2\/categories?post=5765"},{"taxonomy":"post_tag","embeddable":true,"href":"https:\/\/www.cass-ro.org\/en\/wp-json\/wp\/v2\/tags?post=5765"}],"curies":[{"name":"wp","href":"https:\/\/api.w.org\/{rel}","templated":true}]}}