{"id":5896,"date":"2020-06-22T15:35:00","date_gmt":"2020-06-22T12:35:00","guid":{"rendered":"https:\/\/www.cass-ro.org\/?p=5896"},"modified":"2020-07-05T16:39:37","modified_gmt":"2020-07-05T13:39:37","slug":"pensiile-militare-intre-mit-si-realitate-mesaj-pentru-cei-care-au-votat-taierea-lor","status":"publish","type":"post","link":"https:\/\/www.cass-ro.org\/en\/pensiile-militare-intre-mit-si-realitate-mesaj-pentru-cei-care-au-votat-taierea-lor\/","title":{"rendered":"Pensiile militare \u00eentre mit \u015fi realitate. Mesaj pentru cei care au votat t\u0103ierea lor"},"content":{"rendered":"\n<p>De peste10 ani, opinia public\u0103 din Rom\u00e2nia dezbate subiectul pensiilor militare. Sunt studiate pe toate p\u0103r\u0163ile motivele pentru care militarii au un sistem separat de cel public pentru calculul \u015fi gestionarea pensiilor, dac\u0103 este just sau nu, sau ce au f\u0103cut ei pentru \u0163ar\u0103 \u015fi \u00een ce r\u0103zboaie au luptat pentru a merita a\u015fa privilegii. Dup\u0103 unii parlamentari, cei care au stat \u00een birouri, \u00een anii 1996-2004 c\u00e2nd s-a preg\u0103tit aderarea la NATO, au jucat \u201dSolitar\u201d, nu ar fi preg\u0103tit documentele de aderare \u015fi ar fi participat \u00een programe PfP (Parteneriatul pentru Pace) \u015fi \u00een exerci\u0163iile militare cu \u0163\u0103rile NATO. Noi pensionarii \u00eencercam s\u0103 ne ap\u0103r\u0103m dar acuzatorii no\u015ftri nu sunt impresiona\u0163i \u015fi subiectul \u00eencinge ciclic dezbaterile la televiziuni \u015fi \u00een on-line.&nbsp;Militarii, at\u00e2t cei activi, c\u00e2t \u015fi cei \u00een rezerv\u0103 ori retragere, au pu\u0163ine solu\u0163ii \u015fi instrumente prin care s\u0103 combat\u0103 avalan\u015fa aceasta de pozi\u0163ii \u015fi informa\u0163ii incorecte sau chiar tenden\u0163ioase vehiculate \u00een ultimii ani \u00een spa\u0163iul public cu privire la activitatea \u015fi drepturile lor.&nbsp;Au fost \u015fi sunt exprimate foarte multe puncte de vedere \u00een leg\u0103tur\u0103 cu aceste pensii \u015fi cu beneficiarii lor, unele bine argumentate, corecte, juste \u2013 chiar dac\u0103 uneori nu ne sunt chiar comode nou\u0103 militarilor, dar \u015fi altele fundamentate doar pe latura speculativ\u0103, emo\u0163ional\u0103, simbolic\u0103 \u015fi &#8211; a\u015f spune &#8211; populist\u0103, jum\u0103t\u0103\u0163i de adev\u0103r sau chiar exprim\u0103ri f\u0103r\u0103 leg\u0103tur\u0103 cu realitatea, care creeaz\u0103 confuzie \u015fi chiar consternare printre militari, fie ei \u00een activitate sau \u00een rezerv\u0103 ori retragere.&nbsp;<\/p>\n\n\n\n<h2 class=\"wp-block-heading\"><strong>Dar s\u0103 le luam pe r\u00e2nd<\/strong><\/h2>\n\n\n\n<p><strong>\u00cen primul r\u00e2n<\/strong>d, trebuie l\u0103murit\u0103 o confuzie care se induce atunci c\u00e2nd se discut\u0103 despre\u00a0<strong>pensiile bazate pe principiul contributivit\u0103\u0163ii<\/strong>\u00a0\u015fi\u00a0<strong>pensiile militare de stat<\/strong>. Se las\u0103 s\u0103 se \u00een\u0163eleag\u0103 c\u0103 militarii nu ar contribui, pe timpul carierei lor, la bugetul statului, cu alte cuvinte, fie nu ar pl\u0103ti taxe \u015fi impozite, fie acestea ar fi mai mici dec\u00e2t \u00een cazul altor categorii profesionale. Nimic mai gre\u015fit. Veniturile pe care militarii le ob\u0163in din solde, sunt impozitate absolut identic, ca \u00een cazul oric\u0103rui salariat din sistemul public. \u015ei, totu\u015fi, care este principala diferen\u0163\u0103 dintre pensiile din sistemul public \u015fi cele militare de stat? \u00cen termenii cei mai simpli, aceast\u0103 diferen\u0163\u0103 se reflect\u0103 \u00een modul de calcul. Dac\u0103 \u00een sistemul public, algoritmul pe baza c\u0103ruia se stabile\u015fte cuantumul pune \u00een rela\u0163ie punctajul mediu anual (calculat pe baza \u00eentregului stagiu de cotizare din perioada activ\u0103) cu punctul de pensie stabilit de Guvern, pensiile militare de stat au ca baz\u0103 de calcul media tuturor veniturilor brute realizate \u00een 6 luni consecutive, din ultimii 5 ani de activitate. Multe \u0163\u0103ri NATO folosesc drept baz\u0103 de calcul pentru pensia militar\u0103 de serviciu ultimul salariu, \u00eenainte de trecerea \u00een rezerv\u0103.<\/p>\n\n\n\n<p><strong>Exemple din statele membre NATO<a href=\"1\">[1]<\/a><\/strong><\/p>\n\n\n\n<p><strong>Polonia<\/strong>:&nbsp;<em>Ofi\u0163eri inferiori: v\u00e2rsta 50 ani; ani de serviciu 15; pensia 75% din salariul din ultima lun\u0103 (salariul net inclusiv sporurile); Ofi\u0163eri superiori: v\u00e2rsta 55 ani; ani de serviciu 15; pensia 75% din salariul din ultima lun\u0103 (salariul net inclusiv sporurile); Generali: v\u00e2rsta 60 ani; ani de serviciu 15; pensia 75% din salariul din ultima lun\u0103 (salariul net inclusiv sporurile);<\/em>&nbsp; &nbsp;<\/p>\n\n\n\n<p><strong>Belgia<\/strong>:&nbsp;<em>Ofi\u0163eri inferiori: v\u00e2rsta 51-52 ani; ani de serviciu 20-30; pensie 80% din ultimul salariu; Ofi\u0163eri superiori: v\u00e2rsta 54-56 ani; ani de serviciu 20-30; pensie 80% din ultimul salariu; Generali: v\u00e2rsta: 58-61; ani de serviciu: 25-35; pensie: 80% din ultimul salariu<\/em>. &nbsp;&nbsp;<\/p>\n\n\n\n<p><strong>Fran\u0163a<\/strong>:&nbsp;<em>Ofi\u0163eri inferiori: v\u00e2rsta 52 ani; ani de serviciu 20-30; pensie 75% din salariul de referin\u0163\u0103 (baz\u0103 ultimele 6 salarii); Ofi\u0163eri superiori: v\u00e2rsta 52 ani; ani de serviciu 20-30; pensie 75% din salariul de referin\u0163\u0103 (baz\u0103 ultimele 6 salarii); Generali: v\u00e2rsta 57-61 ani; ani de serviciu 25-35; pensie 75% din salariul de referin\u0163\u0103 (baz\u0103 ultimele 6 salarii)<\/em>; &nbsp;&nbsp;<\/p>\n\n\n\n<p><strong>Germania<\/strong>:&nbsp;<em>Ofi\u0163eri inferiori: v\u00e2rsta 52 ani; ani de serviciu 20-30; pensie 75% din valoarea ultimei solde brute, indiferent de grad sau func\u0163ie; Ofi\u0163eri superiori: v\u00e2rsta 54-56 ani; ani de serviciu 20-30; pensie 75% din valoarea ultimei solde brute, indiferent de grad sau func\u0163ie; Generali: v\u00e2rsta 60-65 ani; ani de serviciu 35-45; pensie 75% din valoarea ultimei solde brute, indiferent de grad sau func\u0163ie<\/em>; &nbsp;<\/p>\n\n\n\n<p><strong>Italia:<\/strong>&nbsp;<em>Ofi\u0163eri inferiori: v\u00e2rsta 45-55 ani; ani de serviciu 25-30; pensia 80% din ultimul salariu brut; Ofi\u0163eri superiori: v\u00e2rsta: 45-55 ani; ani de serviciu 20-30; pensia 80% din ultimul salariu brut; Generali: v\u00e2rsta 60-65 ani; ani de serviciu 35-45; pensia 80% din ultimul salariu brut<\/em>; &nbsp;&nbsp;<\/p>\n\n\n\n<p><strong>Turcia<\/strong>:&nbsp;<em>Ofi\u0163eri inferiori: v\u00e2rsta 41-48 ani; ani de serviciu 20-30; pensia 80-85% din cuantumul ultimului salariu; Ofi\u0163eri superiori: v\u00e2rsta 41-52 ani; ani de serviciu 20-30; pensia: 80-85% din cuantumul ultimului salariu; Generali: v\u00e2rsta: 60-65 ani; ani de servici 35-45; pensia 80-85% din cuantumul ultimului salariu<\/em>.<\/p>\n\n\n\n<p><strong>\u00cen al doilea r\u00e2nd<\/strong>&nbsp;deosebirile dintre pensiile militare de stat \u015fi cele acordate prin legi speciale pe de o parte, sau cele din sistemul public, pe de alt\u0103 parte exist\u0103, dar din p\u0103cate, explica\u0163iile nu pot fi dec\u00e2t tehnice \u015fi, deci, pu\u0163in atractive, ceea ce creeaz\u0103 teren fertil pentru abord\u0103rile manipulatorii. Aceast\u0103 diferen\u0163\u0103 de mod de calcul st\u0103 la originea tuturor atacurilor care au \u00eenceput acum mai mult de 10 ani \u00eempotriva pensionarilor militari, atacuri care revin periodic \u00een dezbaterea public\u0103. Militarii sunt considera\u0163i ca beneficiari de pensii \u201cnesim\u0163ite\u201d, de pensii speciale, de pensii nemeritate.<\/p>\n\n\n\n<p>Sunt acuza\u0163i c\u0103 ies la pensie foarte devreme, chiar \u00een jurul v\u00e2rstei de 40 de ani, cu pensii exorbitante, de zeci de mii de lei. Sun\u0103 revolt\u0103tor, nu-i a\u015fa? S\u0103 ne l\u0103murim!<\/p>\n\n\n\n<p>\u00cen Legea nr. 223\/2015 2015 privind pensiile militare de stat, v\u00e2rsta standard de pensionare pentru limit\u0103 de v\u00e2rst\u0103 este stabilit\u0103 \u00een func\u0163ie de anul na\u015fterii celor care trec \u00een rezerv\u0103, pornind de la 56 de ani \u015fi trei luni, pentru cei n\u0103scu\u0163i \u00een luna octombrie 1959&nbsp;&nbsp;\u015fi care cre\u015fte progresiv, conform unei anexe care face parte din lege, p\u00e2n\u0103 la de 60 de ani, pentru cei n\u0103scu\u0163i dup\u0103 luna ianuarie 1970. Aceast\u0103 limit\u0103 poate fi redus\u0103 pentru perioada \u00een care militarii \u015fi-au desf\u0103\u015furat activitatea \u00een condi\u0163ii de munc\u0103 deosebite, speciale sau alte condi\u0163ii (personal aeronavigant, personal ambarcat, para\u015futi\u015fti, sau alte categorii de persoane a c\u0103ror activitate se desf\u0103\u015foar\u0103 \u00een condi\u0163iile men\u0163ionate) cu perioade corespunz\u0103toare.&nbsp;<\/p>\n\n\n\n<p><strong>Reducerea v\u00e2rstei standard de pensionare nu poate fi mai mare de 13 ani.&nbsp;<\/strong>Prin aplicarea acestor&nbsp;&nbsp;reduceri, v\u00e2rsta standard de pensionare nu poate fi mai mic\u0103 de 45 de ani.<\/p>\n\n\n\n<p>Metodologia este asem\u0103n\u0103toare cu cea din sistemul public de pensii, care are prevederi similare pentru reducerea v\u00e2rstei standard de pensionare pentru anumite categorii profesionale (personal navigant, personal care lucreaz\u0103 \u00een condi\u0163ii de risc radiologic, chimic, anumite categorii de personal artistic, personal care \u00ee\u015fi desf\u0103\u015foar\u0103 activitatea \u00een subteran etc). Exist\u0103 \u015fi o alt\u0103&nbsp;&nbsp;categorie de pensionari militari care au trecut \u00een rezerv\u0103 \u00eenainte de \u00eemplinirea v\u00e2rstei standard de pensionare: militarii disponibiliza\u0163i la sf\u00e2r\u015fitul anilor \u201890, prin&nbsp;<strong>efectele Ordonan\u0163ei 7 din 1998<\/strong>, ca urmare a aplic\u0103rii unui program de restructurare a armatei. \u00cen urma acelor disponibiliz\u0103ri,&nbsp;&nbsp;efectivele militare s-au redus masiv, de la o armat\u0103 de peste 350.000 de oameni, \u00een 1990, la aproximativ 90.000 dup\u0103 anul 2000. Pensiile acestor militari sunt, \u00een general, pensii militare de serviciu cu vechime incomplet\u0103, \u00een cuantumuri reduse.&nbsp;La acest moment, \u00een eviden\u0163a Casei de pensii sectoriale a Ministerului Ap\u0103r\u0103rii Na\u0163ionale se afl\u0103 aproximativ 65.000 de pensionari militari la care se adaug\u0103 cei din servicii \u015fi poli\u0163ie, jandarmerie \u015fi pompieri, \u00eenc\u0103 \u00een jur de 105000. Pensia medie brut\u0103 pentru vechime complet\u0103 aflat\u0103 \u00een plata casei de pensii a MApN este de aproximativ 3.500 lei. Aproape 60% din num\u0103rul total de pensionari militari au pensiile sub aceast\u0103 valoare medie. Doar 6% dintre pensionarii militari au pensii cuprinse \u00eentre 7.000 \u015fi 10.000 de lei \u015fi aproximativ 2,6% dep\u0103\u015fesc pragul de 10.000 de lei lunar (din anumite considerete inclusiv acumularea de activit\u0103\u0163i \u00een diferite institu\u0163i plus cele private).&nbsp;Soldele lunare nete maxime pentru ofi\u0163eri, de exemplu, se situeaz\u0103, \u00een 2019, astfel: 2.681 lei pentru locotenen\u0163i, \u00eentre 3.200 \u015fi 5.400 lei pentru gradele de c\u0103pitan p\u00e2n\u0103 la locotenent-colonel, 8.300 c\u00e2\u015ftig\u0103 maximum un colonel, 10.600 lei un general de brigad\u0103, alung\u00e2ndu-se p\u00e2n\u0103 la aproximativ 17.000 lei pentru generalii de patru stele (\u00een mod normal este unul singur \u015eeful Statului Major al Ap\u0103r\u0103rii). Pentru celelalte categorii de personal, soldele se \u00eenscriu \u00eentre 1.900 \u015fi 6.000 lei pentru subofi\u0163eri \u015fi mai\u015ftri militari \u015fi \u00eentre 1.700 \u015fi 3.800 de lei pentru solda\u0163ii \u015fi grada\u0163ii profesioni\u015fti. Cam acestea sunt salariile \u201eexorbitante\u201d ale militarilor.<\/p>\n\n\n\n<p><strong>\u00cen al treilea r\u00e2nd reglementare sistemului de pensii militare de serviciu nu reprezint\u0103 un privilegiu pentru militari.<\/strong>&nbsp;G\u0103sim la articolul 4 din actuala lege a pensiilor, Legea 223 din 2015, urm\u0103toarea formulare: \u201c<em>sistemul pensiilor militare de stat acoper\u0103 riscurile activit\u0103\u0163ii specifice sistemului de ap\u0103rare, ordine public\u0103 \u015fi securitate na\u0163ional\u0103, interzicerea sau restr\u00e2ngerea exerci\u0163iului unor drepturi \u015fi libert\u0103\u0163i din Constitu\u0163ia Rom\u00e2niei<\/em>\u201d. Ca atare, calculul pensiei militare dup\u0103 algoritmul prev\u0103zut de lege compenseaz\u0103 riscurile la care se supun militarii pe timpul vie\u0163ii active, dar \u015fi interzicerea unor drepturi fundamentale pe care to\u0163i ceilal\u0163i cet\u0103\u0163eni le au pe timpul vie\u0163ii profesionale active.&nbsp;<\/p>\n\n\n\n<h2 class=\"wp-block-heading\"><strong>Acest aspect nu este unul minor, ci este esen\u0163ial!<\/strong><\/h2>\n\n\n\n<p>Vorbim despre dreptul la munc\u0103, dreptul de asociere (\u00een sindicate sau \u00een organiza\u0163ii cu caracter politic),&nbsp;&nbsp;dreptul la grev\u0103, dreptul de a fi ales (\u00een Parlament ori \u00een administra\u0163ia local\u0103), libertatea \u00eentrunirilor, libertatea de exprimare, libera circula\u0163ie.&nbsp;<strong>\u00cen plus, este interesant de observat c\u0103 tot Constitu\u0163ia Rom\u00e2niei interzice munca for\u0163at\u0103<\/strong>, dar, tot \u00een textul constitu\u0163ional se precizeaz\u0103 foarte clar c\u0103&nbsp;<strong>nu constituie munc\u0103 for\u0163at\u0103 activit\u0103\u0163ile desf\u0103\u015furate pentru \u00eendeplinirea \u00eendatoririlor militare.<\/strong>&nbsp;<em>Cu alte cuvinte, militarii se afl\u0103 la dispozi\u0163ie 24 de ore din 24. Ei pot fi chema\u0163i oric\u00e2nd de la domiciliu sau din timpul liber pentru \u00eendeplinirea sarcinilor \u015fi misiunilor \u00eencredin\u0163ate, pot fi solicita\u0163i s\u0103 intervin\u0103 \u00een sprijinul autorit\u0103\u0163ilor locale \u015fi centrale pentru limitarea efectelor calamit\u0103\u0163ilor naturale sau vremii nefavorabile, sunt disloca\u0163i pe perioade lungi \u00een poligoane \u015fi facilit\u0103\u0163i de preg\u0103tire \u015fi instruire, f\u0103r\u0103 a primi drepturi salariale suplimentare \u015fi f\u0103r\u0103 posibilitatea de a refuza aceste sarcini. De altfel, refuzul de a executa un ordin legal, precum \u015fi&nbsp;<strong>insubordonarea reprezint\u0103 pentru militari infrac\u0163iuni pedepsite de Codul Penal<\/strong>.<\/em><\/p>\n\n\n\n<p>\u00cen timpul vie\u0163ii profesionale active militarii au toate aceste drepturi, care sunt&nbsp;<strong>drepturi fundamentale ale omului, fie interzise, fie restr\u00e2nse<\/strong>.&nbsp;<\/p>\n\n\n\n<p>Aspectul acesta nu poate fi ignorat. Nu putem cere egalitate de tratament la modalitatea de calcul a pensiei doar la \u00eencheierea perioadei active, ci pe toat\u0103 durata desf\u0103\u015fur\u0103rii activit\u0103\u0163ii. Ar fi absurd s\u0103 g\u00e2ndim o armat\u0103 \u00een care drepturile men\u0163ionate mai sus s\u0103 fie ne\u00eengr\u0103dite, doar pentru a asigura egalitatea de tratament<strong>.&nbsp;<\/strong><\/p>\n\n\n\n<p><strong>Putem g\u00e2ndi, de exemplu, c\u0103 un militar \u015fi-ar putea ap\u0103ra \u0163ara doar \u00een timpul celor opt ore de program, iar pentru restul timpului ar putea negocia sindicatul pentru el condi\u0163iile de prezentare la unitate?<\/strong><\/p>\n\n\n\n<h2 class=\"wp-block-heading\"><strong>Despre ce vorbim?<\/strong><\/h2>\n\n\n\n<p><strong>Militarii sunt la datorie 24 de ore din 24, \u00een orice condi\u0163ii, indiferent c\u00e2t de grele, iar pentru asta nu cer privilegii<a href=\"2\"><strong>[2]<\/strong><\/a>. Este un statut pe care fiecare dintre noi ni l-am asumat prin jur\u0103m\u00e2ntul militar \u015fi care impune priva\u0163iuni \u2013 cum le spun militari, pe care le \u00een\u0163eleg \u015fi le respect\u0103. Obliga\u0163iile militare nu \u00eenceteaz\u0103 odat\u0103 cu ie\u015firea la pensie, ci ele sunt asumate \u015fi din calitatea de rezervist. Toate acestea sunt cuantificate \u015fi compensate prin sistemul de pensii militare de stat, nu doar \u00een Rom\u00e2nia, ci \u00een majoritatea \u0163\u0103rilor lumii.<\/strong><\/p>\n\n\n\n<p><strong>Despre parlamentari&nbsp;<\/strong><\/p>\n\n\n\n<p><strong>Am auzit un parlamentar, \u00eemi pare r\u0103u c\u0103 nu i-am re\u0163inut numele, c\u0103 s-a f\u0103cut dreptate dup\u0103 ce el a \u00eemp\u0103r\u0163it militarii \u00een categorii distincte<\/strong>. Ideea aceasta a \u00eencerc\u0103rii de a \u00eemp\u0103r\u0163i militarii \u00een dou\u0103 categorii \u2013 cei care execut\u0103 misiuni \u00een teatrele de opera\u0163ii \u015fi ceilal\u0163i, care au r\u0103mas \u00een \u0163ar\u0103, prin caz\u0103rmi \u015fi birouri, este&nbsp;<strong>absurd\u0103<\/strong>.&nbsp;<\/p>\n\n\n\n<p><strong>Narativul celor care \u00eencearc\u0103 s\u0103 induc\u0103 o asemenea opinie se raporteaz\u0103 exclusiv la riscurile la care s-ar supune, mai mult sau mai pu\u0163in, militarii pe timpul carierei militare<\/strong>.<strong>&nbsp;Care ar fi mai mari pentru cei care particip\u0103 la astfel de misiuni.<\/strong><\/p>\n\n\n\n<p><strong>Haide\u0163i s\u0103 punem lucrurile \u00een perspectiv\u0103: profesia de militar este una a riscurilor.&nbsp;<\/strong>S\u0103 nu intr\u0103m neap\u0103rat \u00een logica jur\u0103m\u00e2ntului militar, prin care to\u0163i militarii, nu doar cei care execut\u0103 misiuni externe se angajeaz\u0103 s\u0103 pun\u0103 \u00eendatoririle de ap\u0103rare a \u0163\u0103rii \u00eenaintea propriei vie\u0163i. \u015ei mai este ceva: \u00een orice armat\u0103 modern\u0103,&nbsp;<strong>\u00een spatele unui lupt\u0103tor se afl\u0103 cel pu\u0163in 8-12 al\u0163i militari&nbsp;<\/strong>din structurile de sprijin, care au misiunea de a asigura lupt\u0103torului toate resursele \u015fi condi\u0163iile necesare pentru \u00eendeplinirea misiunii. Pentru Armata Rom\u00e2niei acest raport este de aproximativ 7-8 militari din structurile de sprijin la un lupt\u0103tor, sunt alte armate unde num\u0103rul este mai mare, cum ar fi 9-12 militari de sprijin la un lupt\u0103tor \u2013 pentru Armata SUA. Raportul acesta depinde \u015fi de gradul de complexitate al misiunii, de distan\u0163a la care este dislocat\u0103 unitatea de prim\u0103 linie \u015fi multe altele.&nbsp;<\/p>\n\n\n\n<h2 class=\"wp-block-heading\"><strong>Diviziunea de percep\u0163ie militar lupt\u0103tor \/ restul este nedreapt\u0103 \u015fi confuz\u0103<\/strong>!.<\/h2>\n\n\n\n<p>Putem fi de acord c\u0103 unii dintre militari se supun mai multor pericole dec\u00e2t al\u0163ii, pe timpul carierei militare, dar aceste diferen\u0163e sunt cuantificate obiectiv, prin legisla\u0163ia de salarizare \u015fi de \u00eencadrare \u00een condi\u0163iile de munc\u0103. Ceea ce se va reflecta \u00een cuantumul final al pensiei. Aceste criterii obiective sunt aplicate \u015fi \u00een sistemul public.&nbsp;<em>Nu putem face diferen\u0163e, \u00een afara sporurilor, \u00eendemniza\u0163iilor specifice \u015fi drepturilor rezultate din \u00eencadrarea \u00een specificul condi\u0163iilor de munc\u0103, de exemplu, \u00eentre calculul drepturilor de pensie pentru medicii care fac opera\u0163ii riscante fa\u0163\u0103 de cei care se ocup\u0103 doar cu prescrierea re\u0163etelor, \u00eentre actori &#8211; \u00een func\u0163ie de complexitatea \u015fi succesul la public al rolurilor jucate de-a lungul carierei, \u00eentre profesori \u2013 dup\u0103&nbsp;&nbsp;rezultatele ob\u0163inute de elevi, sau sportivi &#8211; \u00een func\u0163ie de complexitatea disciplinei la care au ob\u0163inut medalii \u015fi tot a\u015fa.<\/em><\/p>\n\n\n\n<p>\u00cen al cincilea r\u00e2nd: revenind la militari, sunt c\u00e2teva elemente de punctat \u00een ceea ce prive\u015fte raportarea lor la riscurile profesionale:<\/p>\n\n\n\n<p>1.&nbsp;&nbsp;&nbsp;&nbsp;Num\u0103rul de militari roti\u0163i \u00een misiunile executate de Armata Rom\u00e2niei \u00een teatrele de opera\u0163ii, \u00een ultimii 30 de ani, dep\u0103\u015fe\u015fte 50.000;<\/p>\n\n\n\n<p>2.&nbsp;&nbsp;&nbsp;&nbsp;Modific\u0103rile de natur\u0103 legislativ\u0103 au f\u0103cut ca participarea la aceste misiuni \u00een teatrele de opera\u0163ii s\u0103 nu mai fie pe baz\u0103 de voluntariat,&nbsp;<strong>ci au devenit obliga\u0163ie de serviciu<\/strong>. Dac\u0103 o structur\u0103 militar\u0103 prime\u015fte misiunea de a executa o misiune \u00een teatrele de opera\u0163ii, tot personalul va participa. Excep\u0163iile sunt foarte pu\u0163ine \u015fi minu\u0163ios justificate. Ca atare, num\u0103rul militarilor trimi\u015fi \u00een misiuni peste hotare va fi din ce \u00een ce mai mare;<\/p>\n\n\n\n<p>3.&nbsp;&nbsp;&nbsp;&nbsp;Foarte multe dintre ac\u0163iunile \u015fi misiunile desf\u0103\u015furate pe teritoriul na\u0163ional implic\u0103 riscuri la fel de mari:&nbsp;<em>operarea aeronavelor militare, tragerile de lupt\u0103 cu toate categoriile de armament, opera\u0163iunile executate cu materiale explozive, manipularea unor substan\u0163e cu grad \u00eenalt de toxicitate \u015fi exemplele ar putea continua<\/em>;<\/p>\n\n\n\n<p>4.&nbsp;&nbsp;&nbsp;&nbsp;Dup\u0103 trecerea \u00een rezerv\u0103, militarii r\u0103m\u00e2n, conform legii, cu obliga\u0163ii militare p\u00e2n\u0103 la \u00eemplinirea v\u00e2rstei la care se trec \u00een retragere \u015fi sunt sco\u015fi din eviden\u0163ele armatei.<\/p>\n\n\n\n<p>Guvernul a exprimat foarte clar, prin vocea prim-ministrului, Ludovic Orban<a id=\"#3\">[3]<\/a>, \u00eenc\u0103 de la \u00eenvestire, c\u0103 m\u0103surile avute \u00een vedere \u00een zona pensiilor reglementate prin legi speciale nu includ pensiile militare de stat \u015fi a\u0163i v\u0103zut \u00een Parlament c\u0103 acest lucru nu a fost respectat. Ministerul Ap\u0103r\u0103rii Na\u0163ionale \u015fi celelalte institu\u0163ii din sistemul na\u0163ional de securitate au adus argumentele relevante \u015fi corecte pentru p\u0103strarea sistemului de pensii militare de stat \u00een actualele coordonate \u015fi pozi\u0163ia noastr\u0103 a fost nu doar \u00een\u0163eleas\u0103, ci \u015fi sus\u0163inut\u0103 de Premierul Orban \u015fi de Pre\u015fedintele Rom\u00e2niei chiar \u015fi de o parte dintre parlamentarii.<\/p>\n\n\n\n<p><strong>Sigur, actualul sistem al pensiilor militare de stat este departe de a fi unul perfect!<\/strong><\/p>\n\n\n\n<p>\u00cen ultimii 10 ani,&nbsp;<strong>legisla\u0163ia incident\u0103 a fost modificat\u0103 de patru ori<\/strong>, ceea ce a creat disfunc\u0163ionalit\u0103\u0163i \u00een armonizarea tuturor situa\u0163iilor. Aceste schimb\u0103ri legislative au generat \u015fi unele situa\u0163ii anormale, excep\u0163ii, care sunt v\u00e2nate cu predilec\u0163ie \u015fi servite ca argumente imbatabile. \u015etim \u00eens\u0103 c\u0103 excep\u0163iile nu pot da m\u0103sura \u00eentregului sistem \u015fi c\u0103 generalizarea unor aspecte punctuale nu serve\u015fte dec\u00e2t inten\u0163iilor de a \u00eenvr\u0103jbi \u015fi diviza categoriile profesionale.&nbsp;<\/p>\n\n\n\n<h2 class=\"wp-block-heading\"><strong>S\u0103 sper\u0103m c\u0103 lucrurile vor fi \u00een\u0163elese \u015fi a\u015fezate, cu \u00een\u0163elepciune, \u00een perioada care va urma.<\/strong><\/h2>\n\n\n\n<p><strong>PS:&nbsp;<\/strong>. \u015etiu o s\u0103 spune\u0163i c\u0103 ceea ce am scris mai sus cu titlu de compara\u0163ie la nivelul pensiilor este cu \u0163\u0103ri NATO dezvoltate. Dar cu Polonia ne putem compara? V\u0103 avertizez c\u0103 m\u0103 a\u015ftept la injurii \u015fi la comentarii lipsite de respect dar \u00eemi asum pentru c\u0103 mi-am petrecut via\u0163a \u00eentre culesul porumbului, construc\u0163ia canalului Dun\u0103re Marea Neagr\u0103, aplica\u0163ii ale Statului Major General, \u00eenainte de 1989 de 3 la 6 luni de la Babadag la Cincu, preg\u0103tirea documentelor pentru aderarea la NTAO \u015fi conducerea planific\u0103rii Armatei Rom\u00e2ne,&nbsp;&nbsp;construirea \u00eempreun\u0103 cu echipa de la STS&nbsp;&nbsp;a Sistemului 112 \u015fi construc\u0163ia unei rela\u0163ii diplomatice consulare cu China\/Shanghai.&nbsp;<em>Pentru detractorii mei am lucrat 30 ani (echivalent cu 46 datorit\u0103 condi\u0163iilor deosebite) \u00een Ministerul Ap\u0103r\u0103rii, 5 \u00een servicii la STS, 2 ani \u00een Ministerul de Externe \u015fi 10 ani \u00een privat, la o banc\u0103 pe vremea c\u00e2nd diferen\u0163a \u00eentre salariul de la stat \u015fi cel de la privat era considerabil\u0103 nu ca acum c\u00e2nd \u201dierarhia\u201d s-a inversat. Ce pensie ar trebui s\u0103 am \u015fi cum ar trebui calculat\u0103? Merit oare o pensie?! &nbsp;\u015ei \u00eenc\u0103 un lucru am trei frati ai lui tata care au murit ,DUP\u0102 Stalingrad, \u00een lagar \u00een Siberia(\u00eei gasi\u0163i pe documentul publicat de Ambasada Rom\u0103nie la Moscova pe la numerele peste 8000). Pote va fi cineva care va \u00eentreba unde am luptat. Am s\u0103 r\u0103spund: \u00een cancelariile occidentale \u015fi la NATO pentru aderarea Rom\u00e2nie \u00een acele structuri \u00centradev\u0103r f\u0103r\u0103 gloan\u0163e dar cu mult mai multe pericole de a fi refuza\u0163i. Asta este. Fiecare \u00ee\u015fi duce crucea!&nbsp;<\/em><\/p>\n\n\n\n<hr class=\"wp-block-separator\"\/>\n\n\n\n<p><a id=\"#1\">[1]<\/a>&nbsp;Sursa: statistic\u0103 \u00eentocmit\u0103 de SCMD&nbsp;&nbsp;\u201dLa ce v\u00e2rst\u0103 \u015fi pe ce bani ies la pensie militarii statelor membre NATO\u201d de Traian Deleanu, Adev\u0103rul, 16 august 2017<\/p>\n\n\n\n<p><a href=\"#2\">[2]<\/a>&nbsp;<strong>Constitu\u0163ia Rom\u00e2niei:<\/strong>&nbsp;Dreptul la munc\u0103 nu poate fi \u00eengr\u0103dit. Alegerea profesiei, a meseriei sau a ocupa\u0163iei, precum \u015fi a locului de munc\u0103 este liber\u0103. Libertatea economic\u0103: Accesul liber al persoanei la o activitate economic\u0103, libera ini\u0163iativ\u0103 \u015fi exercitarea acestora \u00een condi\u0163iile legii sunt garantate.<\/p>\n\n\n\n<p><strong>Statutul cadrelor militare<\/strong>:&nbsp;&nbsp;Cadrelor militare \u00een activitate le este interzis:<\/p>\n\n\n\n<p>a) s\u0103 \u00eendeplineasc\u0103 alte func\u0163ii dec\u00e2t cele \u00een care sunt \u00eencadrate, cu excep\u0163ia cumulului prev\u0103zut de lege, \u00een condi\u0163iile stabilite prin ordin al ministrului ap\u0103r\u0103rii na\u0163ionale;<\/p>\n\n\n\n<p>b) s\u0103 fie asociat unic ori s\u0103 participe direct la administrarea sau conducerea unor organiza\u0163ii ori societ\u0103\u0163i comerciale<\/p>\n\n\n\n<p><a href=\"#3\">[3]<\/a>&nbsp;&nbsp;Pe Ludovic Orban l-am auzit la 3 sau patru \u015fedin\u0163e de partid \u00een 2019 c\u00e2nd \u015fi-a \u201ddojenit\u201d colegii parlamentari care includeau pensiile militarilor \u00een pensiile speciale sau c\u00e2nd un grup redus de liberali din Senat a depus o ini\u0163iativ\u0103 legislativ\u0103 referitoare la subiect \u015fi a precizat ca ea trebuie retras\u0103 imediat \u015fi modificat\u0103, fapt \u00eent\u00e2mplat.&nbsp;<\/p>\n","protected":false},"excerpt":{"rendered":"<p>De peste10 ani, opinia public\u0103 din Rom\u00e2nia dezbate subiectul pensiilor militare. Sunt studiate pe toate p\u0103r\u0163ile motivele pentru care militarii au un sistem separat de cel public pentru calculul \u015fi gestionarea pensiilor, dac\u0103 este just sau nu, sau ce au f\u0103cut ei pentru \u0163ar\u0103 \u015fi \u00een ce r\u0103zboaie au luptat pentru a merita a\u015fa privilegii. Dup\u0103 unii parlamentari, cei care au stat \u00een birouri, \u00een anii 1996-2004 c\u00e2nd s-a preg\u0103tit aderarea la NATO, au jucat \u201dSolitar\u201d, nu ar fi preg\u0103tit documentele de aderare \u015fi ar fi participat \u00een programe PfP (Parteneriatul pentru Pace) \u015fi \u00een exerci\u0163iile militare cu \u0163\u0103rile NATO. Noi pensionarii \u00eencercam s\u0103 ne ap\u0103r\u0103m dar acuzatorii no\u015ftri nu [&hellip;]<\/p>\n","protected":false},"author":4,"featured_media":5905,"comment_status":"open","ping_status":"closed","sticky":false,"template":"","format":"standard","meta":{"footnotes":""},"categories":[26,16,41],"tags":[],"class_list":["post-5896","post","type-post","status-publish","format-standard","has-post-thumbnail","hentry","category-alexandru-grumaz","category-analize-si-studii","category-strategie-politica-in-romania"],"_links":{"self":[{"href":"https:\/\/www.cass-ro.org\/en\/wp-json\/wp\/v2\/posts\/5896"}],"collection":[{"href":"https:\/\/www.cass-ro.org\/en\/wp-json\/wp\/v2\/posts"}],"about":[{"href":"https:\/\/www.cass-ro.org\/en\/wp-json\/wp\/v2\/types\/post"}],"author":[{"embeddable":true,"href":"https:\/\/www.cass-ro.org\/en\/wp-json\/wp\/v2\/users\/4"}],"replies":[{"embeddable":true,"href":"https:\/\/www.cass-ro.org\/en\/wp-json\/wp\/v2\/comments?post=5896"}],"version-history":[{"count":2,"href":"https:\/\/www.cass-ro.org\/en\/wp-json\/wp\/v2\/posts\/5896\/revisions"}],"predecessor-version":[{"id":5904,"href":"https:\/\/www.cass-ro.org\/en\/wp-json\/wp\/v2\/posts\/5896\/revisions\/5904"}],"wp:featuredmedia":[{"embeddable":true,"href":"https:\/\/www.cass-ro.org\/en\/wp-json\/wp\/v2\/media\/5905"}],"wp:attachment":[{"href":"https:\/\/www.cass-ro.org\/en\/wp-json\/wp\/v2\/media?parent=5896"}],"wp:term":[{"taxonomy":"category","embeddable":true,"href":"https:\/\/www.cass-ro.org\/en\/wp-json\/wp\/v2\/categories?post=5896"},{"taxonomy":"post_tag","embeddable":true,"href":"https:\/\/www.cass-ro.org\/en\/wp-json\/wp\/v2\/tags?post=5896"}],"curies":[{"name":"wp","href":"https:\/\/api.w.org\/{rel}","templated":true}]}}