{"id":6104,"date":"2021-04-23T22:43:00","date_gmt":"2021-04-23T19:43:00","guid":{"rendered":"https:\/\/www.cass-ro.org\/?p=6104"},"modified":"2021-04-25T22:50:57","modified_gmt":"2021-04-25T19:50:57","slug":"europa-autonomiei-strategice-pierdute-ucraina-prinsa-intre-franta-germania-rusia-si-sua","status":"publish","type":"post","link":"https:\/\/www.cass-ro.org\/en\/europa-autonomiei-strategice-pierdute-ucraina-prinsa-intre-franta-germania-rusia-si-sua\/","title":{"rendered":"Europa autonomiei strategice pierdute! Ucraina prins\u0103 \u00eentre Fran\u0163a, Germania, Rusia \u015fi SUA"},"content":{"rendered":"\n<p>Cei doi omeni importan\u0163i de la Casa Alb\u0103 pre\u015fedintele Biden \u015fi alegerea sa pentru secretarul de stat, Antony Blinken, sunt indiscutabil, atlanti\u015fti confirma\u0163i. Ei recunosc c\u0103, \u00een ciuda cre\u015fterii Asiei\/Chinei, Statele Unite \u015fi Europa sunt \u00eenc\u0103 st\u00e2lpii purt\u0103tori ai unui sistem liberal interna\u0163ional, deschis \u015fi stabil. Dar acest lucru nu \u00eenseamn\u0103 doar un moment de \u201e\u00eentoarcere \u00een viitor\u201d. Re\u00eennoirea parteneriatului transatlantic va necesita adaptarea sistemelor de securitate, politice \u015fi economice existente la noile amenin\u0163\u0103ri transna\u0163ionale, rivalit\u0103\u0163ile geopolitice \u015fi realit\u0103\u0163ile interne. Reforma NATO \u015fi aprofundarea rela\u0163iei dintre SUA \u015fi Uniunea European\u0103 vor fi esen\u0163iale pentru aceast\u0103 agend\u0103. Pre\u015fedintele Biden a promis o restaurare, iar europenii au r\u0103spuns pozitiv. Jens Stoltenberg, Secretarul General al NATO, l-a invitat pe Biden la un summit la \u00eenceputul acestui an, unde sper\u0103 c\u0103 liderii vor sus\u0163ine noul \u201eConcept strategic\u201d al Alian\u0163ei, care a fost elaborat la sf\u00e2r\u015fitul anului trecut. Raportul, destinat ghid\u0103rii Alian\u0163ei p\u00e2n\u0103 \u00een 2030, r\u0103spunde criticilor precum aceea a lui Macron cum c\u0103 NATO s-ar afla \u00een \u201dmoarte cerebral\u0103\u201d, cu 138 de recomand\u0103ri specifice care ruleaz\u0103 peste 60 de pagini.<\/p>\n\n\n\n<p>Principala sa recomandare este ca NATO s\u0103 \u00ee\u015fi consolideze rolul politic, astfel \u00eenc\u00e2t s\u0103 fie mai bine pozi\u0163ionat\u0103 pentru a se confrunta nu numai cu rivalii sistemici precum China \u015fi Rusia, ci cu o serie de tendin\u0163e destabilizatoare, de la terorism la tehnologii perturbatoare, la proliferarea nuclear\u0103 \u015fi la instabilitatea regional\u0103 precum \u015fi la schimb\u0103rile climaterice. \u00cen decembrie, Comisia European\u0103 \u015fi \u00cenaltul Reprezentant al UE pentru Afaceri Externe \u015fi Politica de Securitate au lansat \u00eempreun\u0103 un raport c\u0103tre Parlamentul European \u015fi Consiliul European privind \u201e<em>O nou\u0103 agend\u0103 UE-SUA pentru schimb\u0103ri globale<\/em>\u201d, care prevede o rena\u015ftere a rela\u0163iei transatlantice \u201e<em>ca baz\u0103 a unei noi alian\u0163e globale de parteneri care au aceea\u015fi idee<\/em>\u201d. Din punctul meu de vedere epoca Trump a \u201denergizat\u201d europenii care solicit\u0103 acum \u201eautonomie strategic\u0103\u201d. \u00cen schimb perspectivele unei pre\u015fedin\u0163ii Biden par s\u0103 anun\u0163e o realiniere strategic\u0103. Pentru ca aceast\u0103 realiniere s\u0103 func\u0163ioneze, Washingtonul va trebui s\u0103 lucreze la un parteneriat strategic pe picior de egalitate cu Europa. Este complicat c\u00e2nd asiguri securitatea continentului \u00een fa\u0163a unui inamic care are triada nuclear\u0103 inclus\u0103 \u00een for\u0163ele armate (Rusia) iar tu de\u0163ii mai mult de o divizie desf\u0103\u015furat\u0103 pe continent pe l\u00e2ng\u0103 depozite de tehnic\u0103 militar\u0103 \u015fi logistica necesar\u0103 desf\u0103\u015fur\u0103rii opera\u0163iunilor militare.<\/p>\n\n\n\n<h2 class=\"wp-block-heading\"><strong>Autonomia strategic\u0103 \u015fi pre\u015fedintele Macron<\/strong><\/h2>\n\n\n\n<p>Pre\u015fedintele francez Emmanuel Macron \u00eei \u00eempinge pe europeni s\u0103 \u00eembr\u0103\u0163i\u015feze \u201eautonomia strategic\u0103\u201d ca cea mai bun\u0103 modalitate de revitalizare a NATO \u015fi de abordare a provoc\u0103rilor globale de la pandemie la controlul armamentului \u015fi la schimb\u0103rile climatice. Vorbind, \u00een februarie 2021, la forumul online al Consiliului Atlantic, Macron a spus: \u201e<em>Trebuie s\u0103 fim mult mai responsabili cu vecin\u0103tatea noastr\u0103<\/em>\u201d. El a \u00eendemnat alte na\u0163iuni europene s\u0103 \u00ee\u015fi m\u0103reasc\u0103 cheltuielile de ap\u0103rare ca o demonstra\u0163ie clar\u0103 a angajamentului lor de a \u00eemp\u0103r\u0163i sarcinile cu Statele Unite \u00een ceea ce prive\u015fte securitatea. Macron a spus: \u201e<em>Orientul Mijlociu \u015fi Africa sunt vecin\u0103tatea noastr\u0103, nu SUA<\/em>\u201d. El a ad\u0103ugat c\u0103 angajamentul intensificat al UE, \u00een ceea ce prive\u015fte cheltuielile de securitate, pune cap\u0103t unei \u201esitua\u0163ii de lose-lose\u201d \u00een care Statele Unite trebuie s\u0103 angajeze un num\u0103r mare de for\u0163e pe continent \u015fi europenii nu au niciun cuv\u00e2nt de spus \u00een marile decizii privind propria lor ap\u0103rare . \u201e<em>Acum oper\u0103m \u00eentr-o nou\u0103 er\u0103<\/em>\u201d, a spus el.<\/p>\n\n\n\n<p>Macron a spus c\u0103 dore\u015fte ca europenii s\u0103 se g\u00e2ndeasc\u0103 la UE ca la o entitate preocupat\u0103 at\u00e2t de securitate, c\u00e2t \u015fi de probleme economice. Uniunea ar trebui s\u0103 fie una care func\u0163ioneaz\u0103 \u00een \u201e<em>coordonare politic\u0103 cu NATO<\/em>\u201d pentru a asigura interoperabilitatea atunci c\u00e2nd este chemat\u0103 la ac\u0163iune. Ca exemplu, el a citat opera\u0163iunile franceze \u00een Siria \u00eempreun\u0103 cu Statele Unite \u015fi Regatul Unit opera\u0163iuni care au func\u0163ionat cu succes. Privind \u00eens\u0103 la NATO, \u00een sine, el a dorit s\u0103 adauge o dimensiune politic\u0103 mai puternic\u0103 \u201esuprastructurii sale militare\u201d \u00een urm\u0103torii ani.&nbsp;\u00cengrijorarea imediat\u0103 a lui Macron a fost angajamentul Turciei, \u0163ar\u0103 membr\u0103 NATO, care a devenit mai autocratic\u0103, a c\u0103utat solu\u0163ii la Moscova pentru arme sofisticate \u015fi nu a acordat aten\u0163ie pericolelor create pentru alia\u0163ii \u015fi datorate ac\u0163iunilor sale militare unilaterale din ultimii ani. \u201e<em>Turcia ne-a pus \u00eentr-o situa\u0163ie nebun\u0103<\/em>\u201d \u00een urm\u0103 cu doi ani \u00een nord-estul Siriei. \u00cen ciuda solda\u0163ilor americani \u015fi francezi \u015fi a pu\u015fca\u015filor marini care lucrau al\u0103turi de for\u0163ele democratice siriene \u00een lupta \u00eempotriva ISIS, turcii au lansat f\u0103r\u0103 avertizare un atac complet \u201e<em>\u00eempotriva proxilor no\u015ftri<\/em>\u201d.<\/p>\n\n\n\n<p>Motivul pentru care au atacat turcii a fost leg\u0103tura dintre SDF \u015fi Unit\u0103\u0163ile de Protec\u0163ie a Poporului (YPG). Turcia vede YPG ca fiind legat\u0103 de Partidul Muncitorilor din Kurdistan (PKK), pe care turcii \u00eel consider\u0103 un grup terorist. \u201e<em>Credibilitatea SUA \u015fi a Fran\u0163ei a fost distrus\u0103<\/em>.\u201d Macron a ad\u0103ugat c\u0103 situa\u0163ia a fost \u00eenr\u0103ut\u0103\u0163it\u0103 de decizia american\u0103 de a se retrage complet din Siria \u00een urma atacului. El a spus c\u0103 alian\u0163a trebuie s\u0103 clarifice regulile dintre statele membre atunci c\u00e2nd vine vorba de interven\u0163ia \u00eentr-o \u0163ar\u0103 ter\u0163\u0103. Pentru a revitaliza alian\u0163a, Macron a spus c\u0103 membrii trebuie s\u0103 r\u0103spund\u0103 la \u00eentreb\u0103ri de baz\u0103, precum cine sunt du\u015fmanii NATO, cine sunt terori\u015fti \u015fi cum ar trebui alian\u0163a s\u0103 se ocupe de noi probleme \u00een Pacific, cum ar fi China. \u00cen ceea ce prive\u015fte Beijingul, acum c\u00e2nd fostul pre\u015fedinte Donald Trump a ie\u015fit din func\u0163ie, Macron a spus \u201e<em>China este cu totul un partener [\u00een schimb\u0103rile climatice], un competitor [\u00een special \u00een comer\u0163] \u015fi un rival sistemic<\/em>\u201d pentru Statele Unite, Fran\u0163a \u015fi Europa Uniune. \u201e<em>\u00cen timp ce Statele Unite se angajeaz\u0103 din nou [Organiza\u0163ia Mondial\u0103 a S\u0103n\u0103t\u0103\u0163ii, Acordurile climatice de la Paris \u015fi Organiza\u0163ia Mondial\u0103 a Comer\u0163ului], ce va face China?\u201d<\/em>&nbsp;O poten\u0163ial\u0103 amenin\u0163are militar\u0103 pentru Fran\u0163a este Rusia, despre care Macron a men\u0163ionat c\u0103 \u201eface parte din Europa\u201d. El a recunoscut c\u0103 Moscova a fost neobi\u015fnuit de agresiv\u0103 cu Ucraina \u015fi Belarus.<\/p>\n\n\n\n<p>Dar Macron a spus c\u0103 unele dintre comportamentele Kremlinului sunt de \u00een\u0163eles, deoarece NATO \u015fi-a \u00eempins frontierele spre est, c\u0103tre Rusia, cu admiterea Poloniei \u015fi a na\u0163iunilor baltice la alian\u0163\u0103. \u201e<em>Trebuie s\u0103 cre\u0103m din nou un cadru de discu\u0163ii cu aceast\u0103 \u0163ar\u0103<\/em>\u201d care s\u0103 nu pun\u0103 sub \u201dcovor\u201d comportamentul s\u0103u agresiv \u00een confiscarea teritoriilor str\u0103ine, a campaniilor de dezinformare derulate \u00een zone cenu\u015fii ale continentului \u015fi atacurile cibernetice dar \u015fi utilizarea de proxi \u00eenarma\u0163i pentru a-\u015fi destabiliza vecinii a\u015fa cum se \u00eent\u00e2mpl\u0103 \u00een Ucraina. El a citat, de asemenea, \u00eenchisoarea pentru liderului opozi\u0163iei, Alexei Navalni, ca un exemplu flagrant al \u00een\u0103bu\u015firii de c\u0103tre Kremlin a disiden\u0163ei politice interne.&nbsp;&nbsp;Pre\u015fedintele francez \u201e<em>nu este de acord<\/em>\u201d cu ministrul german al ap\u0103r\u0103rii, Annegret Kramp-Karrenbauer(AKK), care \u015fi-a exprimat opinia \u00eentr-un interviu pentru Politico<a href=\"#1\">[1]<\/a>. Macron vede schimbarea administra\u0163iei americane ca o \u201e<em>oportunitate de a ne urm\u0103ri &#8230; independen\u0163a pentru noi \u00een\u015fine<\/em>\u201d. AKK a fost de acord cu Macron c\u0103 Europa ar trebui s\u0103 fac\u0103 mai multe, dar a reiterat pozi\u0163ia german\u0103 conform c\u0103reia SUA este cel mai important aliat al Europei \u00een politica de securitate \u015fi ap\u0103rare pentru viitorul previzibil \u015fi \u201e<em>iluziile autonomiei strategice europene trebuie s\u0103 se \u00eencheie<\/em>\u201d.<\/p>\n\n\n\n<p>AKK a subliniat c\u0103 Europa este dependent\u0103 de America pentru ap\u0103rare \u015fi \u201e<em>europenii nu vor putea \u00eenlocui rolul crucial al Americii ca furnizor de securitate<\/em>\u201d. \u00cen concluzie, consolidarea Uniunii Europene (\u015fi p\u0103strarea \u00een paralel a Alian\u0163ei Nord-Atlantice) este o sarcin\u0103 dificil\u0103. Filosofia francez\u0103 \u015fi spiritul de emancipare \u015fi pragmatismul german sunt rareori u\u015for de acomodat. \u201d<em>S\u0103 \u00eencerc\u0103m s\u0103 ne consolid\u0103m ap\u0103rarea \u015fi leg\u0103tura transatlantic\u0103, mai degrab\u0103 dec\u00e2t s\u0103 facem Europa din nou mare (Make Europe Great Again!)\u201d<\/em>&nbsp;este opinia lui AKK. Pre\u015fedintele Fran\u0163ei, Emmanuel Macron, a pledat, \u00een discursul rostit la edi\u0163ia special\u0103 a Conferin\u0163ei pentru Securitate de la M\u00fcnchen, pentru consolidarea autonomiei strategice a Uniunii Europene, subliniind c\u0103 \u0163\u0103rile europene trebuie s\u0103 fie consultate \u00een privin\u0163a instal\u0103rii unor sisteme balistice, potrivit Mediafax. De asemenea Emmanuel Macron a argumentat c\u0103 Statele Unite se concentreaz\u0103 mai mult spre zona Pacificului, astfel c\u0103 Uniunea European\u0103 trebuie s\u0103 asume responsabilit\u0103\u0163i mai mari \u00een domeniul ap\u0103r\u0103rii. Fran\u0163a a r\u0103mas singura putere nucleare din UE \u015fi \u00ee\u0163i dore\u015fte s\u0103 conduc\u0103 Europa nu numai politici ci \u015fi militar.&nbsp;<\/p>\n\n\n\n<p>Autonomia strategic\u0103 \u00eenseamn\u0103 apari\u0163ia capacit\u0103\u0163ilor militare complete \u015fi strict europene, astfel \u00eenc\u00e2t s\u0103 nu fie nevoie de asisten\u0163a SUA, dar \u015fi capacit\u0103\u0163i industriale proprii \u015fi programe europene de achizi\u0163ii de armament care s\u0103 aib\u0103 prioritate pe pia\u0163a european\u0103 \u00een raport cu cele americane. Autonomia strategic\u0103 \u00eenseamn\u0103 \u015fi o cultur\u0103 strategic\u0103 european\u0103 comun\u0103. Conceptul este legat de un altul, promovat la fel de s\u00e2rguincios de Fran\u0163a, dar \u015fi de Germania: suveranitate tehnologic\u0103 european\u0103, care \u00eenseamn\u0103 accesul la tehnologii de v\u00e2rf \u015fi crearea unor mari companii europene \u00een domeniu, pe modelul Airbus, care s\u0103 fie capabile s\u0103 concureze la nivel mondial firmele din SUA \u015fi din China.&nbsp;De\u015fi se spune \u201eautonomie strategic\u0103 european\u0103\u201c \u015fi \u201esuveranitate tehnologic\u0103 european\u0103\u201c, inten\u0163ia real\u0103 a Parisului \u015fi a Berlinului nu este de a construi aceste solidarit\u0103\u0163i \u00eent\u0103rite cu to\u0163i cei 27 de membri ai Uniunii Europene.<\/p>\n\n\n\n<p>Un indiciu ni-l ofer\u0103 proiectul franco-german al tancului viitorului, unde cele dou\u0103 state partenere au refuzat ofertele de participare ale Italiei \u015fi Poloniei. Fran\u0163a regret\u0103 dispari\u0163ia Comunit\u0103\u0163ii Europene cu 6 \u0163\u0103ri mult mai flexibil\u0103 \u00een luarea deciziilor.&nbsp;\u00cen aceste condi\u0163ii NATO are nevoie de o faz\u0103 de \u201eclarificare\u201c, de redefinire a rolului s\u0103u, ceea ce presupune cre\u015fterea deciziei europene \u00een cadrul alian\u0163ei a\u015fa cum dore\u015fte Parisul. Este motivul pentru care Fran\u0163a a decis s\u0103 \u00ee\u015fi m\u0103reasc\u0103 bugetul ap\u0103r\u0103rii \u015fi s\u0103 \u00ee\u015fi asume misiuni suplimentare \u00een Mediterana de Est \u015fi \u00een Libia (vezi sprijinul acordat Greciei). De notat remarcabila continuitate strategic\u0103 a Parisului, care, de la De Gaulle \u00eencoace, caut\u0103 s\u0103 promoveze autonomia european\u0103 \u00een raport cu SUA. Ceea ce s-a schimbat \u00een prezent este emanciparea strategic\u0103 a Germaniei.<\/p>\n\n\n\n<p>Liderii de la Berlin, inclusiv succesorul Angelei Merkel, Armin Lachet, afirm\u0103 \u015fi ei nevoia construirii unei suveranit\u0103\u0163i tehnologice \u015fi economice europene. \u00cen acest context, declara\u0163iile lui Macron ar trebui s\u0103 dea de g\u00e2ndit la Bucure\u015fti cu privire la impactul politic, \u00een termeni de reorganizare a spa\u0163iului comunitar \u015fi al strategiei industriale europene. \u015ei totu\u015fi dac\u0103 Fran\u0163a nu \u0163ine cont de sensibilit\u0103\u0163ile celorlal\u0163i, dac\u0103 nu \u00eencearc\u0103 s\u0103 \u00ee\u015fi negocieze proiectele ci s\u0103 le impun\u0103, dac\u0103 nu \u00ee\u015fi ajusteaz\u0103 propriile evalu\u0103ri strategice \u00een func\u0163ie de ale celorlal\u0163i, atunci risc\u0103 s\u0103 se loveasc\u0103 de aceea\u015fi atitudine pe care a adoptat-o ea \u00eens\u0103\u015fi fa\u0163\u0103 de anglo-americani atunci c\u00e2nd a reclamat acela\u015fi tip de tratament din partea acestora. Fran\u0163a trebuie s\u0103 manifeste acela\u015fi spirit ca cel al americanilor \u00een sprijinirea estului european ceea ce la ora actual\u0103 nu se vede. Poate \u015fi din aceast\u0103 cauz\u0103, pe m\u0103sura ce trece timpul, autonomia strategica european\u0103 intr\u0103 \u00een desuetudine.<\/p>\n\n\n\n<h2 class=\"wp-block-heading\"><strong>Unde se \u00eendreapt\u0103 prietenia Macron-Merkel?&nbsp;<\/strong><\/h2>\n\n\n\n<p>Macron a c\u00e2\u015ftigat cursa preziden\u0163ial\u0103 cu g\u00e2ndul c\u0103 el \u00eempreun\u0103 cu Merkel vor conduce Europa. Acum la plecarea lui Merkel lucrurile s-au schimbat. Francezul favorit al Marii Britanii, Michel Barnier, s-a aflat de cur\u00e2nd \u00een regiunea Calais, unde a discutat la o conferin\u0163\u0103 despre rolul s\u0103u \u00een Brexit \u015fi a dat o indica\u0163ie suplimentar\u0103 cu privire la aspira\u0163iile sale preziden\u0163iale. Negociatorul \u015fef al UE pentru Brexit a fost descris \u00een Le Figaro drept omul care poate uni dreapta \u015fi, \u00een acest sens, prezint\u0103 o alternativ\u0103 credibil\u0103 la Emmanuel Macron \u015fi Marine Le Pen \u00een 2022. Barnier prezideaz\u0103 o ini\u0163iativ\u0103 politic\u0103 numit\u0103 \u201dPatriotes et europ\u00e9ens\u201d \u015fi \u015fi-a explicat conceptul \u00een ziarului Le Figaro: \u201e<em>Patriot \u015fi european, asta \u00eenseamn\u0103 c\u0103 noi credem \u00een for\u0163a na\u0163iunilor, respectul identit\u0103\u0163ilor na\u0163ionale \u015fi \u00een Fran\u0163a ca \u0163ar\u0103 care influen\u0163eaz\u0103 \u015fi conduce na\u0163iunile europene<\/em>\u201d.&nbsp;Ceea ce Barnier \u015fi mul\u0163i dintre clasa politic\u0103 din Fran\u0163a nu reu\u015fesc s\u0103 \u00een\u0163eleag\u0103 este schimbarea de atitudine a cona\u0163ionalilor fa\u0163\u0103 de UE \u00een ultimul an.<\/p>\n\n\n\n<p>Exist\u0103 modul nou de abordare \u00een care COVID-ul a expus incompeten\u0163a \u015fi lipsa de unitate din \u201dinima\u201d UE \u015fi, f\u0103r\u0103 \u00eendoial\u0103, Brexit-ul le-a ar\u0103tat francezilor euro-sceptici c\u0103 este posibil s\u0103 scape de \u201dtirania\u201d UE, a\u015fa cum depun m\u0103rturie cele 17,4 milioane de britanici. Dar exist\u0103 un alt motiv pentru care francezii nu mai iubesc UE \u015fi acesta este Germania. Pare surprinz\u0103tor dar s\u0103 vedem ce spune media. \u00cen noiembrie trecut, o jurnalist\u0103 german\u0103 care a scris pentru Die Zeit a provocat agita\u0163ie \u00een Fran\u0163a c\u00e2nd a ridiculizat modul \u00een care \u0163ara lui Moliere a tratat coronavirusul (acest lucru a fost \u00eenainte de r\u0103spunsul confuz al Germaniei la un al doilea val), numind Fran\u0163a \u201eAbsurdistan\u201d<a href=\"#2\">[2]<\/a>.<\/p>\n\n\n\n<p>Totu\u015fi, din ce \u00een ce mai mult, francezii \u00ee\u015fi dau seama c\u0103 absurdul real este s\u0103 cread\u0103 c\u0103 Germania apreciaz\u0103 \u00eenc\u0103 Fran\u0163a \u015fi se angajeaz\u0103 \u00een proiectul UE. S-ar putea ca francezii s\u0103 ajung\u0103 mai repede la aceast\u0103 concluzie, dar clasa politic\u0103 \u00eenc\u0103 \u00ee\u015fi p\u0103streaz\u0103 o credin\u0163\u0103 \u00eenfl\u0103c\u0103rat\u0103 \u00een rela\u0163ia franco-german\u0103, mai degrab\u0103 ca cei din Westminster care cred \u00een mod ciudat c\u0103 Marea Britanie se bucur\u0103 de o \u201erela\u0163ie special\u0103\u201d cu SUA.&nbsp;Revista de actualitate Marianne<a href=\"#3\">[3]<\/a>&nbsp;a dedicat recent un num\u0103r acestei iluzii intitulat \u201eCum Germania a fugit din Fran\u0163a\u201d, relat\u00e2nd modalit\u0103\u0163ile &#8211; agricol, militar \u015fi industrial &#8211; \u00een care Germania a exploatat Fran\u0163a \u00een ultimele decenii.<\/p>\n\n\n\n<p>\u00cen 1980, PIB-ul Fran\u0163ei pe cap de locuitor era cu 5% inferior celui al Germaniei; ast\u0103zi este de 13%. \u00centr-un interviu radio, editorul Natacha Polony<a href=\"applewebdata:\/\/E2ECF45D-CB9F-4940-88D2-7762B23984E0#_ftn4\">[4]<\/a>&nbsp;a spus c\u0103 nu a fost surprins\u0103 de reac\u0163ia furioas\u0103 pe care a primit-o revista ei: \u201e<em>Avem o elit\u0103 care este at\u00e2t de \u00eendr\u0103gostit\u0103 de vecinii no\u015ftri germani \u00eenc\u00e2t \u00een momentul \u00een care cineva \u00ee\u015fi ap\u0103r\u0103 \u00een mod legitim interesele na\u0163ionale, elita strig\u0103 \u201eGermanofobie<\/em>\u201d (este un interviu care merita s\u0103 fie ascultat pentru a \u00een\u0163elege rela\u0163ia actual\u0103 dintre Germania \u015fi Fran\u0163a).&nbsp;Marianne a fost doar ultima publica\u0163ie care a pus la \u00eendoial\u0103 ce c\u00e2\u015ftig\u0103 exact Fran\u0163a din \u201eparteneriatul\u201d s\u0103u cu Germania. Anul trecut, c\u00e2nd Fran\u0163a a trimis o for\u0163\u0103 naval\u0103 \u00een Marea Mediteran\u0103 pentru a asista Grecia \u00een conflictul lor cu Turcia, s-a observat c\u0103 Germania nu \u015fi-a sprijinit alia\u0163ii europeni.<\/p>\n\n\n\n<p>\u201e<em>\u00cen echipa european\u0103<\/em>\u201d, spunea Le Figaro la acea vreme, \u201e<em>Germania este deodat\u0103 c\u0103pitanul \u015fi un juc\u0103tor care marcheaz\u0103 \u00eempotriva propriei echipe atunci c\u00e2nd este \u00een interesul ei<\/em>\u201d. Exemple abund\u0103: criza migran\u0163ilor din 2015, conducta Nord Stream 2 \u015fi refuzul Germaniei \u00een 2012 de a conveni o fuziune \u00eentre conglomeratul olandez constructor aerospa\u0163ial EADS NV \u015fi BAE Systems din Marea Britanie pentru a crea cel mai mare grup aerospa\u0163ial \u015fi de ap\u0103rare din lume. Fran\u0163a a fost entuziast\u0103, dar Germania a tras din priz\u0103 \u201dheblul\u201d pentru c\u0103 se temea c\u0103 va fi r\u0103u pentru industria german\u0103.&nbsp;Luna trecut\u0103, revista conservatoare, Valuers Acteulles<a href=\"#5\">[5]<\/a>, a descris Germania drept \u201etiranul UE\u201d, o reac\u0163ie declan\u015fat\u0103 de decizia Germaniei de a implementa controale la frontiera \u00een estul Fran\u0163ei, dup\u0103 o cre\u015ftere a cazurilor COVID. A enumerat exemple despre modul \u00een care Angela Merkel a st\u0103p\u00e2nit arta de a ac\u0163iona \u00een interesul \u0163\u0103rii sale, \u00een special atunci c\u00e2nd vine vorba de China. Macron a fost \u00eentotdeauna cu ochii \u201d\u00eenstela\u0163i\u201d \u00een prezen\u0163a lui Merkel, niciodat\u0103 mai mult dec\u00e2t \u00een \u200b\u200bianuarie 2019 c\u00e2nd a semnat un tratat la Aachen cu cancelarul german.<\/p>\n\n\n\n<p>Comunicarea oficial\u0103 a proclamat c\u0103 tratatul va aprofunda cooperarea dintre cele dou\u0103 puteri \u00een afaceri externe, ap\u0103rare, dezvoltare \u015fi securitate. Dar a fost atacat de politicieni de dreapta precum Marine Le Pen \u015fi Nicolas Dupont-Aignan. Acesta din urm\u0103, care s-a aliat cu Le Pen la alegerile din 2017, l-a acuzat pe pre\u015fedinte c\u0103 a fost \u201dluat la plimbare\u201d de Merkel. \u201e<em>Berlinul este legat de armata SUA din 1945 \u015fi nu \u015fi-a onorat niciodat\u0103 angajamentul de a cheltui dou\u0103 la sut\u0103 din PIB-ul s\u0103u pentru cheltuieli militare<\/em>\u201d, a spus el. \u201e<em>Fran\u0163a a investit sute de miliarde de euro mai mult dec\u00e2t Germania \u00een for\u0163ele sale armate &#8230; ce va oferi Germania \u00een schimb Fran\u0163ei \u00een afara buchetelor de flori pentru 11 noiembrie? Nimic<\/em>.\u201d&nbsp;&nbsp;Doi ani \u015fi jum\u0103tate mai t\u00e2rziu, opinia lui Dupont-Aignan a devenit general\u0103 &#8211; aceasta va crea o problem\u0103 pentru Macron \u00eenainte de alegerile de anul viitor. Marine Le Pen a fost \u00eenvins\u0103 de Macron \u00een dezbaterea preziden\u0163ial\u0103 din 2017, dar a produs cea mai bun\u0103 declara\u0163ie a serii : \u201e<em>Fran\u0163a va fi condus\u0103 de o femeie. Fie eu, fie doamna Merkel<\/em>\u201d.&nbsp;<\/p>\n\n\n\n<p>Macron a intrat \u00een Elisee crez\u00e2nd c\u0103 el \u015fi Merkel vor fi cuplul de putere al Europei, dar \u201eMutti\u201d face \u00eentotdeauna ceea ce este mai bine pentru Germania. A\u015fadar, \u00een loc s\u0103-\u015fi petreac\u0103 zilele lu\u00e2ndu-se de Marea Britanie asupra Brexitului, Macron ar trebui s\u0103 se elibereze de rela\u0163ia sa ambigu\u0103 cu Germania \u015fi s\u0103 construiasc\u0103 o rela\u0163ie solid\u0103 de securitate \u00een estul continentului.&nbsp;<\/p>\n\n\n\n<h2 class=\"wp-block-heading\"><strong>Ucraina \u015fi autonomia strategic\u0103 european\u0103<\/strong><\/h2>\n\n\n\n<p>Va fi autonomia strategic\u0103 solicitat\u0103 de Paris folosit\u0103 \u00een conflictul din Ucraina? Pu\u0163in probabil nu pentru c\u0103 acest concept \u00eenc\u0103 este la \u00eenceput ci pentru c\u0103 nu este viabil \u00een condi\u0163iile actuale. Ce implica\u0163ii au europenii \u00een Estul Europei? \u00cen afar\u0103 de Germania care are trupe \u00een Baltice Fran\u0163a \u201dumbl\u0103\u201d prin Mediteran\u0103 \u015fi se contreaz\u0103 cu Turcia.&nbsp;&nbsp;\u00cen cea mai mare parte a celor \u015fase ani de c\u00e2nd Rusia \u015fi Ucraina au semnat acordul de \u00eencetare a focului Minsk II pentru regiunea contestat\u0103 Donbass din estul Ucrainei, a ap\u0103rut o \u00eentrebare: Cum vor reac\u0163iona SUA \u015fi NATO dac\u0103 trupele ruse\u015fti vor trece din nou peste numit\u0103 Linie de contact, care a \u00eemp\u0103r\u0163it for\u0163ele ucrainene de separati\u015ftii sus\u0163inu\u0163i de ru\u015fi?<\/p>\n\n\n\n<p>Av\u00e2nd \u00een vedere rapoartele despre acumularea de for\u0163e militare ruse de-a lungul frontierei \u015fi \u00een Crimeea, Washington \u015fi Bruxelles ar putea avea nevoie de r\u0103spunsuri rapide \u00een cur\u00e2nd. Ca r\u0103spuns la aceste rapoarte, secretarul de stat al SUA, Antony Blinken, a vorbit s\u0103pt\u0103m\u00e2na aceasta cu omologul s\u0103u ucrainean, Dmytro Kuleba, \u00een timp ce pre\u015fedintele \u015fefilor de stat major, generalul Mark Milley, a discutat cu oficiali militari de rang \u00eenalt din Rusia \u015fi Ucraina. Departamentul de Stat a declarat c\u0103 Blinken a reafirmat sprijinul SUA pentru Ucraina \u201e<em>\u00een fa\u0163a agresiunii continue a Rusiei<\/em>\u201d \u015fi \u201e<em>\u015fi-a exprimat \u00eengrijorarea cu privire la situa\u0163ia de securitate din estul Ucrainei<\/em>\u201d. C\u00e2t de concret va fi acest sprijin? Nu \u015ftim acum. Dar sprijinul european? Poate \u00een negocieri cu Rusia dar acestea s-au purtat pe 30 martie f\u0103r\u0103 participarea ucrainenilor \u00eentre ru\u015fi, francezi \u015fi nem\u0163i? Asta vrea Putin? Da. Vrea for\u0163e de p\u0103strarea p\u0103cii ruse\u015fti la fel ca \u00een Transnistria \u015fi \u00een Dombas. Pace ruseasc\u0103! Comandantul \u015fef al for\u0163elor armate ale Ucrainei, Ruslan Khomchak, \u015fi omologul s\u0103u rus, Valery Gerasimov, au f\u0103cut schimb de acuza\u0163ii cu privire la escaladarea ciocnirilor din zona Donetsk din Donbass, care a dus la un num\u0103r de decese.<\/p>\n\n\n\n<p>Post\u0103rile de pe re\u0163elele sociale, spre exemplu pe Twitter, arat\u0103 tancurile ruse\u015fti transportate cu trenul pe teritoriul Crimeii \u015fi \u00een apropierea ora\u015fului rus Krasnodar informa\u0163ii care nu au fost \u00eenc\u0103 verificate dar sunt prezente \u015fi \u00een pozele satelitare ajunse la Pentagon. Cu toate acestea, generalul Tod D. Wolters, \u015feful Comandamentului european al SUA (SACEUR), a declarat pentru ziarul The New York Times<a href=\"#6\">[6]<\/a>&nbsp;c\u0103 a pus trupele americane \u00een alert\u0103 sporit\u0103.&nbsp;Pu\u0163ine puncte fierbin\u0163i de conflict au fost la fel de sup\u0103r\u0103toare pentru politica extern\u0103 american\u0103 ca Ucraina. De c\u00e2nd trupele ruse\u015fti au invadat Crimeea \u00een februarie 2014 \u015fi au trimis for\u0163e speciale sub acoperire pentru a conduce o r\u0103scoal\u0103 separatist\u0103 pro-rus\u0103 \u00een Donbass, ciocnirea dintre Ucraina \u015fi Rusia a p\u0103truns \u00een fiecare aspect al politicii americane.<\/p>\n\n\n\n<p>Urm\u0103rile protestelor Euromaidan, care au dus la demiterea fostului pre\u015fedinte al Ucrainei, favoritul Kremlinului, Viktor Ianukovici, \u015fi au declan\u015fat conflictul separatist din est, nu s-au limitat numai la Ucraina. Chiar dac\u0103 a provocat r\u0103sturn\u0103ri politice la Kiev, criza Ucrainei a r\u0103sturnat \u015fi politica preziden\u0163ial\u0103 american\u0103, \u00eencep\u00e2nd cu prima destituire a lui Donald Trump, din cauza \u00eencerc\u0103rii sale de a pune presiune pe pre\u015fedintele ucrainean Volodimir Zelenski s\u0103 dezgroape informa\u0163ii d\u0103un\u0103toare despre Joe Biden. De asemenea, aproape c\u0103 a \u201drupt\u201d corpul diplomatic al Departamentului de Stat, care a fost martorul abuzului de putere al lui Trump \u00een mod direct.&nbsp;Chiar \u015fi dup\u0103 toate acestea, Rusia a purtat o campanie de dezinformare ne\u00eencetat\u0103 \u00eempotriva lui Biden \u00een cursa preziden\u0163ial\u0103 de anul trecut, continu\u00e2nd \u00een esen\u0163\u0103 efortul lui Trump. Moscova l-a vizat pe Joe Biden, f\u0103r\u0103 \u00eendoial\u0103, din cauza sprijinului continuu al SUA \u015fi al NATO c\u0103tre armata ucrainean\u0103 pe care a promis s\u0103-l continue ca pre\u015fedinte, precum \u015fi datorit\u0103 sanc\u0163iunile europene \u015fi americane \u00eempotriva \u00eentreprinderilor ruse\u015fti \u015fi a persoanelor din interiorul Kremlinului.<\/p>\n\n\n\n<p>Luna trecut\u0103, \u00een evaluarea alegerilor preziden\u0163iale din 2020, Consiliul Na\u0163ional de Informa\u0163ii a mers at\u00e2t de departe \u00eenc\u00e2t l-a nominalizat pe Andri Derkach, fost procuror ucrainean care a conspirat cu avocatul lui Trump, Rudy Giuliani, pentru a r\u0103sp\u00e2ndi informa\u0163ii false despre ac\u0163iunile lui Biden \u00een Ucraina. . \u00centre timp, victimele au continuat s\u0103 creasc\u0103 \u00een estul Ucrainei, \u00eempreun\u0103 cu daune economice grave asupra regiunii Donbass, \u00eentr-un conflict despre care guvernul ucrainean spune c\u0103 a ucis aproximativ 14.000 de oameni.&nbsp;<strong>\u00cen ciuda tuturor acestor lucruri, nici SUA, nici alia\u0163ii s\u0103i din NATO nu au atins o strategie solid\u0103 de confruntare \u00eentr-un r\u0103zboi dus de proxi Rusiei pentru controlul Ucrainei &#8211; ea \u00eensu\u015fi un c\u00e2mp de lupt\u0103 pentru influen\u0163a rus\u0103 \u00een Europa \u015fi accesul la r\u00e2vnitele rute maritime de ap\u0103 cald\u0103 c\u0103tre petrolul \u015fi c\u00e2mpurile de gaze din spa\u0163iul&nbsp;&nbsp;mediteraneean.<\/strong>&nbsp;<strong>Este dorin\u0163a Rusiei de a g\u0103si ad\u00e2ncimea strategic\u0103 a\u015fa cum a avut URSS \u00een perioada R\u0103zboiului rece datorit\u0103 Pactului de la Var\u015fovia.<\/strong>&nbsp;<\/p>\n\n\n\n<p>Germania \u015fi Fran\u0163a au \u00eencercat s\u0103 ac\u0163ioneze ca intermediari \u00eentre Washington, Moscova \u015fi Kiev, dar eforturile lor au dus la un impas, \u00een care niciuna dintre p\u0103r\u0163i nu pare s\u0103 simt\u0103 c\u0103 a atins un punct de rupere. Ba chiar dimpotriv\u0103. De la o administra\u0163ie a Casei Albe la urm\u0103toarea, din motive foarte diferite, Ucraina a fost \u00een centrul unui ciclu \u00een cre\u015ftere al tensiunilor ruso-americane. Un punct care poate pr\u0103bu\u015fii pacea european\u0103 de dup\u0103 cel de-al Doilea R\u0103zboi Mondial. La \u00eenceputul lunii martie, Pentagonul a anun\u0163at un ajutor militar suplimentar de 125 de milioane de dolari pentru Ucraina, primul sub administra\u0163ia Biden. Pachetul include radare antirachet\u0103, capacit\u0103\u0163i \u00eembun\u0103t\u0103\u0163ite de imagistic\u0103 prin satelit \u015fi suport pentru asisten\u0163\u0103 medical\u0103 \u015fi evacu\u0103ri. De asemenea, m\u0103re\u015fte aprovizionarea cu rachete antitanc Javelin care au ap\u0103rut \u00een mod proeminent \u00een apelul telefonic dintre Trump \u015fi Zelenski, care a fost esen\u0163ial pentru prima \u00eencercare de destituire a lui Trump. (<em>Dup\u0103 ce Zelenski i-a spus lui Trump c\u0103 Ucraina este \u201egata s\u0103 cumpere mai multe rachete Javelini din Statele Unite \u00een scopuri de ap\u0103rare\u201d, Trump a r\u0103spuns: \u201eA\u015f vrea s\u0103 ne faci o favoare totu\u015fi\u201d)<\/em><\/p>\n\n\n\n<h2 class=\"wp-block-heading\"><strong>\u00cen loc de concluzie!<\/strong><\/h2>\n\n\n\n<p><strong>Probabil c\u0103 vor exista mai multe sanc\u0163iuni SUA \u015fi UE \u00een viitor. Biden a spus deja \u015fi a aplicat noi sanc\u0163iuni Rusei, iar Putin pare s\u0103 pun\u0103 bazele pentru urm\u0103torul r\u0103spuns al Rusiei, promov\u00e2nd linia conform c\u0103reia Casa Alb\u0103 \u00eencearc\u0103 s\u0103 \u00eencurajeze o insurgen\u0163\u0103 a \u201ecelei de-a cincea coloane\u201d \u00een cadrul grani\u0163elor pe care Rusia le consider\u0103 \u00eenc\u0103 ale sale.&nbsp;<\/strong>Deci, de unde pleac\u0103 cu adev\u0103rat situa\u0163ia? \u015ei ce poate face NATO cu adev\u0103rat \u00een mijlocul unei pandemii cu un num\u0103r considerabil de trupe ale Alian\u0163ei \u00eenc\u0103 \u00eengr\u0103m\u0103dite \u00een r\u0103zboiul din Afganistan (p\u00e2n\u0103 la retragere \u015fi re-opera\u0163ionalizare) \u015fi care se lupt\u0103 pentru a oferi un r\u0103spuns sensibil \u015fi unificat la celelalte r\u0103zboaie ale Rusiei \u00een Siria \u015fi Libia? R\u0103spunsul, din nou, nu este militar. Putin o \u015ftie \u015fi de aceea el \u015fi \u201d\u015foimii\u201d din Ministerul Ap\u0103r\u0103rii din Rusia \u015fi din serviciile de informa\u0163ii continu\u0103 s\u0103 cerceteze limitele toleran\u0163ei SUA \u015fi NATO. Dar exist\u0103 c\u00e2teva lec\u0163ii din trecut pe care SUA \u015fi alia\u0163ii s\u0103i din NATO le-ar putea aplica din nou la aceste pericole prezente \u015fi viitoare.<\/p>\n\n\n\n<p>&nbsp;Lua\u0163i \u00een considerare situa\u0163ia din noiembrie 2018, c\u00e2nd o nav\u0103 de r\u0103zboi rus\u0103 a lovit un escadron de patrulare a marinei ucrainene \u00een str\u00e2mtoarea Kerch din Marea Azov \u015fi a re\u0163inut 24 de marinari ucraineni. Judecata rus\u0103 a marinarilor a constituit o \u00eenc\u0103lcare clar\u0103 a legilor r\u0103zboiului \u015fi a devenit un punct de cotitur\u0103 \u00een cursa preziden\u0163ial\u0103 a Ucrainei la acea vreme. SUA au emis mai multe sanc\u0163iuni ca r\u0103spuns \u015fi \u015fi-au \u00eent\u0103rit patrulele navale \u00eempreun\u0103 cu NATO \u00een Marea Neagr\u0103, dar acest lucru nu a schimbat situa\u0163ia din teren. Abia mai t\u00e2rziu, \u00een mai 2019, lucrurile au \u00eenceput s\u0103 se schimbe &#8211; c\u00e2nd Tribunalul Interna\u0163ional pentru Dreptul M\u0103rii din Hamburg a decis \u00een cele din urm\u0103 \u00een favoarea unei cereri introduse de Ucraina \u00eempotriva Rusiei prin care cerea returnarea navelor ucrainene avariate.<\/p>\n\n\n\n<p>La \u015fase luni dup\u0103 aceea, Ucraina a negociat cu succes eliberarea marinarilor. De\u015fi Rusia \u00eenc\u0103 insist\u0103 \u015fi ast\u0103zi c\u0103 nu recunoa\u015fte nicio jurisdic\u0163ie \u00een afara de a sa \u00een str\u00e2mtoarea Kerch, solu\u0163ionarea acelei crize a subliniat valoarea unei presiuni diplomatice atunci c\u00e2nd \u00eencearc\u0103 s\u0103 limiteze \u015fi s\u0103 \u00eemping\u0103 \u00eenapoi \u00eempotriva agresiunii ruse. Sanc\u0163iuni \u015fi zgomot de s\u0103bii sunt de a\u015fteptat peste tot. Dar SUA \u015fi Europa ar putea face mai mult pentru a angaja tribunalele interna\u0163ionale, a rupe a\u015fa-numita negare plauzibil\u0103 a Moscovei \u015fi a-i obliga s\u0103 r\u0103spund\u0103 direct pentru interpret\u0103rile sale specifice ale dreptului interna\u0163ional. Ceea ce conteaz\u0103 este c\u0103 SUA \u015fi NATO vor fi bifat toate \u201dcasetele\u201d cu privire la necesitatea de a consolida o ordine bazat\u0103 pe reguli atunci c\u00e2nd vine vorba de Ucraina.<\/p>\n\n\n\n<p>Acest tip de asigurare va fi de dou\u0103 ori valoros pentru alia\u0163ii europeni ai Americii, dac\u0103 \u015fi, c\u00e2nd Rusia va for\u0163a NATO s\u0103 ac\u0163ioneze. \u015ei&nbsp;\u00eenc\u0103 un lucru important. Pre\u015fedintele Biden are o vast\u0103 experien\u0163\u0103 \u00een rela\u0163ia militar\u0103 cu Europa de Est, fiind vicepre\u015fedinte \u00een 2014, c\u00e2nd Rusia a anexat Peninsula Crimeea \u015fi a \u00eenceput s\u0103 intensifice activit\u0103\u0163ile militare din estul Ucrainei. Biden a fost unul dintre arhitec\u0163ii a ceea ce se numea atunci Ini\u0163iativa European\u0103 de Reasigurare, o ini\u0163iativ\u0103 care consolida prezen\u0163a militar\u0103 a SUA \u00een Europa ca r\u0103spuns la agresiunea Rusiei, inclusiv prin sta\u0163ionarea a aproximativ 4.500 de solda\u0163i americani \u00een Polonia pe baz\u0103 de rota\u0163ie. Acest num\u0103r va cre\u015fte la 5.500 \u00een cadrul unui acord bilateral care a fost finalizat \u00een ultimele luni ale administra\u0163iei Trump.<\/p>\n\n\n\n<p>\u00cen timp ce Biden a anun\u0163at s\u0103pt\u0103m\u00e2na trecut\u0103 c\u0103 inverseaz\u0103 decizia lui Trump de a muta 12.000 de solda\u0163i din Germania &#8211; dintre care unii ar fi urmat s\u0103 fie redistribui\u0163i \u00een alt\u0103 parte a Europei, inclusiv Polonia &#8211; este pu\u0163in probabil s\u0103 modifice pactele de ap\u0103rare semnate de Trump cu Polonia \u015fi cu Ungaria, nici nu este de a\u015fteptat s\u0103 interfereze cu v\u00e2nz\u0103rile planificate de echipamente militare americane c\u0103tre aceste \u0163\u0103ri. Cheia securit\u0103\u0163ii \u0163\u0103rilor din Est este f\u0103r\u0103 \u00eendoial\u0103 la Washington. &nbsp;<\/p>\n\n\n\n<hr class=\"wp-block-separator\"\/>\n\n\n\n<p><a id=\"1\">[1]<\/a>&nbsp;Europe still needs America (No matter who is in the White House, we are in this together). De Annegret Kramp-Karrenbauer Politico noiembrie 2020.<\/p>\n\n\n\n<p><a id=\"2\">[2]<\/a>&nbsp;\u00ab Absurdistan \u00bb : un journal allemand tacle la France dans sa gestion du Covid-19-Le Point 14\/11\/2020&nbsp;<\/p>\n\n\n\n<p><a id=\"3\">[3]<\/a>&nbsp;&#8220;Marianne&#8221; : &#8220;germanophobes&#8221; ou vrais d\u00e9fenseurs de l\u2019Europe\u2009?- de Natacha Polony Publi\u00e9 le 08\/04\/2021<\/p>\n\n\n\n<p><a id=\"4\">[4]<\/a>&nbsp;https:\/\/www.youtube.com\/watch?v=HSCTFBf7q7o-Natacha Polony &#8211; &#8220;L&#8217;Allemagne nous taille des croupi\u00e8res sans que les m\u00e9dias s&#8217;y int\u00e9ressent&#8221;<\/p>\n\n\n\n<p><a id=\"5\">[5]<\/a>&nbsp;L\u2019Allemagne, le tyran de l\u2019UE &#8211; deLaure Lavalette Publi\u00e9 le 11 mars 2021 \u00e0 11h00-Le Vluers<\/p>\n\n\n\n<p><a id=\"6\">[6]<\/a>&nbsp;Fighting Escalates in Eastern Ukraine, Signaling the End to Another Cease-Fire- de Andrew E. Kramer The New York Times 30 martie 2021.<\/p>\n","protected":false},"excerpt":{"rendered":"<p>Cei doi omeni importan\u0163i de la Casa Alb\u0103 pre\u015fedintele Biden \u015fi alegerea sa pentru secretarul de stat, Antony Blinken, sunt indiscutabil, atlanti\u015fti confirma\u0163i. Ei recunosc c\u0103, \u00een ciuda cre\u015fterii Asiei\/Chinei, Statele Unite \u015fi Europa sunt \u00eenc\u0103 st\u00e2lpii purt\u0103tori ai unui sistem liberal interna\u0163ional, deschis \u015fi stabil. Dar acest lucru nu \u00eenseamn\u0103 doar un moment de \u201e\u00eentoarcere \u00een viitor\u201d. Re\u00eennoirea parteneriatului transatlantic va necesita adaptarea sistemelor de securitate, politice \u015fi economice existente la noile amenin\u0163\u0103ri transna\u0163ionale, rivalit\u0103\u0163ile geopolitice \u015fi realit\u0103\u0163ile interne. Reforma NATO \u015fi aprofundarea rela\u0163iei dintre SUA \u015fi Uniunea European\u0103 vor fi esen\u0163iale pentru aceast\u0103 agend\u0103. Pre\u015fedintele Biden a promis o restaurare, iar europenii au r\u0103spuns pozitiv. Jens Stoltenberg, Secretarul [&hellip;]<\/p>\n","protected":false},"author":4,"featured_media":6105,"comment_status":"open","ping_status":"closed","sticky":false,"template":"","format":"standard","meta":{"footnotes":""},"categories":[26,21],"tags":[],"class_list":["post-6104","post","type-post","status-publish","format-standard","has-post-thumbnail","hentry","category-alexandru-grumaz","category-europarusia"],"_links":{"self":[{"href":"https:\/\/www.cass-ro.org\/en\/wp-json\/wp\/v2\/posts\/6104"}],"collection":[{"href":"https:\/\/www.cass-ro.org\/en\/wp-json\/wp\/v2\/posts"}],"about":[{"href":"https:\/\/www.cass-ro.org\/en\/wp-json\/wp\/v2\/types\/post"}],"author":[{"embeddable":true,"href":"https:\/\/www.cass-ro.org\/en\/wp-json\/wp\/v2\/users\/4"}],"replies":[{"embeddable":true,"href":"https:\/\/www.cass-ro.org\/en\/wp-json\/wp\/v2\/comments?post=6104"}],"version-history":[{"count":1,"href":"https:\/\/www.cass-ro.org\/en\/wp-json\/wp\/v2\/posts\/6104\/revisions"}],"predecessor-version":[{"id":6109,"href":"https:\/\/www.cass-ro.org\/en\/wp-json\/wp\/v2\/posts\/6104\/revisions\/6109"}],"wp:featuredmedia":[{"embeddable":true,"href":"https:\/\/www.cass-ro.org\/en\/wp-json\/wp\/v2\/media\/6105"}],"wp:attachment":[{"href":"https:\/\/www.cass-ro.org\/en\/wp-json\/wp\/v2\/media?parent=6104"}],"wp:term":[{"taxonomy":"category","embeddable":true,"href":"https:\/\/www.cass-ro.org\/en\/wp-json\/wp\/v2\/categories?post=6104"},{"taxonomy":"post_tag","embeddable":true,"href":"https:\/\/www.cass-ro.org\/en\/wp-json\/wp\/v2\/tags?post=6104"}],"curies":[{"name":"wp","href":"https:\/\/api.w.org\/{rel}","templated":true}]}}