{"id":6151,"date":"2021-06-11T08:12:00","date_gmt":"2021-06-11T05:12:00","guid":{"rendered":"https:\/\/www.cass-ro.org\/?p=6151"},"modified":"2021-06-27T22:34:48","modified_gmt":"2021-06-27T19:34:48","slug":"la-geneva-o-afacere-biden-putin-in-stilul-reagan-gorbaciov-este-imposibila","status":"publish","type":"post","link":"https:\/\/www.cass-ro.org\/en\/la-geneva-o-afacere-biden-putin-in-stilul-reagan-gorbaciov-este-imposibila\/","title":{"rendered":"La Geneva, o \u201eafacere\u201c Biden-Putin \u00een stilul Reagan-Gorbaciov este imposibil\u0103!"},"content":{"rendered":"\n<p>Va fi obositor, dar nu \u00eempov\u0103r\u0103tor, ca pre\u015fedintele Joe Biden s\u0103 parcurg\u0103 secven\u0163a summit-urilor G-7, NATO \u015fi SUA-UE, \u00een care alia\u0163ii \u015fi partenerii vor fi bucuro\u015fi s\u0103-\u015fi consume discursul despre \u201ea se uni\u201d \u015fi \u201ea voi\u201d s\u0103 renun\u0163e la multiplele dezacorduri, gestionabile \u00eentr-un final. Bruxelles debordeaz\u0103 de optimism: turneul \u00een Europa pe care \u00eel \u00eencepe s\u0103pt\u0103m\u00e2na asta pre\u015fedintele american Joe Biden semnaleaz\u0103 c\u0103 \u201c<em>multilateralismul a supravie\u0163uit epocii Trump \u015fi preg\u0103te\u015fte scena pentru cooperare transatlantic\u0103 \u00een abordarea actualelor provoc\u0103ri, de la China \u015fi Rusia p\u00e2n\u0103 la schimb\u0103rile climatice<\/em>\u201d, a afirmat pre\u015fedintele Consiliului European, Charles Michel. Charles Michel \u015fi pre\u015fedinta Comisiei Europene, Ursula von der Leyen, se vor \u00eent\u00e2lni cu Joe Biden pe 15 iunie, dup\u0103 summitul G7 al celor mai industrializate state din 11-13 iunie de la Cornwall (Marea Britanie) \u015fi Summitul NATO de la Bruxelles din 14 iunie. Dac\u0103 \u00een 2020 la Conferin\u0163a de Securitate de la Munich tema era \u201do lume cu mai pu\u0163in Occident\u201d (Westlessness) \u00een 2021 tema era \u201ddincolo de era cu mai pu\u0163in Occident\u201d (Beyond Westlessness) iar America se \u00eentorcea \u00een comunitatea transatlantic\u0103 (\u201dAmerica is back\u201d-spunea Biden). Este clar o resetare a rela\u0163iei transatlantice a \u00eenceput.<\/p>\n\n\n\n<h2 class=\"wp-block-heading\"><strong>\u00cent\u00e2lnirea Biden-Putin un e\u015fec anun\u0163at sau o solu\u0163ie temporar\u0103?<\/strong><\/h2>\n\n\n\n<p>Pre\u015fedintele Biden pleac\u0103 \u00een prima sa c\u0103l\u0103torie \u00een str\u0103in\u0103tate. El a stabilit o agend\u0103 ambi\u0163ioas\u0103 &#8211; reconstruirea rela\u0163iilor Americii cu cei mai apropia\u0163i alia\u0163i ai s\u0103i \u015fi adunarea democra\u0163iilor lumii \u00een jurul unui obiectiv comun menit s\u0103 contracareze extinderea autoritarismului. Este un scop nobil \u015fi un efort necesar, dar nici o frenezie a summiturilor \u015fi nici o retoric\u0103 \u00een cre\u015ftere nu sunt cele mai bune mijloace pentru a o atinge. Dup\u0103 \u00eentreruperea epic\u0103 a politicilor din epoca Trump, alia\u0163ii europeni din Washington vor primi \u201dreasigurarea\u201d cu un \u201dochi sceptic\u201d. Disponibilitatea lui Biden trebuie s\u0103 dep\u0103\u015feasc\u0103 nu doar cicatricile din ultimii patru ani, ci \u015fi \u00eentreb\u0103rile continue cu privire la s\u0103n\u0103tatea propriei democra\u0163ii americane. \u015ei \u00een timp ce valorile \u015fi interesele noastre comune stau la baza rela\u0163iei, exist\u0103 &#8211; \u015fi a existat \u00eentotdeauna &#8211; o oarecare divergen\u0163\u0103 \u00eentre alia\u0163ii cu privire la modul de a le promova. Vestea bun\u0103 este c\u0103 aceast\u0103 administra\u0163ie este foarte potrivit\u0103 pentru a satisface nevoile momentului. Pre\u015fedintele Biden \u00eensu\u015fi are mai mult\u0103 experien\u0163\u0103 \u00een politica extern\u0103 dec\u00e2t oricare dintre predecesorii s\u0103i recen\u0163i, iar palmaresul s\u0103u este unul de realism, nu de exagerare. Mai mult dec\u00e2t at\u00e2t, el a petrecut primele cinci luni ale pre\u015fedin\u0163iei sale demonstr\u00e2nd capacitatea Americii de a de\u0163ine competen\u0163\u0103 constant\u0103 pe frontul de ac\u0163iune, organiz\u00e2nd resursele guvernului federal pentru a \u00eentoarce valul \u00eempotriva provoc\u0103rii istorice a pandemiei de coronavirus.<\/p>\n\n\n\n<p>\u00cent\u00e2lnirea cu pre\u015fedintele manipulator al Rusiei, Vladimir Putin, \u00eei va testa hot\u0103r\u00e2rea \u015fi r\u0103bdarea. Cei doi politicieni veterani se cunosc destul de bine unul pe altul, deci, f\u0103r\u0103 preambul, pot \u00eencepe o trecere \u00een revist\u0103 a aspectelor stabilit\u0103\u0163ii strategice, aspecte preg\u0103tite de consilieri, convenind asupra unor discu\u0163ii multilaterale, care pot sau nu s\u0103 dea roade \u00een urm\u0103torii ani. Pre\u015fedintele Biden a ar\u0103tat clar c\u0103 el caut\u0103 rela\u0163ii \u201estabile \u015fi previzibile\u201d cu Rusia, iar pre\u015fedintele Putin poate promite c\u0103 va opri hackerii ru\u015fi sa mai atace America \u015fi c\u0103 va scuti Ucraina de o nou\u0103 presiune militar\u0103. O cerere a Kremlinului ar putea fi legat\u0103 de situa\u0163ia Belarusului aflat pe agenda zilnic\u0103 a pre\u015fedintelui Putin. Principalul mesaj al lui Putin va fi inevitabil despre inacceptabilitatea \u201eamestecului\u201d occidental \u00een afacerile interne ruse\u015fti, ceea ce \u00eenseamn\u0103 c\u0103 omenii pre\u015fedintelui\/siloviki vor continua s\u0103 persecute opozi\u0163ia \u015fi s\u0103 extermine mass-media liber\u0103 dup\u0103 cum consider\u0103 potrivit. Pre\u015fedintele Biden nu poate accepta acest lucru, dar ar putea ap\u0103rea o \u201e\u00een\u0163elegere\u201d implicit\u0103. Acceptarea unor astfel de limite ale \u201estabilit\u0103\u0163ii\u201d ar putea deteriora agenda de consolidare a democra\u0163iei preg\u0103tit\u0103 de Biden. Putin este previzibil doar \u00een dorin\u0163a sa de a p\u0103stra ini\u0163iativa \u00een confruntarea cu Occidentul, a\u015fa c\u0103 este apt s\u0103 loveasc\u0103 \u00een primul moment oportun.<\/p>\n\n\n\n<p>Pre\u015fedintele Biden va intra \u00een summit-ul s\u0103u cu pre\u015fedintele Putin dintr-o pozi\u0163ie puternic\u0103, tocmai venind de la un summit NATO care va sublinia alian\u0163a str\u00e2ns\u0103 dintre Statele Unite, Canada \u015fi Europa. \u00cen timp ce ambii pre\u015fedin\u0163i au vorbit despre importan\u0163a stabilit\u0103\u0163ii strategice \u015fi a controlului armelor, r\u0103m\u00e2n diviziuni fundamentale \u00eentre cele dou\u0103 viziuni geopolitice. <strong>Biden discut\u0103 deseori despre importan\u0163a democra\u0163iei, de care se teme Putin, reiter\u00e2nd continuu sprijinul american pentru suveranitatea \u015fi integritatea teritorial\u0103 a Ucrainei, pe care Putin o consider\u0103 ca parte a sferei privilegiate de influen\u0163\u0103 a Rusiei.<\/strong> A\u015ftepta\u0163i-v\u0103 ca Putin s\u0103-\u015fi expun\u0103 nemul\u0163umirile \u00eempotriva Statelor Unite, pe care le folose\u015fte pentru a \u00eencerca s\u0103-\u015fi devieze responsabilitatea pentru stagnarea economic\u0103 continu\u0103 a Rusiei. \u00centre timp, Biden va face ceea ce nu a f\u0103cut predecesorul s\u0103u: s\u0103 arate clar c\u0103 ingerin\u0163a rus\u0103 continu\u0103 \u00een alegerile americane, \u00een infrastructura guvernamental\u0103 este inacceptabil\u0103. <strong>Zilele reuniunilor la nivel \u00eenalt SUA-Rusia, cu fi\u015fe informative lungi care sus\u0163ineau diverse acorduri \u015fi ini\u0163iative, tip Reagan-Gorbaciov, sunt o istorie veche, dar cele dou\u0103 \u0163\u0103ri ar putea s\u0103-\u015fi dea seama de dorin\u0163a lor de a coopera \u00een probleme precum Arctica, Iranul \u015fi schimb\u0103rile climatice. Biden \u015fi-a exprimat \u00een repetate r\u00e2nduri dorin\u0163a de a avea o rela\u0163ie stabil\u0103 \u015fi previzibil\u0103 SUA-Rusia (adic\u0103 mai pe \u015fleau&#8230;plictisitoare), care s\u0103 le permit\u0103 Statelor Unite s\u0103 \u00ee\u015fi concentreze aten\u0163ia asupra Chinei \u015fi acesta pare s\u0103 fie motivul pentru care a oferit, \u00een primul r\u00e2nd, acest summit lui Putin.<\/strong> Provoc\u0103rile permanente ale lui Putin l-au determinat pe Biden s\u0103 adopte o atitudine mai agresiv\u0103 a politicii externe, a\u015fa c\u0103 speran\u0163ele Casei Albe de lini\u015fte pe frontul Rusiei vor r\u0103m\u00e2ne probabil ne\u00eendeplinite. C\u00e2nd pre\u015fedintele Biden \u00eel \u00eent\u00e2lne\u015fte pe pre\u015fedintele Putin la Geneva, pe 16 iunie, are nevoie de o strategie \u015fi o viziune corect\u0103 pentru viitoarea securitate european\u0103. O nou\u0103 arhitectur\u0103 de securitate ar trebui s\u0103 caute s\u0103 inverseze \u00een mod verificabil agresiunile Rusiei \u00eempotriva vecinilor s\u0103i. \u00cen aceast\u0103 logic\u0103, procesul de reflec\u0163ie, demarat la Reuniunea Liderilor NATO de la Londra, din decembrie 2019, poate fi privit, \u00een esen\u0163\u0103, ca un efort prin care Alian\u0163a urm\u0103re\u015fte s\u0103 devin\u0103 mai puternic\u0103 \u015fi mai eficient\u0103 \u00een a furniza securitate membrilor \u015fi partenerilor s\u0103i \u015fi \u00een a participa mai activ la solu\u0163ionarea problemelor de securitate la nivel global. Noul Concept Strategic 2030<strong> cuprinde 138 de recomand\u0103ri, majoritatea viz\u00e2nd rolul politic al Alian\u0163ei, unitatea \u015fi coeziunea politic\u0103, procesul decizional, dar \u015fi consult\u0103rile dintre alia\u0163i, cu Uniunea European\u0103 \u015fi cu partenerii democratici din lume, precum zona Asia-Pacific.<\/strong> <strong>De asemenea, raportul define\u015fte ca amenin\u0163\u0103ri \u015fi provoc\u0103ri pentru securitatea euro-atlantic\u0103 actori statali precum Rusia \u015fi China \u015fi zone precum Sudul global. Tot ca amenin\u0163\u0103ri \u015fi provoc\u0103ri sunt \u00eencadrate terorismul, securitatea energetic\u0103, securitatea cibernetic\u0103, r\u0103zboiul hibrid, clima, tehnologiile emergente, controlul armamentului \u015fi descurajarea nuclear\u0103, dar \u015fi pandemiile \u015fi dezastrele naturale. <\/strong>\u201e<em>Deci, la Summit, vom avea o agend\u0103 ambi\u0163ioas\u0103, orientat\u0103 spre viitor. Consolidarea angajamentului nostru de a ne ap\u0103ra reciproc, l\u0103rgirea abord\u0103rii noastre asupra securit\u0103\u0163ii \u015fi o abordare mai global\u0103 pentru a ap\u0103ra ordinea interna\u0163ional\u0103 bazat\u0103 pe reguli<\/em>\u201d- spunea secretarul general NATO Jens Stoltenberg la reuniunea B9 de la Bucure\u015fti. Dar s\u0103 luam pe r\u00e2nd \u00eent\u00e2lnirile de pe agenda pre\u015fedintelui Biden.<\/p>\n\n\n\n<h2 class=\"wp-block-heading\"><strong>Ce va aduce summitul G7?<\/strong><\/h2>\n\n\n\n<p>V\u0103d c\u0103l\u0103toria pre\u015fedintelui Biden ca o oportunitate pentru SUA \u015fi G-7 de a dezvolta un nou mecanism care une\u015fte guvernele democratice cu institu\u0163iile de cercetare \u015fi sectorul privat pentru a pune cap\u0103t acestei pandemii. Acesta este un apel de trezire pentru G-7 pentru a crea sisteme de s\u0103n\u0103tate mai robuste, economii rezistente \u015fi medii durabile, toate acestea ne vor preg\u0103ti mai bine pentru urm\u0103toarea pandemie, a c\u0103rei sosire este doar o chestiune de timp. C\u00e2nd pre\u015fedintele Biden \u00ee\u015fi va \u00eent\u00e2lni omologii G-7, \u015fedin\u0163a va semnaliza faptul c\u0103 G-7 s-a \u00eentors \u00een geopolitica global\u0103. \u00cen 2009, pe m\u0103sur\u0103 ce criza financiar\u0103 global\u0103 a luat na\u015ftere, a fost G-20, nu G-7 (G-8 la acea vreme), unde liderii \u015fi oficialii finan\u0163elor au semnalat, cu succes, cooperarea cu \u0163\u0103rile cu ideologii \u015fi sisteme politice diferite, pentru binele comun. Gruparea mai mare G-20 a eclipsat efectiv G-7 \u00een urm\u0103torul deceniu, dar, de\u015fi agenda sa s-a extins, rezultatele ob\u0163inute nu au fost cele scontate. G-7 din aceast\u0103 s\u0103pt\u0103m\u00e2n\u0103 va include, de asemenea, Australia, India \u015fi Coreea de Sud, semnal\u00e2nd, de asemenea, c\u0103 G-7 este acum principalul forum \u00een care abord\u0103rile multilaterale ale problemelor globale vor fi eviden\u0163iate \u00eentre \u0163\u0103rile care \u00eemp\u0103rt\u0103\u015fesc valorile democratice, \u00een speran\u0163a de a face progrese tangibile \u00een abordarea crizelor actuale precum r\u0103spunsul la COVID-19 \u015fi la problemele de clim\u0103. Prin reenergizarea G-7, gazdele britanice, Biden \u015fi al\u0163i participan\u0163i aten\u0163ioneaz\u0103 c\u0103, atunci c\u00e2nd G-20 se va \u00eentruni, vor fi fost deja convenite pozi\u0163ii coordonate. China a reac\u0163ionat deja, sus\u0163in\u00e2nd c\u0103 \u201e<em>G7 nu are dreptul \u015fi nu ar trebui s\u0103 exclud\u0103 \u0163\u0103rile \u00een curs de dezvoltare sau alte platforme de guvernan\u0163\u0103 multilateral\u0103<\/em>\u201d. <strong>G-7 din aceast\u0103 s\u0103pt\u0103m\u00e2n\u0103 este o alt\u0103 reflectare a \u00eencadr\u0103rii lumii de c\u0103tre administra\u0163ia Biden \u00een democra\u0163ii \u015fi autocra\u0163ii. De asemenea, ar putea semnala c\u0103 ceea ce a mai r\u0103mas din epoca lini\u015ftit\u0103 a eforturilor de cooperare global\u0103 s-a \u00eencheiat \u015fi, odat\u0103 cu aceasta, primatul G-20.<\/strong><\/p>\n\n\n\n<h2 class=\"wp-block-heading\"><strong>America s-a \u00eentors!<\/strong><\/h2>\n\n\n\n<p>Casa Alb\u0103 vede urm\u0103toarea c\u0103l\u0103torie a pre\u015fedintelui Biden \u00een Europa ca o demonstra\u0163ie c\u0103 \u201eAmerica s-a \u00eentors\u201d dup\u0103 patru ani de pre\u015fedin\u0163ie Donald Trump. Exist\u0103 un risc considerabil ca acest mesaj s\u0103 nu prind\u0103 r\u0103d\u0103cini. Pe ambele p\u0103r\u0163i ale Atlanticului exist\u0103 pu\u0163in\u0103 poft\u0103 pentru revenirea la politica european\u0103 a administra\u0163iei Obama. Europenii urmeaz\u0103 politica american\u0103 \u015fi \u00een\u0163eleg c\u0103 Trumpismul nu este mort \u015fi ar putea reveni la alegerile din 2022 (par\u0163iale) sau 2024 (preziden\u0163iale). <strong>\u00centre timp, a\u015fa cum au sus\u0163inut unii anali\u015fti americani mul\u0163i oficiali ai administra\u0163iei Biden sunt sceptici c\u0103 Europa poate sau va face mai mult pentru a ajuta Statele Unite \u00een concuren\u0163a sa cu China. <\/strong>Pre\u015fedintele Biden este unic printre pre\u015fedin\u0163ii americani prin angajamentul s\u0103u de lung\u0103 durat\u0103 \u015fi afinitatea pentru alian\u0163a Atlantic\u0103. Va folosi pre\u015fedintele Biden aceast\u0103 c\u0103l\u0103torie pentru a-\u015fi expune viziunea asupra modului \u00een care aceast\u0103 alian\u0163\u0103 ar trebui s\u0103 se schimbe \u00een deceniile viitoare? Pare totu\u015fi pu\u0163in probabil s\u0103 se \u00eent\u00e2mple acest lucru \u00een aceast\u0103 c\u0103l\u0103torie, deci probabil va trebui s\u0103 a\u015ftept\u0103m mai mult.<\/p>\n\n\n\n<h2 class=\"wp-block-heading\"><strong>Ce a \u00eensemnat alegerea lui Biden: Restaurare sau o Noua Ordine Global\u0103?<\/strong><\/h2>\n\n\n\n<p>Alegerea lui Biden din noiembrie a \u00eencurajat noua instituirea a politicii externe a SUA. Noul pre\u015fedinte a promis c\u0103 va prelua \u201dmantia conducerii globale\u201d pe care Trump o l\u0103sase deoparte \u015fi va face din nou Occidentul nucleul unei Ordini Mondiale deschise, bazate pe reguli. Anii aberan\u0163i ai lui Trump ar putea s\u0103 dispar\u0103 temporar din imaginea zilei, \u00een cele din urm\u0103 privi\u0163i ca un interregn bizar \u00eentre dou\u0103 perioade \u201enormale\u201d ale interna\u0163ionalismului american. Din p\u0103cate, acest scenariu simplu de Restaurare se ciocne\u015fte cu patru adev\u0103ruri incomode. <strong>\u00cen primul r\u00e2nd<\/strong>, ordinea condus\u0103 de Occident a fost, cu mult \u00eenainte de Trump, dezechilibrat\u0103 prin cre\u015fterea concuren\u0163ei geopolitice cu China \u015fi Rusia, printr-o cot\u0103 colectiv\u0103 din PIB-ul global \u00een sc\u0103dere \u00een r\u00e2ndul statelor membre ale Organiza\u0163iei pentru Cooperare \u015fi Dezvoltare Economic\u0103 \u015fi deziluzia publicului fa\u0163\u0103 de globalizare, \u00een special dup\u0103 criza financiar\u0103. Aceste puncte slabe r\u0103m\u00e2n. <strong>\u00cen al doilea r\u00e2nd<\/strong>, era Trump a pus la \u00eendoial\u0103 puterea global\u0103 a SUA, \u00eencuraj\u00e2nd alia\u0163ii apropia\u0163i din Europa \u015fi Asia s\u0103-\u015fi protejeze investi\u0163iile \u00eempotriva unei Americi brusc capricioase. Astfel de nelini\u015fti persist\u0103, \u00een ciuda asigur\u0103rilor lui Biden. <strong>\u00cen al treilea r\u00e2nd<\/strong>, pre\u015fedin\u0163ia lui Trump a demolat ceea ce mai r\u0103m\u0103sese pu\u0163in din consensul interna\u0163ionalist bipartisan din Congresul SUA. <strong>Democra\u0163ii \u015fi republicanii \u201dlocuiesc\u201d acum pe diferite planete de politic\u0103 extern\u0103.<\/strong> \u00cen cele din urm\u0103, nu este clar dac\u0103 institu\u0163iile occidentale mo\u015ftenite din epoca R\u0103zboiului Rece se pot adapta la provoc\u0103rile globale de ast\u0103zi, de la schimb\u0103rile climatice, la r\u0103zboiul cibernetic, boala pandemic\u0103 sau dislocarea economic\u0103. Dincolo de reafirmarea solidarit\u0103\u0163ii occidentale, strict necesar\u0103, liderul american trebuie s\u0103 anun\u0163e pa\u015fi concre\u0163i pentru ap\u0103rarea democra\u0163iei \u00een America \u015fi \u00een lume, s\u0103 re\u00eenvie \u015fi s\u0103 umanizeaz\u0103 globalizarea, s\u0103 sus\u0163in\u0103 ap\u0103rarea colectiv\u0103 \u015fi s\u0103 abordeze provoc\u0103rile transna\u0163ionale, cum ar fi pandemia COVID-19 \u015fi \u00eenc\u0103lzirea global\u0103. Iat\u0103 o previzualizare a principalelor probleme \u00een joc \u00een viitoarele summit-uri.<\/p>\n\n\n\n<h2 class=\"wp-block-heading\"><strong>Ce aduce nou G7? O Mare Britanie re\u00eenviat\u0103 din cenu\u015fa Brexitului?<\/strong><\/h2>\n\n\n\n<p>Sub Trump, reuniunile anuale ale marilor democra\u0163ii de pe pia\u0163\u0103 sem\u0103nau cu o reuniune de familie disfunc\u0163ional\u0103. Adunarea G7 din acest an, \u00een sta\u0163iunea Carbis Bay, ar trebui s\u0103 fie diferit\u0103. <strong>Primul ministru britanic Boris Johnson, \u00een calitate de gazd\u0103, a ales patru priorit\u0103\u0163i \u00een rubrica \u201eConstruind \u00eenapoi mai bine\u201d: rezisten\u0163a la pandemie \u015fi recuperarea din aceasta, schimb\u0103rile climatice \u015fi biodiversitatea, comer\u0163ul liber \u015fi echitabil \u015fi promovarea valorilor comune. <\/strong>Colectiv, subiectele arat\u0103 c\u00e2t de departe a evoluat G-7 de la concentrarea sa original\u0103 \u015fi \u00eengust\u0103 asupra coordon\u0103rii macroeconomice. Liderii aduna\u0163i vor c\u0103uta s\u0103 extind\u0103 accesul global la vaccinuri, care au fost administrate \u00een mod cov\u00e2r\u015fitor \u00een \u0163\u0103rile bogate, vor discuta despre posibilitatea \u201epa\u015fapoartelor COVID\u201d \u015fi vor lua \u00een considerare un nou tratat global privind pandemiile. De asemenea, \u00ee\u015fi vor reafirma obiectivele de reducere a emisiilor \u00eenaintea celei de-a 26-a Conferin\u0163e a ONU privind schimb\u0103rile climatice, cunoscut\u0103 sub numele de COP26, la Glasgow, \u00een noiembrie, \u015fi vor sus\u0163ine obiectivul de pierdere zero a biodiversit\u0103\u0163ii globale p\u00e2n\u0103 \u00een 2030. Se vor angaja s\u0103 re\u00eenvie liberalizarea comercial\u0103 global\u0103, \u00een a\u015fteptarea celei de-a 12-a reuniuni ministeriale a Organiza\u0163iei Mondiale a Comer\u0163ului de la sf\u00e2r\u015fitul acestui an, promi\u0163\u00e2nd totodat\u0103 s\u0103 ia \u00een considerare impactul globaliz\u0103rii asupra vie\u0163ii cet\u0103\u0163enilor. \u00cen cele din urm\u0103, se vor angaja s\u0103 apere valorile democratice \u00eempotriva du\u015fmanilor libert\u0103\u0163ii, at\u00e2t \u00een \u200b\u200b\u0163ar\u0103, c\u00e2t \u015fi \u00een str\u0103in\u0103tate. <strong>Summitul din Cornwall va oferi un test timpuriu pentru pariul lui Johnson c\u0103 o \u201eBritanie global\u0103\u201d poate ap\u0103rea din cenu\u015fa Brexitului.<\/strong> De asemenea, va permite observatorilor s\u0103 evalueze coeziunea politic\u0103 \u015fi relevan\u0163a global\u0103 a G-7 \u00eentr-o lume multipolar\u0103 din punct de vedere ideologic. \u00cen speran\u0163a de a consolida acoperirea global\u0103 a grup\u0103rii, Londra a invitat alte patru democra\u0163ii &#8211; Australia, Coreea de Sud, India \u015fi Africa de Sud &#8211; s\u0103 participe al\u0103turi de membrii s\u0103i principali, UE este considerat\u0103, de asemenea, un membru \u201eneenumerat\u201d. \u00cen prezent, na\u0163iunile G-7 arat\u0103 pu\u0163in apetit pentru extinderea permanent\u0103 a membrilor grupului &#8211; de exemplu, prin crearea unui \u201e10 democratic\u201d sau D-10, a\u015fa cum propun unii strategi. Cu toate acestea, presiunea \u00een acest sens va cre\u015fte cu siguran\u0163\u0103 dac\u0103 rela\u0163iile G-7 cu China \u015fi Rusia continu\u0103 s\u0103 se deterioreze. <strong>Biden, care descrie competi\u0163ia dintre democra\u0163ie \u015fi autoritarism ca o lupt\u0103 definitorie a timpului nostru, trebuie s\u0103 fie preg\u0103tit pentru aceast\u0103 situa\u0163ie neprev\u0103zut\u0103.<\/strong><\/p>\n\n\n\n<h2 class=\"wp-block-heading\"><strong>NATO \u00een moarte cerebral\u0103?<\/strong><\/h2>\n\n\n\n<p>Din Cornwall, Biden c\u0103l\u0103tore\u015fte la Bruxelles pe 14 iunie pentru un summit cu &nbsp;lideri NATO, care \u00eel vor saluta cu c\u0103ldur\u0103 dup\u0103 patru ani de decizii ale lui Trump care au satisf\u0103cut Estul \u015fi au nemul\u0163umit Vestul. Totu\u015fi, agenda este descurajant\u0103 \u015fi contextul politic complex. La un an \u015fi jum\u0103tate dup\u0103 ce pre\u015fedintele francez Emmanuel Macron a caracterizat NATO drept o \u201dalian\u0163\u0103 \u00een moarte cerebral\u0103\u201d, alian\u0163a urmeaz\u0103 s\u0103 adopte un concept strategic actualizat destinat s\u0103 reorienteze NATO, departe de ap\u0103rarea colectiv\u0103 clasic\u0103 c\u0103tre un rol geopolitic global, precum \u015fi c\u0103tre noi amenin\u0163\u0103ri precum conflictul cibernetic, schimb\u0103rile climatice \u015fi combaterea pandemiilor. Cu toate acestea, provoc\u0103rile practice imediate \u015fi tensiunile politice interne pot complica aceste aspira\u0163ii. Un punct important pe agend\u0103 este negocierea unei retrageri ordonate din Afganistan, ca urmare a angajamentului unilateral al lui Biden de a \u00eenl\u0103tura toate trupele americane p\u00e2n\u0103 la 11 septembrie, program care a fost accelerat de atunci \u015fi se a\u015fteapt\u0103 s\u0103 fie finalizat p\u00e2n\u0103 \u00een iulie. Mi\u015fcarea SUA a zguduit alia\u0163ii americani \u015fi ridic\u0103 \u00eentreb\u0103ri cu privire la modul \u00een care for\u0163ele de securitate afgane vor fi finan\u0163ate atunci c\u00e2nd cea mai lung\u0103 misiune a NATO de peste m\u0103ri se va termina. Dincolo de Afganistan, alian\u0163a se va lupta pentru a stabili o pozi\u0163ie comun\u0103 \u00een privin\u0163a Chinei, cu mai mul\u0163i alia\u0163i precau\u0163i \u00een aplicarea dorin\u0163ei Washingtonului de a-i \u00eenrola \u00een competi\u0163ia strategic\u0103 cu Beijing. De asemenea alia\u0163ii ar trebui s\u0103 g\u0103seasc\u0103 un punct comun atunci c\u00e2nd vine vorba de Rusia, al c\u0103rei ministru al ap\u0103r\u0103rii a anun\u0163at acum dou\u0103 s\u0103pt\u0103m\u00e2ni c\u0103 Moscova va pozi\u0163iona 20 de noi unit\u0103\u0163i militare de-a lungul frontierei sale de vest \u015fi va consolida prezen\u0163a militar\u0103 \u00een Kaliningrad.<\/p>\n\n\n\n<p>Pe 28 octombrie 2018, Ministerul Ap\u0103r\u0103rii din Rusia a confirmat c\u0103 cea mai recent\u0103 versiune a sistemului Samarkand EW (r\u0103zboi electronic) a fost desf\u0103\u015furat\u0103 \u00een Kaliningrad \u015fi \u00een alte zone strategice. Cel pu\u0163in 16 dintre aceste noi sisteme au fost desf\u0103\u015furate \u00een 13 unit\u0103\u0163i, ca parte a unui program mai larg care cost\u0103 61 de milioane de ruble (920.000 de dolari) \u015fi care a fost finalizat p\u00e2n\u0103 \u00een noiembrie 2019. Speciali\u015ftii militari ru\u015fi din Moscova consider\u0103 c\u0103 sistemul Samarkand EW este conceput pentru a bloca sistemele de comunicare ale unui adversar \u015fi ar viza structurile de comand\u0103, control, comunica\u0163ii, computere, informa\u0163ii, supraveghere \u015fi recunoa\u015ftere (C4ISR) ale inamicului \u015fi va opera \u00eempotriva GPS-ului (inclusiv prin \u201espoofing\u201d-bruierea imaginii coordonatelor geografice). Samarkand EW este un sistem militar de suprimare, ceea ce \u00eenseamn\u0103 c\u0103 atunci c\u00e2nd for\u0163ele inamice \u00eencearc\u0103 s\u0103 efectueze opera\u0163iuni \u00een zona sa, vor \u00eent\u00e2mpina probleme cu comunica\u0163iile \u015fi toate celelalte echipamentele electronice militare. \u00cen cele din urm\u0103, NATO va trebui s\u0103 abordeze dou\u0103 provoc\u0103ri ale solidarit\u0103\u0163ii alian\u0163ei. <strong>Primul<\/strong> este cum s\u0103 r\u0103spundem la dezvoltarea continu\u0103 a capacit\u0103\u0163ilor de ap\u0103rare independente ale UE, despre care SUA \u015fi unii alia\u0163i s-au \u00eengrijorat mult timp c\u0103 ar putea afecta coeziunea NATO &#8211; o suspiciune \u00eent\u0103rit\u0103 de invocarea francez\u0103 a conceptului de \u201eautonomie strategic\u0103\u201d. Av\u00e2nd \u00een vedere dorin\u0163a \u00eendelungat\u0103 a SUA ca alia\u0163ii europeni s\u0103 investeasc\u0103 mai mult \u00een ap\u0103rare, este timpul ca Washingtonul s\u0103 arate flexibilitate \u00een aceast\u0103 problem\u0103. <strong>A doua problem\u0103<\/strong> dificil\u0103 este Turcia, care, sub conducerea autocratic\u0103 a pre\u015fedintelui Recep Tayyip Erdogan (Biden \u015fi Erdogan vor avea o convorbire personal\u0103), a insistat s\u0103 achizi\u0163ioneze rachete antiaeriene S-400 fabricate \u00een Rusia, \u00een ciuda \u201drug\u0103min\u0163ilor\u201d aliate \u015fi, mai recent, a diluat r\u0103spunsul NATO la deturnarea de c\u0103tre Belarus a unui avion Ryanair &#8211; un act de piraterie de stat care contrazice orice no\u0163iune de ordine interna\u0163ional\u0103 bazat\u0103 pe reguli. <strong>\u00cen ciuda loca\u0163iei sale strategice, poate fi timpul s\u0103 revizuim statutul Turciei ca aliat al NATO!. \u015ei totu\u015fi ne uitam la noul parteneriat pe linie militar\u0103 Polonia-Turcia.<\/strong> Potrivit Ministerului Ap\u0103r\u0103rii din Polonia, un avion PZL M28 Bryza R1 a fost dislocat \u00een Turcia pentru &nbsp;ca s\u0103 participe la opera\u0163iunea NATO TAMT (M\u0103suri de asigurare personalizate Turcia). \u00cen cur\u00e2nd va opera din Turcia \u00een estul Mediteranei \u015fi peste Marea Neagr\u0103. TAMT<a href=\"#1\">[1]<\/a> ar marca prima misiune pe care armata polonez\u0103 o va \u00eentreprinde pe teritoriul turc. Polonia este dornic\u0103 de un mai mare angajamentul \u00een regiune. \u00cen aprilie 2020, Jacek Czaputowicz, pe atunci ministru de externe al Poloniei, a subliniat dup\u0103 \u00eent\u00e2lnirea trilateral\u0103 cu omologii s\u0103i rom\u00e2ni \u015fi turci c\u0103 Polonia, Rom\u00e2nia \u015fi Turcia sunt trei piloni ai flancului estic al NATO. \u00cen cadrul unei recente conferin\u0163e de pres\u0103 comune cu pre\u015fedintele Erdogan, pre\u015fedintele Duda a anun\u0163at c\u0103 platforma de cooperare polono-rom\u00e2n\u0103-turc\u0103 va fi ridicat\u0103 la nivelul preziden\u0163ial. Turcia se pare c\u0103 \u015fi-a g\u0103sit un nou drum spre Europa.<\/p>\n\n\n\n<h2 class=\"wp-block-heading\"><strong>Mizele summitului Biden-Putin: Ucraina \u015fi interferen\u0163a Rusiei \u00een alegerile americane<\/strong><\/h2>\n\n\n\n<p>Biden \u00ee\u015fi \u00eencheie aventura european\u0103 cu dou\u0103 \u00eent\u00e2lniri finale &#8211; cu liderii UE la Bruxelles, la 15 iunie \u015fi cu Vladimir Putin, la Geneva, la 16 iunie. \u00cen decembrie 2020, Comisia European\u0103 a elaborat \u201eO nou\u0103 agend\u0103 SUA-UE pentru schimbare global\u0103 \u201d, cre\u00e2nd o ocazie, o dat\u0103 la o genera\u0163ie, de a avansa o abordare transatlantic\u0103 comun\u0103 a Ordinii Mondiale. De atunci, tensiunile legate de comer\u0163, impozite \u015fi vaccinurile COVID-19 au \u00eentunecat aceast\u0103 viziune. Cele dou\u0103 p\u0103r\u0163i vor \u00eencerca s\u0103 pun\u0103 acele dificult\u0103\u0163i \u00een spate reafirm\u00e2nd &#8211; conform unui proiect de comunicare scurs \u00een media- \u201e<em>importan\u0163a leg\u0103turii UE-SUA, parteneriatul ca ancor\u0103 pentru pace, securitate \u015fi stabilitate \u00een \u00eentreaga lume. \u201d<\/em> <strong>Dac\u0103 totul merge a\u015fa cum este planificat, Biden ar trebui s\u0103 ajung\u0103 la Geneva cu ceva pe care nici Putin, nici pre\u015fedintele chinez Xi Jinping nu \u00eel vor avea vreodat\u0103: o re\u0163ea solid\u0103 de alia\u0163i dedica\u0163i unei viziuni comune asupra lumii &#8211; \u015fi cu resursele colective care s\u0103 o sus\u0163in\u0103 sus.<\/strong> C\u00e2nd secretarul de stat al SUA, Antony Blinken, s-a \u00eent\u00e2lnit luna trecut\u0103 cu omologul s\u0103u rus, Sergey Lavrov, la Reykjavik, a determinat compara\u0163ii inevitabile cu o alt\u0103 \u00eent\u00e2lnire la nivel \u00eenalt din capitala Islandei: celebrul summit din octombrie 1986 dintre Ronald Reagan \u015fi Mihail Gorbaciov, care a preg\u0103tit scena pentru \u201ddecongelarea\u201d R\u0103zboiului Rece. \u00cen timp ce actualii lideri americani \u015fi ru\u015fi, Joe Biden \u015fi Vladimir Putin, se preg\u0103tesc pentru primul lor summit la 16 iunie la Geneva, perspectivele sunt slabe pentru progresul realizat de Reagan \u015fi Gorbaciov. Tensiunile r\u0103m\u00e2n ridicate datorit\u0103 anex\u0103rii Crimeii din 2014 de c\u0103tre Rusia \u015fi invaziei ulterioare a Ucrainei, amestecul s\u0103u \u00een alegerile din SUA, comportamentul s\u0103u agresiv \u00een spa\u0163iul cibernetic &#8211; inclusiv hack-ul recent SolarWinds, care a compromis o serie de entit\u0103\u0163i din sectorul public \u015fi privat din Occident &#8211; \u015fi sanc\u0163iunile pe care Washington le-a impus ca r\u0103spuns la toate acele activit\u0103\u0163i. <strong>\u00cent\u00e2lnirea Biden-Putin va oferi totu\u015fi un test important al capacit\u0103\u0163ii celor dou\u0103 \u0163\u0103ri de a forja ceea ce Blinken a numit \u201eo rela\u0163ie mai stabil\u0103 \u015fi mai previzibil\u0103\u201d.<\/strong> \u00cen ceea ce prive\u015fte o m\u00e2n\u0103 de probleme, \u00een special \u00een direc\u0163ia viitoare a acordurilor de control al armelor \u015fi a aranjamentelor politice din Afganistan, dup\u0103 retragerea for\u0163elor SUA \u00een septembrie, sunt posibile progrese reale. <strong>Summitul ofer\u0103, de asemenea, o oportunitate pentru discu\u0163ii sincere cu privire la dou\u0103 aspecte care au leg\u0103turi puternice de mai bine de un deceniu \u015fi care trebuie abordate pentru a atinge stabilitatea \u015fi predictibilitatea: conflictul din Ucraina \u015fi interferen\u0163a Rusiei \u00een politica intern\u0103 a SUA \u015fi a alia\u0163ilor s\u0103i.<\/strong> Aceste dou\u0103 probleme sunt extrem de periculoase, deoarece o parte sau cealalt\u0103 vede fiecare dintre ele \u00een termeni existen\u0163iali. Prin urmare, niciuna dintre ele nu este propice rezolv\u0103rii. Totu\u015fi, dup\u0103 ani de criz\u0103 aproape perpetu\u0103 \u00eentre Washington \u015fi Moscova, este posibil s\u0103 fie timpul pentru conversa\u0163iile dure pe ambele subiecte necesare stabiliz\u0103rii rela\u0163iei. Pentru Rusia, conflictul din Ucraina nu se refer\u0103 doar la cine va controla zonele industriale devastate din regiunea ocupat\u0103 Donbas sau la men\u0163inerea unei prezen\u0163e navale sporite \u00een Crimeea, ci la leg\u0103turile complexe istorice, economice \u015fi personale dintre cele dou\u0103 state \u015fi la validitatea Afirma\u0163ia lui Putin c\u0103 ucrainenii \u015fi ru\u015fii sunt \u201eun singur popor\u201d. \u00cen plus, datorit\u0103 leg\u0103turilor istorice profunde \u015fi de alt\u0103 natur\u0103 dintre Ucraina \u015fi Rusia, soarta transform\u0103rii politice a Ucrainei ar putea avea implica\u0163ii profunde \u015fi pentru Rusia. Acumularea militar\u0103 a Rusiei de-a lungul grani\u0163elor Ucrainei la \u00eenceputul acestui an a fost un semnal puternic c\u0103 nicio solu\u0163ie nu este posibil\u0103 f\u0103r\u0103 acceptarea Moscovei. Pentru Statele Unite, conflictul r\u0103m\u00e2ne legat de aspira\u0163ia expus\u0103 \u00een 1989 de pre\u015fedintele de atunci George H.W. Bush, pentru a construi o Europ\u0103 \u201e\u00eentreag\u0103 \u015fi liber\u0103\u201d, cu state libere s\u0103 \u00ee\u015fi aleag\u0103 propriile sisteme politice \u015fi rela\u0163ii de alian\u0163\u0103. Prin urmare, SUA sus\u0163in dreptul ucrainenilor de a decide dac\u0103 doresc s\u0103 adere la Uniunea European\u0103 sau la NATO, \u00een timp ce Rusia cere un veto. Aceste pozi\u0163ii \u00eentruchipeaz\u0103 dou\u0103 viziuni esen\u0163ial incompatibile ale ordinii politice. \u00cen mod similar, problema interferen\u0163ei politice interne are mize enorme \u015fi pu\u0163ine perspective de solu\u0163ionare. At\u00e2t Moscova, c\u00e2t \u015fi Washingtonul \u00eel acuz\u0103 pe cel\u0103lalt c\u0103 \u00eencearc\u0103 s\u0103 submineze sistemele lor politice respective, fie prin interven\u0163ia electoral\u0103 rus\u0103 \u00een SUA, fie prin sprijinul american pentru organiza\u0163iile pro-democra\u0163ie \u015fi personalit\u0103\u0163ile de opozi\u0163ie din Rusia. Acest lucru face dificil\u0103 chiar \u015fi men\u0163inerea rela\u0163iilor normale.<\/p>\n\n\n\n<h2 class=\"wp-block-heading\"><strong>\u00cen loc de concluzie<\/strong><\/h2>\n\n\n\n<p>Rolul sanc\u0163iunilor este \u015fi mai complicat. \u00cengrijorarea cu privire la leg\u0103turile lui Trump cu Rusia a produs un acord bipartisan, rar \u00een Congres, cu privire la adoptarea sanc\u0163iunilor \u00eempotriva Rusiei \u015fi transpunerea lor \u00een lege \u00een timpul mandatului s\u0103u, l\u0103s\u00e2nd administra\u0163iei Biden o flexibilitate limitat\u0103 pentru a le retrage. Dac\u0103 Biden \u015fi Putin sunt capabili s\u0103 stabileasc\u0103 \u201elinii ro\u015fii\u201d \u00een\u0163elese reciproc \u015fi s\u0103 ofere asigur\u0103ri \u00een jurul conflictului ucrainean \u015fi a interferen\u0163ei politice, ar ajuta ca cele dou\u0103 p\u0103r\u0163i s\u0103 se concentreze asupra altor preocup\u0103ri. Spre deosebire de Gorbaciov, care a intrat \u00een func\u0163ie inten\u0163ionat s\u0103 scuture un sistem muribund, Putin a fost la putere de mai bine de dou\u0103 decenii, supraveghind un regim care este din ce \u00een ce mai paranoic cu privire la ceea ce vede ca fiind influen\u0163a subversiv\u0103 a lumii exterioare. Cu o economie cu cre\u015ftere lent\u0103, dezam\u0103gire cresc\u00e2nd\u0103 \u015fi probleme la periferia sa, Moscova ar beneficia de o pauz\u0103 \u00een confruntare. La fel \u015fi Washingtonul. <strong>\u00cen timp ce costurile unei competi\u0163ii sporite cu Rusia sunt suportabile, administra\u0163ia Biden a identificat, China ca \u201esingurul concurent poten\u0163ial capabil s\u0103 &#8230; prezinte o provocare sus\u0163inut\u0103 la un sistem interna\u0163ional stabil \u015fi deschis\u201d \u015fi ar dori s\u0103-\u015fi concentreze resursele asupra acestei concuren\u0163e.<\/strong> Nici Moscova, nici Washingtonul nu au ast\u0103zi iluzii cu privire la o nou\u0103 \u201eresetare\u201d, cu at\u00e2t mai pu\u0163in o afacere \u00een stil Reagan-Gorbaciov. Crizele precum cea declan\u015fat\u0103 de Luka\u015fenko sunt o dovad\u0103 a gamei extraordinare de probleme \u00een care se intersecteaz\u0103 interesele SUA \u015fi ale Rusiei. Gestionarea concuren\u0163ei asupra lor nu este niciodat\u0103 u\u015foar\u0103, mai ales atunci c\u00e2nd ne\u00eencrederea este at\u00e2t de extins\u0103. <strong>Viitorul summit este o oportunitate de a explora dac\u0103 crizele acumulate din ultimii ani pot fi gestionate, dac\u0103 nu rezolvate.<\/strong> Invazia Rusiei \u00een Ucraina \u015fi amestecul \u00een politica SUA au fost extraordinar de destabilizante. Din p\u0103cate, ele nu pot fi anulate. Ele pot fi gestionate doar diplomatic, ceea ce la r\u00e2ndul s\u0103u necesit\u0103 conversa\u0163ii sincere \u00eentre lideri. Dac\u0103 exist\u0103 vreun motiv pentru optimism cu privire la rela\u0163iile SUA-Rusia, acesta provine din ceea ce pare a fi o recunoa\u015ftere de ambele p\u0103r\u0163i a necesit\u0103\u0163ii de a reduce temperatura \u015fi de a se concentra asupra altor provoc\u0103ri. Nu vor fi Reagan \u015fi Gorbaciov la Reykjavik, dar dac\u0103 Biden \u015fi Putin, la Geneva, pot conferi un anumit grad de previzibilitate \u015fi stabilitate rela\u0163iei periculos de volatile dintre cele dou\u0103 state, \u015fi ei pot s\u0103 fac\u0103 lumea un pic mai sigur\u0103.<\/p>\n\n\n\n<hr class=\"wp-block-separator\"\/>\n\n\n\n<p><a id=\"1\">[1]<\/a> Desf\u0103\u015furarea TAMT a fost ini\u0163iat\u0103 de for\u0163ele NATO \u00een 2015, \u00een urma unei cereri turce\u015fti care a ap\u0103rut dup\u0103 ce situa\u0163ia de la frontiera sirian\u0103 s-a intensificat. Acest lucru a fost legat de conflictul armat care se deruleaz\u0103 \u00eenc\u0103 acolo. Misiunea implic\u0103 prezen\u0163a suplimentar\u0103 a mijloacelor de avertizare timpurie aerian\u0103 (AWACS), prezen\u0163a sporit\u0103 \u00een zona mediteraneean\u0103 de est, activit\u0103\u0163i de recunoa\u015ftere \u015fi colectare de informa\u0163ii \u015fi schimbul de informa\u0163ii.<\/p>\n","protected":false},"excerpt":{"rendered":"<p>Va fi obositor, dar nu \u00eempov\u0103r\u0103tor, ca pre\u015fedintele Joe Biden s\u0103 parcurg\u0103 secven\u0163a summit-urilor G-7, NATO \u015fi SUA-UE, \u00een care alia\u0163ii \u015fi partenerii vor fi bucuro\u015fi s\u0103-\u015fi consume discursul despre \u201ea se uni\u201d \u015fi \u201ea voi\u201d s\u0103 renun\u0163e la multiplele dezacorduri, gestionabile \u00eentr-un final. Bruxelles debordeaz\u0103 de optimism: turneul \u00een Europa pe care \u00eel \u00eencepe s\u0103pt\u0103m\u00e2na asta pre\u015fedintele american Joe Biden semnaleaz\u0103 c\u0103 \u201cmultilateralismul a supravie\u0163uit epocii Trump \u015fi preg\u0103te\u015fte scena pentru cooperare transatlantic\u0103 \u00een abordarea actualelor provoc\u0103ri, de la China \u015fi Rusia p\u00e2n\u0103 la schimb\u0103rile climatice\u201d, a afirmat pre\u015fedintele Consiliului European, Charles Michel. Charles Michel \u015fi pre\u015fedinta Comisiei Europene, Ursula von der Leyen, se vor \u00eent\u00e2lni cu Joe Biden [&hellip;]<\/p>\n","protected":false},"author":4,"featured_media":6167,"comment_status":"open","ping_status":"closed","sticky":false,"template":"","format":"standard","meta":{"footnotes":""},"categories":[26,19],"tags":[],"class_list":["post-6151","post","type-post","status-publish","format-standard","has-post-thumbnail","hentry","category-alexandru-grumaz","category-america"],"_links":{"self":[{"href":"https:\/\/www.cass-ro.org\/en\/wp-json\/wp\/v2\/posts\/6151"}],"collection":[{"href":"https:\/\/www.cass-ro.org\/en\/wp-json\/wp\/v2\/posts"}],"about":[{"href":"https:\/\/www.cass-ro.org\/en\/wp-json\/wp\/v2\/types\/post"}],"author":[{"embeddable":true,"href":"https:\/\/www.cass-ro.org\/en\/wp-json\/wp\/v2\/users\/4"}],"replies":[{"embeddable":true,"href":"https:\/\/www.cass-ro.org\/en\/wp-json\/wp\/v2\/comments?post=6151"}],"version-history":[{"count":2,"href":"https:\/\/www.cass-ro.org\/en\/wp-json\/wp\/v2\/posts\/6151\/revisions"}],"predecessor-version":[{"id":6169,"href":"https:\/\/www.cass-ro.org\/en\/wp-json\/wp\/v2\/posts\/6151\/revisions\/6169"}],"wp:featuredmedia":[{"embeddable":true,"href":"https:\/\/www.cass-ro.org\/en\/wp-json\/wp\/v2\/media\/6167"}],"wp:attachment":[{"href":"https:\/\/www.cass-ro.org\/en\/wp-json\/wp\/v2\/media?parent=6151"}],"wp:term":[{"taxonomy":"category","embeddable":true,"href":"https:\/\/www.cass-ro.org\/en\/wp-json\/wp\/v2\/categories?post=6151"},{"taxonomy":"post_tag","embeddable":true,"href":"https:\/\/www.cass-ro.org\/en\/wp-json\/wp\/v2\/tags?post=6151"}],"curies":[{"name":"wp","href":"https:\/\/api.w.org\/{rel}","templated":true}]}}