{"id":6343,"date":"2022-01-22T19:42:00","date_gmt":"2022-01-22T17:42:00","guid":{"rendered":"https:\/\/www.cass-ro.org\/?p=6343"},"modified":"2022-01-24T19:53:07","modified_gmt":"2022-01-24T17:53:07","slug":"blinken-absolute-nonstarters","status":"publish","type":"post","link":"https:\/\/www.cass-ro.org\/en\/blinken-absolute-nonstarters\/","title":{"rendered":"Blinken: \u201eabsolute nonstarters\u201d"},"content":{"rendered":"\n<p><em><strong>Expresia din titlu se refer\u0103 la propunerile Moscovei c\u0103tre SUA f\u0103cute la Geneva \u0219i la NATO \u0219i considerate ca propuneri cu care nu se pot \u00eencepe negocierile\/discu\u021biile referitoare la criza ucrainean\u0103.<\/strong><\/em><\/p>\n\n\n\n<p>Anul \u00eencheiat recent, 2021, a fost un an de tranzi\u021bie ce a marcat revenirea SUA \u00een centru politicii europene \u0219i a adus pe scena geopolitic\u0103 o negociere strategic\u0103 \u00eentre SUA \u0219i Rusia. Anul 2022, pe care abia l-am \u00eenceput aduce cu el, pe aripile Criv\u0103\u021bului, prima mare criz\u0103 militar\u0103 de amploare dup\u0103 R\u0103zboiul Rece. Putem spune f\u0103r\u0103 s\u0103 ne \u00een\u0219el\u0103m c\u0103 odat\u0103 cu criza diplomatic\u0103 din ambasadele celor dou\u0103 \u021b\u0103ri, criz\u0103 \u00eenceput\u0103 \u00een timpul administra\u021bie Trump, 2022 aduce cu el finalul extinderii NATO \u0219i al UE \u00een Flancul Estic. Biden a \u00eentors America \u00een Europa dar oare este prezent aici sau \u00een Indo-Pacific acolo unde este r\u0103zboiul economic cu China? \u00cen Europa avem un r\u0103zboi psihologic grefat pe o criz\u0103 militar\u0103 care are loc la grani\u021ba cu Ucraina \u0219i unde Europa se implic\u0103 cu declara\u021bii sfor\u0103itoare ale primului diplomat Borell. \u0218i? De fapt cei care se implic\u0103 sunt englezii. Avem mai jos o declara\u021bie dat\u0103 de secretarul ap\u0103r\u0103rii al Marii Britanii \u00een Camera Comunelor, pe 17 ianuarie 2022, care spune: \u201d<em>Am luat decizia de a furniza Ucrainei sisteme de arme u\u0219oare, anti-blindate \u0219i defensive. Un num\u0103r mic de personal din Regatul Unit va oferi, de asemenea, instruire ini\u021bial\u0103 pentru o perioad\u0103 scurt\u0103 de timp, \u00een cadrul Opera\u021biunii ORBITAL, \u00eenainte de a reveni apoi \u00een Regatul Unit<\/em>. <em>Pot s\u0103 confirm ast\u0103zi Camerei c\u0103, \u00een lumina comportamentului din ce \u00een ce mai amenin\u021b\u0103tor din partea Rusiei \u0219i pe l\u00e2ng\u0103 sprijinul nostru actual, Regatul Unit ofer\u0103 un nou pachet de asisten\u021b\u0103 \u00een materie de securitate pentru a cre\u0219te capacit\u0103\u021bile defensive ale Ucrainei<\/em>.\u201d Este clar Marea Britanie este \u00eenc\u0103 \u00een NATO de\u0219i a plecat din UE iar ajutorul s\u0103u este substan\u021bial. Avioanele britanice de transport militar C-17 au ocolit spa\u021biul aerian german \u00een drumul lor spre Ucraina. De ce oare? Nu avem un r\u0103spuns. Nem\u021bii nu s-au opus transportului cel pu\u021bin oficial. Poate au fost condi\u021biile meteorologice(?!)<ins><\/ins><\/p>\n\n\n\n<h4 class=\"wp-block-heading\"><strong>Fran\u021ba \u0219i Very High Readiness Joint Task Force (VJTF)<\/strong><\/h4>\n\n\n\n<p>Conform comunicatului NATO din 29 decembrie Fran\u021ba a preluat de la Turcia comanda for\u021bei de reac\u021bie rapid\u0103. Forma\u021bia, cunoscut\u0103 oficial sub numele de <strong>Very High Readiness Joint Task Force<\/strong> (VJTF), apar\u021bin\u00e2nd NATO, forma\u021biune care a fost creat\u0103 \u00een 2014, la Summitul din \u021aara Galilor, ca r\u0103spuns la crizele din Orientul Mijlociu \u0219i agresiunea Rusiei \u00eempotriva Ucrainei \u0219i care este disponibil\u0103 permanent pentru a se desf\u0103\u0219ura \u00een c\u00e2teva zile \u00een scopul ap\u0103r\u0103rii teritoriului oric\u0103rui aliat din NATO. VJTF este unul din cel patru elemente ale NATO Response Force <a href=\"#1\">[1]<\/a> (For\u021bei de R\u0103spuns NATO). VJTF numit\u0103 \u0219i \u201eFor\u021b\u0103 v\u00e2rf de lance\u201d este o grupare militar\u0103 de \u00eenalt\u0103 preg\u0103tire, capabil\u0103 s\u0103 se desf\u0103\u0219oare \u00een scurt timp, odat\u0103 cu apari\u021bia amenin\u021b\u0103rilor la adresa suveranit\u0103\u021bii alia\u021bilor NATO. Acesta for\u021b\u0103 const\u0103 dintr-o brigad\u0103 terestr\u0103 cu aproximativ 5.000 de militari, sprijinit\u0103 de for\u021bele aeriene, maritime \u0219i for\u021be speciale. VJTF va fi sus\u021binut\u0103 de \u00eenc\u0103 dou\u0103 brig\u0103zi terestre, \u201ecapacitate de \u00eent\u0103rire rapid\u0103\u201d, \u00een cazul unei crize majore. \u00cen total, For\u021ba de R\u0103spuns NATO (NRF) consolidat\u0103, din care face parte \u0219i VJTF, se ridic\u0103 la aproximativ 40.000 de militari.<\/p>\n\n\n\n<p>\u00cen 2022, \u00een conformitate cu site-ul NATO, VJTF va cuprinde o for\u021b\u0103 multina\u021bional\u0103 de c\u00e2teva mii de solda\u021bi. Brigada franco-german\u0103 de 3.500 de militari va servi drept nucleu al for\u021bei, baz\u00e2ndu-se pe Regimentul 1 Infanterie \u0219i Regimentul 3 Husari. Condus\u0103 de Corpul de Reac\u021bie Rapid\u0103 al Fran\u021bei din Lille, brigada franco-german\u0103 este o unitate bina\u021bional\u0103, subliniind leg\u0103tura puternic\u0103 dintre alia\u021bii NATO, Germania \u0219i Fran\u021ba. Alte \u021b\u0103ri NATO, inclusiv Spania, Portugalia \u0219i Polonia, vor furniza for\u021be \u00een cadrul VJTF. Conducerea VJTF, cea care plaseaz\u0103 solda\u021bii \u00eentr-un statut de preg\u0103tire ridicat \u0219i gata s\u0103 fie dislocat \u00een c\u00e2teva zile, se rote\u0219te anual \u00eentre Alia\u021bi. Fran\u021ba preia de la Turcia, care a condus for\u021ba \u00een 2021. Germania va conduce unitatea \u00een 2023. Comandamentul for\u021bei comune NATO din Brunssum, \u021a\u0103rile de Jos, de\u021bine comanda pentru \u00eentreaga For\u021b\u0103 de r\u0103spuns a NATO \u00een 2022.<\/p>\n\n\n\n<h4 class=\"wp-block-heading\">Pre\u0219edintele Fran\u021bei a anun\u021bat la o \u00eent\u00e2lnire cu militarii din Haguenau (Alsacia)<\/h4>\n\n\n\n<p>c\u0103 va trimite militari \u00een estul Europei care s\u0103 asigure securitatea alia\u021bilor NATO \u00eentr-o perioad\u0103 de criz\u0103 la grani\u021ba Ucrainei cu Rusia. \u201d<em>Am trimis trupe pentru a asigura securitatea partenerilor no\u0219tri europeni \u00een cadrul misiunilor NATO, la prietenii no\u0219tri din zona baltic\u0103 \u0219i vom continua s\u0103 o facem. Am ar\u0103tat disponibilitatea noastr\u0103 de a merge mai departe, \u00een cadrul NATO, de a ne angaja \u00een noi misiuni \u0219i de a ne asuma responsabilitatea \u00een misiuni de tip \u201dprezen\u021b\u0103 \u00eenaintat\u0103 consolidat\u0103\u201d, mai ales \u00een Rom\u00e2nia. Solidaritate cu prietenii no\u0219tri europeni \u00een cadrul NATO<\/em>\u201d, a spus pre\u0219edintele francez la aceast\u0103 \u00eent\u00e2lnire. Clar pentru ca \u00een Polonia \u0219i \u021a\u0103rile Baltice sunt dislocate batalioanele unei brig\u0103zi americane (o brigad\u0103 SUA are \u00eentre 3000-5000 de militari).<\/p>\n\n\n\n<p>Macron este \u00een anul \u00een care are pre\u0219edin\u021bia UE. El \u0219i-s pus \u00een agend\u0103 autonomia strategic\u0103 a Europei. Cel pu\u021bin s\u0103 \u00eenceap\u0103 dezvoltarea conceptului odat\u0103 cu prezentarea Busolei Strategice Europene la Paris \u00een prim\u0103var\u0103. De\u0219i Macron are dreptate s\u0103-i \u00eemping\u0103 pe europeni s\u0103 evalueze locul continentului \u00een lume, el \u00eenc\u0103 nu a stabilit priorit\u0103\u021bile care ar trebui s\u0103 ghideze Europa \u0219i nici nu a propus o strategie de extindere a capacit\u0103\u021bilor de securitate ale continentului. Strategia propus\u0103 de Macron, \u00een schimb, \u00eembr\u0103\u021bi\u0219eaz\u0103 toate provoc\u0103rile geopolitice majore ale lumii, \u00eencerc\u00e2nd, de asemenea, s\u0103 conduc\u0103 la marile provoc\u0103ri transna\u021bionale ale zilei. Pre\u0219edintele francez a precizat c\u0103 statele europene ar trebui s\u0103 \u00ee\u0219i asume mai mult\u0103 responsabilitate pentru ap\u0103rarea continentului. RAND a f\u0103cut o analiz\u0103 a capabilit\u0103\u021bilor militare ale Fran\u021bei \u00eentr-un ipotetic r\u0103zboi \u00een Europa, analiz\u0103 din care v\u0103 prezint 2 elemente: <em>(1) Fran\u021ba ar putea sprijini un efort de r\u0103zboi condus de SUA \u00een Europa de Est acum sau \u00een urm\u0103torii zece an. Ea \u0219i-a men\u021binut \u00eentreg spectru de capabilit\u0103\u021bi, are obiective de modernizare ambi\u021bioase \u0219i are un puternic sprijin politic \u0219i public pentru interven\u021biile militare \u0219i sprijinul pentru alia\u021bi;(2) Avantajele franceze includ for\u021bele terestre grele \u0219i artileria, precum \u0219i for\u021bele de opera\u021biuni speciale. Francezii au abilit\u0103\u021bi \u00een opera\u021biuni comune, ceea ce cu siguran\u021b\u0103 ar fi o cerin\u021b\u0103 \u00eentr-un conflict \u00eempotriva Rusiei.<\/em><\/p>\n\n\n\n<p>Fran\u021ba este la pupitrul Europei. Are posibilitate s\u0103 desenez o politic\u0103 de securitate nou\u0103 a Europei. \u00cen 2019 prin Tratatul de la Aachen Macron a anun\u021bat c\u0103 dore\u0219te s\u0103 revitalizeze rela\u021biile franco-germane. Cu toate acestea, la cinci ani dup\u0103 inaugurarea lui Macron \u0219i la trei ani dup\u0103 \u00eencheierea Tratatului de la Aachen, este evident c\u0103 aceast\u0103 aspira\u021bie nu a fost realizat\u0103 \u00een politica extern\u0103 \u0219i de securitate \u0219i \u00een anumite domenii ale politicii UE. Pe ambele maluri ale Rinului, reticen\u021ba guvernului german este considerat\u0103 \u00een primul r\u00e2nd responsabil\u0103 pentru acest lucru. De prea multe ori, se sus\u021bine, guvernul nu a r\u0103spuns la propunerile pre\u0219edintelui francez. \u00cen schimb, Berlinul depl\u00e2nge eforturile individuale ale lui Macron \u00een politica extern\u0103 \u0219i de securitate a UE al\u0103turi de stilul s\u0103u politic uneori perturbator. \u0218i cu toate acestea \u00een ultimul an de mandat a dat un mesaj c\u0103 dore\u0219te o securitate european\u0103 de tip nou bazat\u0103 pe europeni. Ca un \u201ecri de coeur\u201d, Macron cere Europei s\u0103 se trezeasc\u0103 la schimbarea echilibrului de putere din lume odat\u0103 cu venirea unui nou impas bipolar \u00eentre SUA \u0219i China dar \u0219i a unei rela\u021bii reci a SUA cu Rusia. Macron spune clar c\u0103 nu se poate neglija reapari\u021bia unor state autoritare precum Rusia \u0219i Turcia. \u00cen opinia lui Macron, este c\u0103 Europa va deveni fragil\u0103, chiar va \u00eenceta s\u0103 existe, dac\u0103 nu va g\u00e2ndi \u00een termeni de politic\u0103 de mare putere. Macron nu neglijeaz\u0103 s\u0103 reafirme nevoia Europei ca America s\u0103 r\u0103m\u00e2n\u0103 aliatul ei major, rela\u021bie \u00een care a investit mult pe cont propriu \u0219i \u00een administra\u021bia Trump \u0219i \u00een administra\u021bia Biden. Macron pledeaz\u0103 ca Europa s\u0103 aib\u0103 propriile capacit\u0103\u021bi de ap\u0103rare. \u0218i probabil c\u0103 asta se va \u00eent\u00e2mpla \u00een urm\u0103torul mandat de pre\u0219edinte al Fran\u021bei. Pre\u0219edintele francez Emmanuel Macron dore\u0219te ca UE s\u0103 elaboreze planuri de ap\u0103rare ca r\u0103spuns la agresiunea rus\u0103, a\u0219a cum a declarat zilele astea la Parlamentul European la Strasbourg. \u201e<em>Este bine ca europenii \u0219i Statele Unite s\u0103 se coordoneze, dar este necesar ca europenii s\u0103 conduc\u0103 propriul dialog<\/em>\u201d, a spus el. \u201e<em>Ar trebui s\u0103 construim dialogul \u00eentre europeni, apoi s\u0103-l \u00eemp\u0103rt\u0103\u0219im cu alia\u021bii no\u0219tri \u00een cadrul NATO \u0219i apoi s\u0103-l propunem spre negociere Rusiei<\/em>\u201d. Ce cere Macron \u00een fa\u021ba Parlamentului european? Macron cere un acord de securitate UE-Rusia, apel care vine \u00een mijlocul discu\u021biei Rusiei-SUA despre criza din Ucraina \u0219i de\u0219i unele state europene se tem c\u0103 sunt ocolite Macron spune c\u0103 va discuta orice propunere cu NATO.<\/p>\n\n\n\n<h4 class=\"wp-block-heading\"><strong>Diploma\u021bia nu a murit \u00eenc\u0103!<\/strong><\/h4>\n\n\n\n<p>Mi\u0219c\u0103rile de trupe de la grani\u021ba cu Ucraina, declara\u021biile de la Moscova conform c\u0103rora Kremlinul nu este mul\u021bumit cu rezultatele \u00eent\u00e2lnirilor avute cu oficialii americani, europeni \u0219i NATO s\u0103pt\u0103m\u00e2na trecut\u0103 pentru a aborda preocup\u0103rile sale de securitate, i-au f\u0103cut pe unii oficiali de la Washington s\u0103 se team\u0103 de ce este mai r\u0103u. Oficiali americani anun\u021b\u0103 o posibil\u0103 invazie. \u00centr-o ultim\u0103 \u00eencercare diplomatic\u0103 Secretarul de stat Antony Blinken se va \u00eent\u00e2lni cu ministrul rus de externe, Serghei Lavrov, la Geneva, \u00een efortul de a rezolva conflictul. Ca un semn al ritmului rapid al evenimentelor, \u00eent\u00e2lnirea lui Blinken cu Lavrov a fost anun\u021bat\u0103 mar\u021bi 18 ianuarie, cu doar c\u00e2teva ore \u00eenainte de plecarea sa de la Washington spre Kiev, dup\u0103 anun\u021barea vizitei \u00een Ucraina \u0219i \u00een Germania. Vorbind la Moscova, miercuri, 19 ianuarie, ministrul adjunct de externe rus Serghei Riabkov a sugerat c\u0103 Washingtonul ar trebui s\u0103 accepte unilateral s\u0103 se ab\u021bin\u0103 de la vot pentru a admite \u00een cele din urm\u0103 Ucraina \u00een NATO \u2013 un pas despre care a spus c\u0103 ar fi mai u\u0219or dec\u00e2t ob\u021binerea unui acord din partea tuturor celor 30 de membri NATO.<\/p>\n\n\n\n<h4 class=\"wp-block-heading\"><strong>De fapt ce s-a \u00eent\u00e2mplat \u00een s\u0103pt\u0103m\u00e2na discu\u021biilor de la Geneva, Bruxelles \u0219i Viena?<\/strong><\/h4>\n\n\n\n<p>Dup\u0103 \u00eent\u00e2lnirea de la Geneva ministrul adjunct de externe rus Serghei Ryabkov nu a mai fost interesat de negocieri ulterioare, deoarece americanii \u0219i NATO nu au fost \u00eenclina\u021bi s\u0103 \u00eendeplineasc\u0103 \u00eentregul \u201dcatalog al cererilor \u201d maximaliste ale Moscovei. Rusia cere ca toate trupele NATO s\u0103 fie retrase din statele membre ale alian\u021bei din Europa de Est la linia stabilit\u0103 \u00een 1997 dup\u0103 prima aderare la NATO a Ungariei, Cehiei \u0219i Poloniei \u0219i dore\u0219te o garan\u021bie c\u0103 \u021b\u0103rile scandinave vecine, Finlanda \u0219i Suedia, nu se vor al\u0103tura niciodat\u0103 alian\u021bei. \u0218i totu\u0219i va mai fi o \u00eent\u00e2lnire la Geneva la nivelul de prec\u0103dere diplomatic\u0103 ulterior, cel al mini\u0219trilor de externe. \u201e<em>Suntem preg\u0103ti\u021bi s\u0103 continu\u0103m s\u0103 ne angaj\u0103m cu Rusia \u00een probleme de securitate \u00eentr-un dialog semnificativ \u0219i reciproc\u2026.<\/em> <em>Vom vedea la \u00eent\u00e2lnire dac\u0103 Rusia este preg\u0103tit\u0103 s\u0103 fac\u0103 acela\u0219i lucru<\/em>\u201d, a spus un oficial, care a vorbit, sub condi\u021bia anonimatului cu reporterii de la Washington Post, \u00eentr-o informare telefonic\u0103.<\/p>\n\n\n\n<h4 class=\"wp-block-heading\"><strong>Diploma\u021bia nu a murit \u00eenc\u0103!<\/strong><\/h4>\n\n\n\n<p>Acesta poate este cea mai bun\u0103 \u0219tire a acestei s\u0103pt\u0103m\u00e2ni. \u00cent\u00e2lnirea urmeaz\u0103 dup\u0103 o perioad\u0103 de diploma\u021bie intens\u0103, timp \u00een care Blinken s-a \u00eent\u00e2lnit cu oficiali ucraineni \u0219i apoi a zburat la Berlin s\u0103 se \u00eent\u00e2lneasc\u0103 cu omologii germani, francezi \u0219i englezi s\u0103 g\u0103seasc\u0103 un r\u0103spuns la o posibil\u0103 ac\u021biune militar\u0103 rus\u0103. \u00cen mod sigur la Berlin se va discuta despre Nord Stream 2 despre care noua administra\u021bie Scholz a dat r\u0103spunsuri contradictorii. Telefoanele s-au \u201d\u00eenro\u0219it\u201d \u00een cancelariile occidentale. Administra\u021bia Biden a lansat un efort diplomatic la scar\u0103 larg\u0103 ca r\u0103spuns la solicit\u0103rile Kremlinului. Washingtonul s-a oferit s\u0103 negocieze acorduri de securitate reciproc\u0103 cu Rusia privind plasarea de rachete \u0219i exerci\u021bii militare \u00een Europa, \u00een speran\u021ba de a preveni un r\u0103zboi. Oficialii ru\u0219i de rang \u00eenalt au acuzat Statele Unite c\u0103 se angajeaz\u0103 doar \u00een probleme de interes secundar pentru Moscova, \u00een timp ce cerin\u021bele Kremlinului privind limitarea NATO \u0219i a activit\u0103\u021bilor sale sunt ocolite. <em>\u201e[Noi] a\u0219tept\u0103m r\u0103spunsurile lor la propunerile noastre, a\u0219a cum ni s-a promis, pentru a continua discu\u021biile<\/em>\u201d, a spus Lavrov \u00een timpul unei conferin\u021be de pres\u0103 comun\u0103 la Moscova cu ministrul german de externe Annalena Baerbock (!?).<\/p>\n\n\n\n<h4 class=\"wp-block-heading\"><strong>R\u0103spunsul Berlinului la criza ucrainean\u0103<\/strong><\/h4>\n\n\n\n<p>Exist\u0103 un pericol clar \u0219i prezent al unui r\u0103zboi de agresiune \u00een Europa. De la Berlin a\u0219tept\u0103m un r\u0103spuns dar se pare c\u0103 exist\u0103 o paralizie inexplicabil\u0103 acolo. Germania cel mai important stat membru al UE trebuie s\u0103 joace un rol central \u00een aceast\u0103 criz\u0103. \u00cen schimb Germania lui Olaf Scholz r\u0103spunde la soma\u021biile lui Putin cu o vag\u0103 amenin\u021bare de \u201dconsecin\u021be\u201d despre care nu \u0219tim mai nimic. Comentariile rezervate ale Cancelarului Scholz m\u0103 fac s\u0103 cred c\u0103 acesta \u00eenc\u0103 consider\u0103 viabil\u0103 conducta Nord Stream 2 chiar \u00een condi\u021biile invaziei \u00een Ucraina. Care este, atunci, valoarea tuturor discu\u021biilor despre \u201econsecin\u021be\u201d? Germania a refuzat solicitarea Ucrainei pentru echipamente militare \u00een timp ce americani au mai oferit un ajutor de 200 de milioane de dolari (rachete Javelin \u0219i piese de artilerie). Noul guvern al Germaniei a revizuit politicile sale de export de arme \u0219i le-a f\u0103cut mai restrictive inclusiv la nivelul Uniunii Europene.<\/p>\n\n\n\n<h4 class=\"wp-block-heading\"><strong>\u201eSolu\u021bia Alia\u021bilor\u201d \u2013 nume de cod al exerci\u021biilor militare din Belarus<\/strong><\/h4>\n\n\n\n<p>Trupele \u0219i echipamentele militare ruse au \u00eenceput s\u0103 soseasc\u0103 \u00een Belarus pentru exerci\u021bii militare numite \u201eSolu\u021bia Alia\u021bilor\u201d (Allied Resolve). Toate aceste exerci\u021bii care se vor desf\u0103\u0219ura l\u00e2ng\u0103 grani\u021ba de vest a Belarusului, acolo unde sunt grani\u021bele Poloniei \u0219i Lituaniei, dar \u0219i \u00een sud la 95 de km de Kiev \u0219i vor implica 12 avioane SU-35 \u0219i sisteme de ap\u0103rare antiaeriene S-400. Dup\u0103 cum arat\u0103 h\u0103r\u021bile publicate \u00een pres\u0103 Rusia este mobilizat\u0103 pentru a lansa o ofensiv\u0103 \u00eempotriva Ucrainei pe 7 fronturi: din Belarus, din Federa\u021bia Rus\u0103, din Donbasul ocupat de ru\u0219i, din Marea Azov, din Crimeea ocupat\u0103 de ru\u0219i, din Marea Neagr\u0103, din Moldova ocupat\u0103 de ru\u0219i adic\u0103 Transnistria. Va invada Rusia regiunea Donbas din Ucraina sau alt\u0103\/alte regiuni din Ucraina pe cele trei direc\u021bi opera\u021bionale Nord, Sud, Est unde sunt desf\u0103\u0219urate trupele ruse? Despre scenarii am discuta \u00eentr-un articol precedent. Ele fac referiri la Dombas, sudul Ucraine care include Odesa \u0219i costa Marii Azov care include Mariupol (cel mai important port ucrainian la Marea Azov). Poate acesta este un joc cu mize mari de diploma\u021bie \u00een care str\u00e2ngerea a 100000 de solda\u021bi la grani\u021ba ruso-ucrainean\u0103 \u0219i pozi\u021bionarea echipamentelor \u0219i muni\u021biilor pentru \u00eenc\u0103 75000 este doar pentru un spectacol, menit s\u0103 extrag\u0103 compromisuri de la Statele Unite \u0219i NATO? \u201e<em>Suntem acum \u00eentr-un stadiu \u00een care Rusia ar putea \u00een orice moment s\u0103 lanseze un atac asupra Ucrainei<\/em>\u201d, ne aduce aminte secretarul de pres\u0103 al Casei Albe, Jen Psaki, \u00eentr-un briefing cu reporterii la Casa Alb\u0103. De asemenea administra\u021bia Biden a acuzat Moscova c\u0103 a trimis agen\u021bi \u00een Ucraina pentru a preg\u0103ti o \u201eopera\u021biune cu steag fals\u201d pe care s\u0103 o foloseasc\u0103 drept pretext pentru o invazie. Rusia a negat acuza\u021bia. Tot aparatul de spionaj de la Washingtonului, sus\u021binut de cel al alia\u021bilor din NATO plus de echipamentele militare specializate, sateli\u021bi \u0219i avioane de supraveghere caut\u0103 un r\u0103spuns la apetitul pre\u0219edintelui rus Vladimir Putin pentru o invazie. \u0218i totu\u0219i acesta r\u0103m\u00e2ne necunoscut! To\u021bi st\u0103m \u0219i \u00eencerc\u0103m s\u0103 ghicim c\u00e2nd poate \u00eencepe cel mai mare r\u0103zboi, la sol, din Europa din ultimele decenii. R\u0103spunsul este \u00een cancelaria de la Kremlin.<\/p>\n\n\n\n<p><strong>Concluzie: <\/strong>Dac\u0103 trecem de stadiul negocierilor diplomatice dintre SUA-Rusia, \u00een care ne afl\u0103m p\u00e2n\u0103 vineri 21 ianuarie 2022, \u0219i cele dou\u0103 p\u0103r\u021bi fac progrese lucrurile intr\u0103 \u00eentr-o faz\u0103 bun\u0103 de evolu\u021bie. Dac\u0103 nu atunci trebuie s\u0103 ne a\u0219tept\u0103m la o invazie rus\u0103 \u00een Ucraina. Dac\u0103 diploma\u021bia nu reu\u0219e\u0219te r\u0103zboiul \u0219i sanc\u021biunile dure ale SUA sunt pe tapet. \u0218i mai este un comentariu al Casei Albe care a \u00eencercat s\u0103 clarifice declara\u021biile pre\u0219edintelui Joe Biden despre o poten\u021bial\u0103 invazie rus\u0103 \u00een Ucraina. Afirma\u021bia lui Biden men\u021biona ca r\u0103spunsul SUA va fi \u00een func\u021bie de severitatea ac\u021biunilor Rusiei a\u0219a cum scrie Politico: \u201e<em>Pre\u0219edintele Biden a fost clar cu pre\u0219edintele rus: dac\u0103 vreo for\u021b\u0103 militar\u0103 rus\u0103 trece peste grani\u021ba cu Ucraina, aceasta este o invazie re\u00eennoit\u0103 \u0219i va fi \u00eent\u00e2mpinat\u0103 cu un r\u0103spuns rapid, sever \u0219i unit din partea Statelor Unite \u0219i a alia\u021bilor no\u0219tri.\u201d<\/em> a declarat Jen Psaki, purt\u0103torul de cuv\u00e2nt de la Casa Alb\u0103. \u201e<em>Pre\u0219edintele Biden \u0219tie, de asemenea, din experien\u021b\u0103 \u00eendelungat\u0103, c\u0103 ru\u0219ii au o carte extins\u0103 de agresiune \u00een afara ac\u021biunii militare, inclusiv atacuri cibernetice \u0219i tactici paramilitare. \u0218i el a afirmat ast\u0103zi c\u0103 acele acte de agresiune rus\u0103 vor fi \u00eent\u00e2mpinate cu un r\u0103spuns decisiv, reciproc \u0219i unit<\/em>.\u201d Odat\u0103 ce invazia este \u00een curs, amenin\u021barea cu sanc\u021biunile devine mai pu\u021bin eficient\u0103, pentru c\u0103 \u00eentregul joc va fi schimbat \u00een favoarea lui Putin. Acum este mai u\u0219or s\u0103 po\u021bi preveni un r\u0103zboi dec\u00e2t s\u0103-l \u00eentorci dup\u0103 ce a \u00eenceput.<\/p>\n\n\n\n<p>PS: Kremlinul a organizat un forum privind aprofundarea integr\u0103rii economice \u00eentre Donbas \u0219i Rusia pe 14 decembrie. Au participat la acest forum reprezentan\u021bi ai Republicilor Populare Done\u021bk \u0219i Luhansk \u0219i cei din Osetia de Sud \u0219i guvernul rus. Pre\u0219edintele rus Vladimir Putin a semnat \u00een noiembrie 2021 un decret care a echivalat bunurile celor dou\u0103 republici cu m\u0103rfurile ruse\u0219ti \u2014 o m\u0103sur\u0103 menit\u0103 s\u0103 promoveze cre\u0219terea comer\u021bului. Kremlinul stimuleaz\u0103 o integrare economic\u0103 sporit\u0103 \u00eentre Rusia \u0219i proxi s\u0103i ca un \u201dcasus belli\u201d suplimentar pentru a justifica interven\u021bia militar\u0103 pentru a ap\u0103ra \u201einteresele Rusiei\u201d \u00een Donbas.<\/p>\n\n\n\n<hr class=\"wp-block-separator\"\/>\n\n\n\n<p><a id=\"1\">[1]<\/a> For\u021ba de r\u0103spuns a NATO (NRF) \u2013 are 40000 de militari- este o for\u021b\u0103 multina\u021bional\u0103 extrem de preg\u0103tit\u0103 \u0219i avansat\u0103 din punct de vedere tehnologic, format\u0103 din componente terestre, aeriene, maritime \u0219i ale For\u021belor de Opera\u021biuni Speciale (SOF) pe care Alian\u021ba le poate desf\u0103\u0219ura rapid, oriunde este nevoie. Pe l\u00e2ng\u0103 rolul s\u0103u opera\u021bional, NRF poate fi utilizat pentru o mai bun\u0103 cooperare \u00een educa\u021bie \u0219i formare, exerci\u021bii sporite, sprijin pentru asisten\u021b\u0103 \u00een caz de dezastre \u0219i o mai bun\u0103 utilizare a tehnologiei.<\/p>\n","protected":false},"excerpt":{"rendered":"<p>Expresia din titlu se refer\u0103 la propunerile Moscovei c\u0103tre SUA f\u0103cute la Geneva \u0219i la NATO \u0219i considerate ca propuneri cu care nu se pot \u00eencepe negocierile\/discu\u021biile referitoare la criza ucrainean\u0103. Anul \u00eencheiat recent, 2021, a fost un an de tranzi\u021bie ce a marcat revenirea SUA \u00een centru politicii europene \u0219i a adus pe scena geopolitic\u0103 o negociere strategic\u0103 \u00eentre SUA \u0219i Rusia. Anul 2022, pe care abia l-am \u00eenceput aduce cu el, pe aripile Criv\u0103\u021bului, prima mare criz\u0103 militar\u0103 de amploare dup\u0103 R\u0103zboiul Rece. Putem spune f\u0103r\u0103 s\u0103 ne \u00een\u0219el\u0103m c\u0103 odat\u0103 cu criza diplomatic\u0103 din ambasadele celor dou\u0103 \u021b\u0103ri, criz\u0103 \u00eenceput\u0103 \u00een timpul administra\u021bie Trump, 2022 aduce cu [&hellip;]<\/p>\n","protected":false},"author":4,"featured_media":6145,"comment_status":"open","ping_status":"closed","sticky":false,"template":"","format":"standard","meta":{"footnotes":""},"categories":[26,21,22,6],"tags":[],"class_list":["post-6343","post","type-post","status-publish","format-standard","has-post-thumbnail","hentry","category-alexandru-grumaz","category-europarusia","category-orientul-mijlociu","category-regiuni"],"_links":{"self":[{"href":"https:\/\/www.cass-ro.org\/en\/wp-json\/wp\/v2\/posts\/6343"}],"collection":[{"href":"https:\/\/www.cass-ro.org\/en\/wp-json\/wp\/v2\/posts"}],"about":[{"href":"https:\/\/www.cass-ro.org\/en\/wp-json\/wp\/v2\/types\/post"}],"author":[{"embeddable":true,"href":"https:\/\/www.cass-ro.org\/en\/wp-json\/wp\/v2\/users\/4"}],"replies":[{"embeddable":true,"href":"https:\/\/www.cass-ro.org\/en\/wp-json\/wp\/v2\/comments?post=6343"}],"version-history":[{"count":1,"href":"https:\/\/www.cass-ro.org\/en\/wp-json\/wp\/v2\/posts\/6343\/revisions"}],"predecessor-version":[{"id":6344,"href":"https:\/\/www.cass-ro.org\/en\/wp-json\/wp\/v2\/posts\/6343\/revisions\/6344"}],"wp:featuredmedia":[{"embeddable":true,"href":"https:\/\/www.cass-ro.org\/en\/wp-json\/wp\/v2\/media\/6145"}],"wp:attachment":[{"href":"https:\/\/www.cass-ro.org\/en\/wp-json\/wp\/v2\/media?parent=6343"}],"wp:term":[{"taxonomy":"category","embeddable":true,"href":"https:\/\/www.cass-ro.org\/en\/wp-json\/wp\/v2\/categories?post=6343"},{"taxonomy":"post_tag","embeddable":true,"href":"https:\/\/www.cass-ro.org\/en\/wp-json\/wp\/v2\/tags?post=6343"}],"curies":[{"name":"wp","href":"https:\/\/api.w.org\/{rel}","templated":true}]}}