{"id":6374,"date":"2022-02-11T21:42:00","date_gmt":"2022-02-11T19:42:00","guid":{"rendered":"https:\/\/www.cass-ro.org\/?p=6374"},"modified":"2022-02-13T01:52:07","modified_gmt":"2022-02-12T23:52:07","slug":"europa-la-mana-lui-putin-finlandizarea-ucrainei","status":"publish","type":"post","link":"https:\/\/www.cass-ro.org\/en\/europa-la-mana-lui-putin-finlandizarea-ucrainei\/","title":{"rendered":"Europa la m\u00e2na lui Putin: \u201eFinlandizarea Ucrainei\u201d!"},"content":{"rendered":"\n<p>To\u021bi ochii sunt a\u021binti\u021bi c\u0103tre Ucraina. Dar lucruri care vor lovi Europa, ca o racheta Kinzhal Kh-47M2 <a href=\"#1\">[1]<\/a>, se \u00eent\u00e2mpl\u0103 \u00een Canada. \u201eConvoiul libert\u0103\u021bii\u201d de la Ottawa devine o mare problem\u0103 pentru \u201eneomarxistul\u201d Justin Pierre James Trudeau. Se va r\u0103sp\u00e2ndi \u00een Europa?. Donald Trump \u0219i Ted Cruz \u00eei sus\u021bin, Agen\u021bia CIA \u00eei considera un mare pericol pentru securitatea na\u021bional\u0103. Fran\u021ba \u0219i Belgia dar \u0219i Rom\u00e2nia sunt posibile \u021binte. \u201eHouston, we have a problem\u201d este un citat popular din comunica\u021biile radio dintre astronau\u021bii Apollo 13 Jack Swigert, Jim Lovell \u0219i Centrul de control al misiunii NASA \u00een timpul zborului spa\u021bial Apollo 13 din 1970, pe m\u0103sur\u0103 ce astronau\u021bii au comunicat descoperirea exploziei care le-a paralizat nava. Se pare c\u0103 sloganul revine \u00een actualitate. \u00cen acela\u0219i timp despre \u0219efa Comisei Europene Ursula Gertrud von der Leyen se vorbe\u0219te \u00een presa mondial\u0103 cu referire la rela\u021biei ei cu firma Pfizer. O bomb\u0103 cu efect \u00eent\u00e2rziat, mai ales c\u0103 cei care au sus\u021binut-o (Merkel) nu mai sunt la putere \u00een Germania \u0219i se aude pe culoarele cancelariei germane c\u0103 ar dori s-o schimbe(!?). Ziarul The Irish Times <a href=\"#2\">[2]<\/a> scrie: \u201e<em>Ombudsman-ul Uniunii Europene a acuzat vineri (4 februarie 2022) Comisia European\u0103 de administrare defectuoas\u0103 pentru c\u0103 nu a dezv\u0103luit mesajele text pe care \u0219efa executivului UE, Ursula von der Leyen, le-a schimbat cu \u0219eful Pfizer, Albert Bourla, pentru a \u00eencheia un acord privind vaccinul Covid-19\u201d<\/em>. \u0218i pe m\u0103sur\u0103 ce au vorbit, dou\u0103 lucruri au devenit clare: \u201e<em>Pfizer ar putea avea mai multe doze pe care le-ar putea oferi blocului \u2013 mult mai multe\u201d<\/em>. Iar Uniunea European\u0103 ar fi \u00eenc\u00e2ntat\u0103 s\u0103 le aib\u0103. \u00cen timp ce noi rom\u00e2nii ne lupt\u0103m \u00eentre noi \u0219i speram (vis\u0103m cu ochii deschi\u0219i) ca unul dintre ai no\u0219tri s\u0103 ajung\u0103 la NATO al\u0103turi de Geoan\u0103, ungurii \u0219i polonezi \u00ee\u0219i fac c\u0103r\u021bile diplomatice pentru noile sfere de influen\u021b\u0103 ale Europei. Peter Sjizarto s-a \u00eent\u00e2lnit cu ministrului afacerilor externe \u0219i integr\u0103rii europene Nicu Popescu la Budapesta. \u00cen plin\u0103 pandemie! Ungaria a trimis un avion plin cu echipamente medicale donate de Budapesta. OTP Bank controleaz\u0103 deja sistemul bancar de peste Prut. Ca s\u0103 nu mai vorbim de parteneriatele strategice cu Serbia. Unde te \u00eenv\u00e2r\u021bi dai de oficiali ungari de la Moscova la Belgrad \u0219i la Chi\u0219in\u0103u. Nu o spun cu r\u0103utate dar \u00eemi dau seama, m\u0103i oameni buni, c\u0103 noi rom\u00e2ni nu suntem pe nic\u0103ieri \u00een afar\u0103 de micile ecrane unde avem talk-showrile \u00eentre noi! Este clar c\u0103 serviciile de informa\u021bii externe se ocup\u0103 de politica Ungariei. Am s\u0103 dau o explica\u021bie mai jos pe care am citit-o \u00een presa interna\u021bional\u0103 asta pentru ca am fost \u00eentrebat de un moderator la o emisiune talk-show dac\u0103 spioni ru\u0219i mai sunt \u00een Rom\u00e2nia. \u00centr-un interviu pentru Index.hu <a href=\"#3\">[3]<\/a> Ferenc Katrein care a lucrat pentru agen\u021bia civil\u0103 de contrainforma\u021bii maghiar\u0103 timp de 13 ani, inclusiv o perioad\u0103 ca \u0219ef executiv al opera\u021biunilor iar acum este la pensie \u00een Fran\u021ba, s-a ocupat de cazuri sensibile precum ap\u0103rarea \u00eempotriva serviciilor secrete ruse, vorbe\u0219te \u00een detaliu despre eforturile serviciilor secrete ruse \u0219i despre cum se simte un ofi\u021ber de informa\u021bii c\u00e2nd agen\u021biile aliate NATO \u00eentreab\u0103 pe cineva dac\u0103 \u0219eful lui a lucrat cu adev\u0103rat pentru Moscova. <strong>O \u00eentrebare din interviu era:<\/strong> <em>Pute\u021bi estima c\u00e2\u021bi agen\u021bi ru\u0219i sunt \u00een prezent \u00een Ungaria? Fostul prim-ministru Ferenc Gyurcs\u00e1ny a spus recent 600-800, dar nu a oferit nicio dovad\u0103 \u00een acest sens<\/em>. <strong>R\u0103spunsul este edificator<\/strong>: <em>Expresia \u201eagent\u201d este foarte inexact\u0103 din punct de vedere profesional. Dac\u0103 a vorbit despre ofi\u021berii de informa\u021bii activi, acest num\u0103r este supraestimat. Dar dac\u0103 enumer\u0103m re\u021beaua complet\u0103 de conexiuni folosit\u0103 de informa\u021biile ruse pentru a servi propriile interese, inclusiv informa\u021biile din \u201edark intelligence <a href=\"#4\"><strong>[4]<\/strong><\/a>\u201e, acest num\u0103r pare mai realist. Num\u0103rul exact este cunoscut doar de agen\u021biile care-i trimit, agen\u021bia maghiar\u0103 de contraspionaj vorbe\u0219te doar despre \u201epersoanele suspectate de spionaj\u201d, a\u0219a clasific\u0103 diploma\u021bii \u0219i personalul nediplomatic (de serviciu) acreditat la ambasade. Pe l\u00e2ng\u0103 pozi\u021biile tradi\u021bionale care ofer\u0103 imunitate diplomatic\u0103, merit\u0103 s\u0103 cartografiezi persoanele conectate la diferite companii de stat sau sus\u021binute de stat, companii aeriene, agen\u021bii de turism, centre culturale, institu\u021bii de \u00eenv\u0103\u021b\u0103m\u00e2nt \u0219i mass-media de stat, pe baza unor considera\u021bii profesionale de contrainforma\u021bii <a href=\"#5\"><strong>[5]<\/strong><\/a><\/em>(vezi \u00een subsol mai multe). Dar s\u0103 trecem la ce se \u00eent\u00e2mpl\u0103 acum, cele de mai sus se vor \u00eent\u00e2mpla \u00een viitorul apropiat.<\/p>\n\n\n\n<h4 class=\"wp-block-heading\" id=\"macron-la-moscova-o-incercare-necesara\"><strong>Macron la Moscova o \u00eencercare necesar\u0103<\/strong><\/h4>\n\n\n\n<p>Navetele diplomatice se \u00eente\u021besc cu c\u00e2t Criv\u0103\u021bul sufl\u0103 mai tare asupra Ucrainei \u00eenghe\u021b\u00e2nd p\u0103m\u00e2ntul \u0219i oferind condi\u021bii pentru o ofensiv\u0103 militar\u0103 terestr\u0103. Unii zboar\u0103 la Moscova \u0219i Kiev al\u021bi la Washington \u0219i Beijing. Scenariul geopolitic actual este scris de Kremlin de un lider \u00eencr\u00e2ncenat \u0219i furios pe rezultatele R\u0103zboiului Rece \u0219i pe negocierile predecesorului s\u0103u El\u021b\u00een inclusiv pe Memorandumul de la Budapesta din1994. Umbra lui Donald Trump continu\u0103 s\u0103 se reverse peste o Europ\u0103 haotic\u0103 \u00een care actualul pre\u0219edinte de la Casa Alb\u0103 \u00ee\u0219i \u00eendepline\u0219te \u201emot a mot\u201d obliga\u021biile Tratatului de la Washington. NATO s-a trezit din starea de amor\u021beal\u0103 creat\u0103 de ultima extindere. A fost o tres\u0103rire \u00een 2014 odat\u0103 cu invadarea \u0219i anexarea Crimeei de Rusia c\u00e2nd grupuri de lupt\u0103 NATO, conduse de SUA, Germania, Canada \u0219i Marea Britanie, menite s\u0103 stopeze un atac \u00een regiune \u0219i s\u0103 c\u00e2\u0219tige timp pentru ca trupele NATO suplimentare-For\u021ba de Reac\u021bie Rapid\u0103 NATO- s\u0103 ajung\u0103 \u00een prima linie, au fost dislocate pe flancul estic. Atunci discu\u021bia a fost despre Crimeea. Apar\u021bine sau nu Crimeea Rusie (!?), chestiunea se rezum\u0103 la \u00eenc\u0103lcarea tuturor acordurilor \u00eencheiate de la al Doilea R\u0103zboi Mondial \u00eencoace \u0219i amputarea teritoriului unei \u021b\u0103ri suverane de c\u0103tre Rusia. Este o \u00eenc\u0103lcare a Actului final de la Helsinki din 1975 <a href=\"#6\">[6]<\/a>.<ins><\/ins><\/p>\n\n\n\n<p>Macron a fost la Moscova pentru o zi. La o mas\u0103 de marmur\u0103 lunga imens\u0103 \u0219i \u00eentr-o sal\u0103 amintind de opulen\u021ba comunist\u0103 sovietic\u0103 cu draperii groase \u0219i opulente, Vladimir Putin \u0219i Emmanuel Macron au purtat o discu\u021bie de peste 5 ore la o distant\u0103 de 4-5 metri unul de altul. Un Macron crispat, \u00een b\u00e2rlogul ursului grizzly de la Kremlin, a ie\u0219it \u0219ifonat, dar optimist pentru c\u0103 r\u0103zboiul poate fi evitat. A \u00eencercat imposibilul. Putin \u0219i-a exprimat dorin\u021ba s\u0103 negocieze unele din ideile lui Macron. \u00cen ce termeni? \u00cen termeni lui Putin bine-\u00een\u021beles! Kremlinul a declarat pe 8 februarie c\u0103 afirma\u021biile franceze conform c\u0103rora pre\u0219edintele Vladimir Putin i-a promis lui Emmanuel Macron c\u0103 Moscova nu va dezvolta, deocamdat\u0103, noi ini\u021biative militare \u00een jurul Ucrainei \u201enu sunt corecte\u201d. Purt\u0103torul de cuv\u00e2nt al Kremlinului, Dmitri Peskov, a declarat c\u0103 Rusia \u0219i Fran\u021ba nu au reu\u0219it \u00eenc\u0103 s\u0103 ajung\u0103 la un acord pentru reducerea tensiunilor din jurul Ucrainei, dar a spus c\u0103 este necesar\u0103 o detensionare \u0219i c\u0103 \u00eent\u00e2lnirea a oferit o baz\u0103 pentru continuarea discu\u021biilor diplomatice. Potrivit aceluia\u0219i oficial francez, Putin a convenit, de asemenea, c\u0103 trupele care iau parte la un exerci\u021biu militar pe teritoriul belarus de l\u00e2ng\u0103 grani\u021bele Ucrainei vor fi retrase odat\u0103 ce aceste jocuri de r\u0103zboi se vor termina \u00een 20 februarie. Peskov a spus c\u0103 trupele se vor \u00eentoarce la bazele lor din Rusia dup\u0103 exerci\u021bii, f\u0103r\u0103 a oferi o dat\u0103 precis\u0103, dar a subliniat c\u0103 nimeni nu a spus vreodat\u0103 c\u0103 for\u021bele vor r\u0103m\u00e2ne \u00een Belarus.<\/p>\n\n\n\n<p>Este clar c\u0103 Macron a f\u0103cut o gre\u0219eal\u0103 strategic\u0103 for\u021bat\u0103 de pozi\u021bia de lider European \u00een condi\u021biile \u00een care Putin a luat decizia, dup\u0103 p\u0103rerea mea de a ordona un atac \u00een Ucraina. Acceptarea discu\u021bie cu Macron este chiar o posibilitate de al convinge pe liderul de la Kiev c\u0103 trebuie s\u0103-\u0219i flexibilizeze pozi\u021bia. Macron s-a dus la Kiev \u0219i apoi la Berlin. S\u0103 fac\u0103 ce? S\u0103-i spun\u0103 lui Zelinski ce are de f\u0103cut \u0219i lui Scholz s\u0103 fie atent la ce vorbe\u0219te la Moscova. C\u00e2t despre Duda, pre\u0219edintele Poloniei, este al treilea element din Grupul de la Weimar (Polonia, Fran\u021ba \u0219i Germania) care are o pozi\u021bie central\u0103 pe direc\u021bia militar\u0103 opera\u021bional\u0103 rus\u0103. Oficiali polonezi sunt cei care la solicitarea lui Merkel au acceptat o reconciliere cu Rusia. De fapt este clar at\u00e2t timp cat Zelinski nu face pace cu separati\u0219ti Putini nu va sta la mas\u0103 cu el. Putin le-a spus at\u00e2t lui Macron c\u00e2t \u0219i lui Merkel de acum doi ani. Situa\u021bi este extrem de periculoas\u0103. Macron a ie\u0219it din hotel cu consilierii, \u00een Pia\u021ba Ro\u0219ie, la dou\u0103 noapte, s\u0103 stabileasc\u0103 detaliile vizitei la Kiev asta spune enorm despre modul cum a reac\u021bionat Putin la discu\u021bii.<\/p>\n\n\n\n<h4 class=\"wp-block-heading\" id=\"doctrina-brejnev-revine-in-versiunea-putin\"><strong>Doctrina Brejnev revine \u00een versiunea Putin?<\/strong><\/h4>\n\n\n\n<p>Nu \u0219tiu de ce evenimentele de acum \u00eemi aduc aminte de \u00eent\u00e2lnirea din 1995 din Mun\u021bii Colorado din 5 februarie, dintre Margaret Thatcher, Mihail Gorbaciov, Francois Mitterand \u0219i George Bush o amintire fascinant\u0103 adus\u0103 \u00een prin plan de \u201eRetrospectiva secolului\u201d ini\u021biat\u0103 de NPQ pentru Los Angeles Times. De remarcat c\u0103 la funeraliile Cernenko, Gorbaciov a stat de vorb\u0103 cu George Bush (pe atunci vicepre\u0219edinte) \u0219i Thatcher Margaret \u0219i a spus: \u201e<em>Vreau sa v\u0103 asigur ca principiile care p\u00e2n\u0103 acum erau doar afirmate -egalitatea \u00eentre state \u0219i neamestecul \u00een treburile interne-vor deveni de aici adev\u0103rata noastr\u0103 politic\u0103. Politica actual\u0103 este sf\u00e2r\u0219itul doctrinei Brejnev<\/em>\u201d. S\u0103 cred ca Doctrina Brejnev reinterpretat\u0103 de Putin revine? Este posibil ea fiind \u00eendrept\u0103 de data asta spre Ucraina, Georgia \u0219i Moldova. Retorica lui Putin cu privire la Ucraina \u0219i prezen\u021ba NATO \u00een fostele na\u021biuni ale Pactului de la Var\u0219ovia aminte\u0219te de doctrina fostului lider sovietic Leonid Brejnev conform c\u0103reia nicio na\u021biune care are un guvern socialist (adic\u0103, un guvern prietenos cu Uniunea Sovietic\u0103) nu poate fi l\u0103sat\u0103 s\u0103 aleag\u0103 o alt\u0103 calea socialist\u0103. Versiunea lui Putin a doctrinei Brejnev este un efort de a revendica ceea ce a numit uneori ru\u0219ii din str\u0103in\u0103tate \u2013 acele na\u021biuni precum Ucraina care au f\u0103cut odat\u0103 parte din Uniunea Sovietic\u0103. Dar, la fel ca Brejnev c\u00e2nd a intrat \u00een Afganistan, Putin se afl\u0103 \u00eentr-o pozi\u021bie dificil\u0103 cu fostele provincii ale URSS precum Kazahstanul abia ie\u0219it dintr-o revolt\u0103 popular\u0103. Belarus este o alt\u0103 durere de cap pentru Putin. El a trimis trupe ruse\u0219ti acolo chiar recent, \u00een noiembrie 2021, pentru a ajuta la rezolvarea crizei imigra\u021biei cauzate de pre\u0219edintele Belarus Alexander Luka\u0219enko. Putin este un om m\u00e2ndru. El vrea o \u201emare Rusie\u201d care rena\u0219te \u0219i vrea o Americ\u0103 \u00een dezordine, crez\u00e2nd c\u0103 este cumva \u00een avantajul lui. Administra\u021bia Biden \u0219i alia\u021bii NATO ai Americii \u00eei ofer\u0103 o cale de ie\u0219ire din criza pe care a creat-o cu Ucraina. Nu ar trebui s\u0103 se \u00eendoiasc\u0103 de faptul c\u0103 pre\u0219edintele Biden \u0219i al\u021bi lideri NATO vor \u00eendeplini m\u0103surile pe care le-au stabilit dac\u0103 Putin se va muta cu trupele \u00een Ucraina. \u00cen acela\u0219i timp, Putin ar trebui s\u0103-\u0219i aminteasc\u0103 lec\u021bia de istorie a modului \u00een care doctrina Brejnev s-a dovedit falimentar\u0103 pentru Uniunea Sovietic\u0103, c\u00e2nd configureaz\u0103 o \u201edoctrin\u0103 Putin\u201d pentru Ucraina \u0219i ceilal\u021bi vecini ai s\u0103i. Dup\u0103 cum a scris Fiodor Dostoievski, \u201e<em>Este nevoie de ceva mai mult dec\u00e2t inteligen\u021b\u0103 pentru a ac\u021biona inteligent.<\/em>\u201d Sper\u0103m c\u0103 Putin va asculta \u00een\u021belepciunea lui Dostoievski de dragul tuturor celor implica\u021bi. Dar este sigur nu se va a\u0219eza la masa negocierilor \u00een Formatul Normandia dac\u0103 Zelenski nu va negocia cu separati\u0219ti indiferent ce ar zice Macron! De fapt conferin\u021ba de pres\u0103 a celor doi de la Kiev a fost una f\u0103r\u0103 o logic\u0103 clar\u0103 cu repet\u0103ri din partea lui Zelinski \u0219i ne\u00een\u021belegerea a ceea ce \u00eei spunea Macron.<\/p>\n\n\n\n<h4 class=\"wp-block-heading\" id=\"controverse-la-nivelul-europei\"><strong>Controverse la nivelul Europei<\/strong><\/h4>\n\n\n\n<p>Macron vine la Moscova dup\u0103 o serie de \u00eent\u00e2lniri cu Putin de-a lungul pre\u0219edin\u021biei sale. \u00cen vara anului 2017, la scurt timp dup\u0103 ce a fost ales pre\u0219edinte al Fran\u021bei, Emmanuel Macron \u0219i-a \u00eent\u00e2mpinat omologul s\u0103u rus pe Vladimir Putin la palatul de la Versailles (opulen\u021ba Fran\u021bei). A fost prima dintre mai multe \u00eent\u00e2lniri dintre cei doi b\u0103rba\u021bi, \u00eent\u00e2lniri \u00een care pre\u0219edintele francez a c\u0103utat s\u0103-l aduc\u0103 pe liderul rus mai aproape de Europa \u2013 \u00een cele din urm\u0103 f\u0103r\u0103 prea mult succes. Doi ani mai t\u00e2rziu, \u00een 2019, Macron l-a g\u0103zduit din nou pe Putin, de data aceasta la loca\u021bia sa oficial\u0103 din Bregancon <a href=\"#7\">[7]<\/a> pe Riviera Francez\u0103. La conferin\u021ba lor de pres\u0103 comun\u0103 de atunci, Macron a folosit declara\u021bia fostului pre\u0219edinte Charles de Gaulle conform c\u0103reia \u201e<em>Europa s-a extins de la Atlantic la Urali<\/em>\u201d, afirm\u00e2ndu-\u0219i credin\u021ba \u00eentr-o \u201e<em>Europe care merge de la Lisabona la Vladivostok<\/em>\u201d. Doi ani mai t\u00e2rziu a avut loc, probabil, cel mai ciudat episod din dialogul lui Macron cu Putin: la 13 iulie 2021, un avion rusesc a aterizat la Paris cu cadavrul generalului francez din secolul al XVIII-lea Charles Etienne Gudin, care murise \u00een timpul invad\u0103rii Rusiei de c\u0103tre Napoleon \u00een 1812 \u0219i fusese deshumat de sub un ring de dans dintr-o cl\u0103dire\/discotec\u0103 din Sant Petersburg. El urma s\u0103 fie \u00eenmorm\u00e2ntat la Domul Invalizilor la o ceremonie la care urma s\u0103 participe \u0219i Putin. Din cauza otr\u0103virii lui Aleksei Navaln\u00eei acest eveniment nu a mai avut loc.<\/p>\n\n\n\n<p>Dou\u0103 surse apropiate lui Macron au spus c\u0103 unul dintre obiectivele vizitei sale la Moscova a fost s\u0103 c\u00e2\u0219tige timp \u0219i s\u0103 \u00eenghe\u021be situa\u021bia pentru c\u00e2teva luni, cel pu\u021bin p\u00e2n\u0103 la alegerile din \u201eSuper aprilie\u201d din Europa \u2013 \u00een Ungaria, Slovenia \u0219i, \u00een mod crucial pentru Macron, \u00een Fran\u021ba. \u0218i totu\u0219i fostului premier suedez Carl Bildt afirma\u021bia lui Macron despre \u201eo nou\u0103 ordine de securitate \u0219i stabilitate\u201d i-a creat o stare de nervozitate. De asemenea multi oficiali au considerat ca aceast\u0103 c\u0103l\u0103torie a provocat mai multe daune dec\u00e2t beneficii. \u00cens\u0103 politicienii francezi spun c\u0103 misiunea lui Macron a fost s\u0103 exploreze dac\u0103 este posibil\u0103 o detensionare cu Rusia. \u201e<em>Cred c\u0103 continentul nostru se afl\u0103 ast\u0103zi \u00eentr-o situa\u021bie extrem de critic\u0103, care ne cere ca to\u021bii s\u0103 fim extrem de responsabili<\/em>\u201d, a spus el reporterilor \u00eenainte de a \u00eencepe sesiunea sa de cinci ore cu Putin. Cealalt\u0103 variant\u0103, mult mai rea, ar putea fi cea a celui mai mare r\u0103zboi terestru din Europa de la al Doilea R\u0103zboi Mondial. Un astfel de efort depus de Macron este l\u0103udabil dar a fost criticat de unele cancelarii europene de c\u00e2nd s-a aflat de el. Putin crede, \u0219i i-a spus-o lui Macron, c\u0103 Kievul vrea s\u0103 rezolve criza din est cu ajutorul armelor, acuz\u00e2ndu-l pe Poro\u0219enko de tr\u0103dare na\u021bional\u0103 pentru ca a semnat Acordul Minsk 2. Mai \u00een glum\u0103 mai \u00een serios Putin \u0219i-a reiterat sprijinul pentru azil politic fa\u021b\u0103 de fostul pre\u0219edinte ucrainian. Macron a spus c\u0103 el \u0219i Putin au discutat \u201e<em>m\u0103suri concrete pentru a stabiliza situa\u021bia \u0219i a prevedea o detensionare<\/em>\u201d. El a ad\u0103ugat: \u201e<em>Pre\u0219edintele Putin m-a asigurat de disponibilitatea sa de a se angaja \u00een aceast\u0103 logic\u0103, de a men\u021bine aceste echilibre\u2026 \u00een special \u00een ceea ce prive\u0219te suveranitatea \u0219i integritatea teritorial\u0103 a Ucrainei<\/em>\u201d. Eu cred c\u0103 expresia corecta este au prospectat ce solu\u021bii ar putea fi alese. V\u0103 spun \u0219i o repet nu cred c\u0103 Putin va renun\u021ba la construc\u021bia militar\u0103 f\u0103r\u0103 a avea garan\u021bii scrise cel pu\u021bi la unele din cererile ridicate. Este o ultim\u0103 \u0219ans\u0103 pentru el inclusiv la alegerile preziden\u021biale care urmeaz\u0103. Va recomand s\u0103 citi\u021bi cartea \u201ePutin\u2019s People How the KGB Took Back Russia and Then Turned on the West\u201d (Oamenii lui Putin: Cum KGB-ul a luat \u00eenapoi Rusia \u0219i apoi a preluat Occidentul) de Catherine Belton din care am s\u0103 v\u0103 poveste \u00eentr-un articol viitor. Sau poate mai bine s\u0103 cititi cele dou\u0103 c\u0103r\u021bi \u00een limba rom\u00e2n\u0103 Bill Browder-Alert\u0103 Ro\u0219ie- cum am devenit inamicul public num\u0103rul unu a lui Putin (editura Humanitas) \u0219i Stanislav Belkovski-Putin (editura Corint).<\/p>\n\n\n\n<p>Macron a parcurs o linie sub\u021bire \u2013 c\u0103ut\u00e2nd, dup\u0103 cum a spus el, ca s\u0103 respecte \u201e<em>cerin\u021bele \u0219i garan\u021biile [ale] vecinului \u0219i prietenului nostru Rusia<\/em>\u201d \u0219i, \u00een acela\u0219i timp, s\u0103 asigure Occidentul c\u0103 nu submina o pozi\u021bie comun\u0103. Este important de spus ca Macron a fost singurul acceptat de Putin la Kremlin. Dar unele diferen\u021be au fost vizibile. \u00cen timp ce SUA, \u00een r\u0103spunsurile scrise la cererile Rusiei, spuneau c\u0103 detensionarea \u00een estul Ucrainei este o condi\u021bie prealabil\u0103 pentru a vorbi despre alte chestiuni, Macron p\u0103rea s\u0103 admit\u0103 \u2013 sau s\u0103 accepte realitatea \u2013 c\u0103 Putin ar detensiona situa\u021bia doar dac\u0103 Occidentul ar negocia cererile sale. \u201e<em>De-escaladarea sigur\u0103 \u0219i durabil\u0103 necesit\u0103 progrese \u00een chestiunile de fond<\/em>\u201d, a spus Macron, ad\u0103ug\u00e2nd c\u0103 acestea includ \u201e<em>garan\u021bii de securitate care ne vor permite s\u0103 construim o nou\u0103 ordine de securitate \u0219i stabilitate \u00een Europa<\/em>\u201d.<\/p>\n\n\n\n<h4 class=\"wp-block-heading\" id=\"cum-ar-putea-arata-acea-noua-ordine-de-securitate\"><strong>Cum ar putea ar\u0103ta acea \u201enou\u0103 ordine de securitate\u201d?<\/strong><\/h4>\n\n\n\n<p>Macron a spus c\u0103 cei doi lideri au discutat \u201e<em>\u00eentr-un mod foarte direct<\/em>\u201d propuneri de \u201e<em>a oferi garan\u021bii concrete de securitate<\/em>\u201d prin \u201e<em>construirea de noi solu\u021bii, poate mai inovatoare<\/em>\u201d. Dar nu a explicat exact ce presupune asta. Putin a indicat c\u0103 este gata s\u0103 discute despre propunerile lui Macron. Ce putea oferi Macron pentru a-l determina pe Putin s\u0103 dezescaladeze situa\u021bia? Liderul francez a dat un interviu \u00eenainte de plecare \u00een Le Journal du Dimanche \u00een care nu spus ce are \u00een minte, dar un oficial a sugerat negocieri \u00een jurul conceptului mult-amintit al lui Putin de \u201esecuritate indivizibil\u0103\u201d.<\/p>\n\n\n\n<p>Sugestia lui Macron din interviu este c\u0103 Occidentul va trebui s\u0103 fac\u0103 compromisuri ar putea ridica pre\u021bul oric\u0103rui acord cu Putin. Chiar dac\u0103 Macron crede c\u0103 Occidentul trebuie s\u0103-i dea ceva lui Putin, a fost \u00eentr-adev\u0103r at\u00e2t de inteligent s\u0103-l fac\u0103 at\u00e2t de evident \u00eenaintea discu\u021biilor? Nu \u0219tim dar este posibil. Poate v\u0103 \u00eentreba\u021bi ce este securitatea indivizibil\u0103? Consacrat\u0103 \u00een Acordurile de la Helsinki din 1975, \u00eenseamn\u0103 c\u0103 niciun stat nu ar trebui s\u0103-\u0219i sporeasc\u0103 securitatea \u00een detrimentul altuia. Occidentul spune c\u0103 acest lucru se refer\u0103 la drepturile omului, precum \u0219i la lucruri precum sistemele de rachete, dar Putin pare s\u0103 fi considerat conceptul ca \u00eensemn\u00e2nd c\u0103 ar trebui s\u0103 aib\u0103 un drept de veto asupra extinderii NATO c\u0103tre est, evit\u00e2nd \u00een acela\u0219i timp men\u021bionarea explicit\u0103 a sferelor de influen\u021b\u0103. De asemenea \u00eenainte de discu\u021bia cu Putin Macron le-a spus ziari\u0219tilor c\u0103 o \u201efinlandizare<a href=\"about:reader?url=https%3A%2F%2Fwww.cristoiublog.ro%2Feuropa-la-mana-lui-putin-finlandizarea-ucrainei%2F#_ftn8\">[8]<\/a>\u201e a Ucrainei este \u201eunul dintre modelele de pe mas\u0103\u201d. Dup\u0103 discu\u021bie ne-a atras aten\u021bia o remarc\u0103 a lui Macro care aprecia c\u0103 Suedia \u0219i Finlanda pot adera la NATO dar nu a pomenit nimic de Ucraina ceea ce \u00eensemn\u0103 clar o respingere a acesteia de la o eventual\u0103 solicitare de aderare chir \u0219i numai prin vetoul Fran\u021bei. Vom avea un NATO cu ferestrele deschise dar cu op\u021biuni selective. O alt\u0103 chestiune discutat\u0103 a fost propunerea lui Luka\u0219enko de a instala arme nucleare \u00een Belarus, propunere care a fost negat\u0103 de Putin. Cei doi au convenit s\u0103 discute telefonic dup\u0103 ce Macron se va \u00eent\u00e2lnii la Kiev cu Zelenski. Asta \u00eei spune c\u0103 Macron se duce cu o foaie de parcurs pentru Zelinski pe care acesta trebuie s-o urmeze.<\/p>\n\n\n\n<h4 class=\"wp-block-heading\" id=\"ce-mai-este-nou-pe-frontul-de-est\"><strong>Ce mai este nou pe frontul de est?<\/strong><\/h4>\n\n\n\n<p>Macron a plecat de la Kremlin optimist c\u0103 r\u0103zboiul poate fi evitat prin \u00eencheierea unui nou acord privind securitatea european\u0103 cu Rusia. Macron a vorbit de detensionare ca \u0219i cum a ob\u021binut-o. El a spus c\u0103 \u00eempreun\u0103 cu Putin au discutat \u201e<em>m\u0103suri concrete pentru a stabiliza situa\u021bia \u0219i a prevedea o detensionare<\/em>\u201d, men\u021bion\u00e2nd c\u0103: \u201e<em>Pre\u0219edintele Putin m-a asigurat de disponibilitatea sa de a se angaja \u00een aceast\u0103 logic\u0103, de a men\u021bine aceste echilibre\u2026 \u00een special \u00een ceea ce prive\u0219te suveranitatea \u0219i integritatea teritorial\u0103 a Ucrainei<\/em>\u201d. Toate sau aproape toate declara\u021biile lui Macron sunt \u00eencurajatoare. Dar a\u0219a o fi? \u00cen mod sigur se observa diferen\u021be \u00eentre abord\u0103rile celor doi. \u00cen timp ce SUA, \u00een r\u0103spunsurile scrise la cererile Rusiei, spuneau c\u0103 detensionarea \u00een estul Ucrainei este o condi\u021bie prealabil\u0103 pentru a vorbi despre alte chestiuni, Macron p\u0103rea s\u0103 admit\u0103 \u2013 sau s\u0103 accepte realitatea \u2013 c\u0103 Putin ar detensiona situa\u021bia doar dac\u0103 Occidentul ar negocia cererile sale. \u201e<em>De-escaladarea sigur\u0103 \u0219i durabil\u0103 necesit\u0103 progrese \u00een chestiunile de fond<\/em>\u201d, a spus Macron ad\u0103ug\u00e2nd c\u0103 acestea includ \u201e<em>garan\u021bii de securitate care ne vor permite s\u0103 construim o nou\u0103 ordine de securitate \u0219i stabilitate \u00een Europa<\/em>\u201d citeaz\u0103 Politico. \u0218i totu\u0219i a clasifica c\u0103l\u0103toria lui Macron ca c\u0103l\u0103torie a ego-ului care a spulberat unitatea transatlantic\u0103 este absurd. Dar pre\u0219edintele francez nu lucreaz\u0103 independent. Sigur, Macron ar putea avea o p\u0103rere bun\u0103 despre sine \u0219i s\u0103 cread\u0103 c\u0103 este singurul care are talentul de a-l convinge pe Putin s\u0103 vad\u0103 clar situa\u021bia, dar \u00een mod sigur Putin este cel pu\u021bin interesat de unele ideii ale lui Macron. Macron a vorbit s\u00e2mb\u0103t\u0103 5 februarie cu prim-ministrul britanic Boris Johnson \u0219i cu pre\u0219edintele Joe Biden a doua zi \u2013 \u0219i pot s\u0103 pariez cu Dumneavoastr\u0103 pe un leu c\u0103 urm\u0103toarea c\u0103l\u0103torie a lui Macron la Kremlin a fost principalul subiect al conversa\u021biei. Germania, cea mai mare economie a Europei \u0219i unul dintre membrii s\u0103i cei mai influen\u021bi, a fost \u0219i ea la curent (Cancelarul german Olaf Scholz s-a \u00eent\u00e2lnit ieri cu Biden la Casa Alb\u0103, unde cei doi au f\u0103cut tot posibilul pentru a-i asigura pe to\u021bi cei din sal\u0103 c\u0103 Washingtonul \u0219i Berlinul au un front unit \u00eempotriva Rusiei). Macron a vorbit \u0219i cu Putin de nenum\u0103rate ori, cu o conversa\u021bie telefonic\u0103 din 31 ianuarie, o previzualizare probabil\u0103 a ceea ce cei doi b\u0103rba\u021bi au discuta la Kremlin \u00een \u00eent\u00e2lnirea lor din 7 februarie.<\/p>\n\n\n\n<h4 class=\"wp-block-heading\" id=\"conceptul-de-autonomie-strategica-a-europei-incepe-la-moscova\"><strong>Conceptul de autonomie strategic\u0103 a Europei \u00eencepe la Moscova<\/strong><\/h4>\n\n\n\n<p>Exist\u0103 o serie de discu\u021bii \u00een cancelariile occidentale despre faptul c\u0103 liderul uneia dintre cele mai mari puteri ale Europei nu ar trebui s\u0103 fie un participant principal \u00een rezolvarea uneia dintre cele mai semnificative crize de securitate europene din epoca post-R\u0103zboi Rece. Cred c\u0103 Macron a \u00eenceput s\u0103-\u0219i pun\u0103 \u00een aplicare conceptul de autonomie strategic\u0103. El \u00eei arat\u0103 lui Biden c\u0103 nu numai el poate avea summituri video cu Putin, o face \u0219i Macron dar nu video. Nu numai SUA, liderul lumii libere, poate \u00eenainta proiecte de propuneri Ministerului de Externe al Rusiei pot \u0219i europenii care nu sunt numai meni\u021bi s\u0103 urmeze dict\u0103rile Washingtonului. Europa este o putere \u00een sine, cu o economie formidabil\u0103 de 15 trilioane de dolari, o banc\u0103 profund\u0103 de diploma\u021bi experimenta\u021bi la dispozi\u021bie \u0219i o capacitate militar\u0103 colectiv\u0103 care este mai competent\u0103 dec\u00e2t se presupune \u00een mod tradi\u021bional. Europa, cu alte cuvinte, are putere \u2013 \u0219i dac\u0103 un poten\u021bial conflict armat pe continent \u00een sine nu este suficient pentru a folosi aceast\u0103 putere, atunci ce va face Europa cu ea? \u00cent\u00e2mpl\u0103tor, despre ceea ce vorbe\u0219te Macron aici este \u00een concordan\u021b\u0103 cu ceea ce administra\u021biile americane succesive au pretins c\u0103 \u00ee\u0219i doresc: <em>o Europ\u0103 puternic\u0103, suveran\u0103 capabil\u0103 \u0219i dispus\u0103 s\u0103 fie proactiv\u0103 \u00een problemele de securitate european\u0103 \u00een loc s\u0103 cear\u0103 permanent ajutorul SUA.<\/em> \u00centr-adev\u0103r, dac\u0103 exist\u0103 un punct comun \u00eentre Barack Obama, Donald Trump \u0219i Joe Biden, acesta este sprijinul pentru ideea de \u00eencredere \u00een sine a Europei.<\/p>\n\n\n\n<p>S\u0103pt\u0103m\u00e2nile trecute Europa a\u0219tepta \u00eentr-un col\u021b ca Washingtonul s\u0103 negocieze criza european\u0103. Acum Macron caut\u0103 un rol de lider european \u00een criza din Ucraina. Eu zic c\u0103 este bine ca Europa s\u0103-\u0219i ia soarta \u00een m\u00e2niile proprii. Oricum America are treab\u0103 \u00een Indo-Pacific. Dar pentru asta nu este suficient\u0103 declara\u021bia francezilor ca trimit trupe \u00een Rom\u00e2nia sau a nem\u021bilor c\u0103 vor consolida flancul nordic. Trebuie ca acest lucru s\u0103 se \u00eent\u00e2mple urgent. Din fericire tot americani se mi\u0219c\u0103 mai repede.<\/p>\n\n\n\n<h4 class=\"wp-block-heading\" id=\"post-scriptum-a\u0219a-ca-sa-mai-turnam-gaz-pe-foc\"><strong>Post Scriptum<\/strong> (a\u0219a ca s\u0103 mai turn\u0103m gaz pe foc)<\/h4>\n\n\n\n<p>Pre\u0219edintele Joe Biden a promis s\u0103pt\u0103m\u00e2na trecut\u0103 c\u0103 va nominaliza prima femeie de culoare la Curtea Suprem\u0103. Biden a ales-o pe Kamala Harris \u00een echipa preziden\u021bial\u0103 \u0219i a desemnat-o prima vicepre\u0219edint\u0103 de culoare a Americii. \u00cen Washington circul\u0103 un zvon c\u0103 Kamala Harris va fi numit\u0103 la Curtea Suprem\u0103 a SUA. Asta ar \u00eensemna c\u0103 va fi un nou vicepre\u0219edinte, mai popular, cineva care ar putea prelua locul unui Biden cel de optzeci \u0219i doi de ani \u00een 2024. Sun\u0103 ciudat ca s\u0103 fie adev\u0103rat. Dar suntem \u00een condi\u021bii de criz\u0103 global\u0103 la r\u0103scruce de v\u00e2nturi. Dup\u0103 ce judec\u0103torul Stephen Breyer, \u00een v\u00e2rst\u0103 de optzeci \u0219i trei de ani, a anun\u021bat c\u0103 va renun\u021ba, zvonurile \u201eKamala for Justice\u201d s-au r\u0103sp\u00e2ndit \u00een mod \u201es\u0103lbatic\u201d. Ea are o experien\u021b\u0103 juridic\u0103, desigur, dup\u0103 ce a fost procuror general al Californiei \u00eenainte de a deveni senator. Purt\u0103toarea de cuv\u00e2nt de la Casa Alb\u0103, Jen Psaki, \u00een declara\u021biile sale nu a f\u0103cut nimica care s\u0103 elimine aceast\u0103 suspiciune: \u201e<em>Pre\u0219edintele are toate inten\u021biile, a\u0219a cum a spus mai \u00eenainte, s\u0103 candideze pentru realegere cu vicepre\u0219edintele Harris pe bilet<\/em>\u201d. Drag\u0103 cititorule c\u00e2nd oamenii politici spun \u201eorice inten\u021bie\u201d, ei spun adesea contrariul. Purt\u0103torul de cuv\u00e2nt al Kamalei, Symone Sanders, recent demisionat (\u00een dou\u0103 s\u0103pt\u0103m\u00e2ni Kamala a pierdut doi consilieri importan\u021bi- unul Sanders \u0219i al doilea Ashley Etienne), a respins discu\u021biile referitoare la Curtea Suprem\u0103, pe Twitter, \u0219i le-a denumit \u201e<em>b\u00e2rfe de dreapta f\u0103r\u0103 nicio baz\u0103 \u00een fapte<\/em>\u201d \u2013 \u00eenainte de a ad\u0103uga \u201e<em>Dar aceasta este doar p\u0103rerea mea. Nu \u0219tiu<\/em>.\u201d Oare subiectul ne spune c\u0103 democra\u021bii sunt \u00een panic\u0103? Partidul lui Biden se uit\u0103 cu team\u0103 la alegerile de la jum\u0103tatea mandatului din noiembrie, c\u00e2nd se a\u0219teapt\u0103 s\u0103 piard\u0103 Camera \u0219i Senatul \u00een fa\u021ba republicanilor. Problema este c\u0103 vicepre\u0219edintele este mai nepopular dec\u00e2t \u0219eful s\u0103u, dup\u0103 sudajele efectuate recent \u0219i sete posibil ca ocupantul pozi\u021biei doi din statul american s\u0103 preia o serie de atribu\u021biuni chiar \u00eenainte de alegerile din 2024. Democra\u021bii au nevoie de o tranzi\u021bie ordonat\u0103. Pe list\u0103 o avem \u0219i pe Michelle Obama, bine-cunoscut\u0103 \u0219i popular\u0103. Americanilor nu le place s\u0103 recunoasc\u0103, dar tind s\u0103 le plac\u0103 dinastiile. De aceea, Kennedy, Bush \u0219i Clinton au dominat Washingtonul at\u00e2t de mult timp. Suntem cu ochii pe Casa Alb\u0103 pentru c\u0103 echipa de acolo este extrem de important\u0103 \u00een condi\u021biile \u00een care se creioneaz\u0103 Noua Ordine Mondial\u0103 nu la Davos ci la Beijing.<\/p>\n\n\n\n<hr class=\"wp-block-separator\"\/>\n\n\n\n<p><a id=\"1\">[1]<\/a> Rusia a testat noua sa racheta hipersonica Kinjal (Pumnal, in limba rusa \u2013 n.r.), despre care sus\u021bine c\u0103 este capabila sa evite scutul antirachet\u0103 al SUA, tara pe care Kremlinul o acuza ca provoac\u0103 o noua cursa a \u00eenarm\u0103rii la nivel mondial, scrie agen\u021bia EFE. Racheta Kinjal, are o raza de ac\u021biune de peste 2.000 de kilometri si o viteza de 10 ori mai mare dec\u00e2t sunetul, a lovit o \u021binta \u00eentr-un poligon militar, potrivit comunicatului de presa citat. Avionul supersonic MiG-31, care a decolat de pe un aerodrom situat in sudul Rusiei, a fost modernizat special pentru a putea transporta rachete de tip Kinjal.<\/p>\n\n\n\n<p><a id=\"2\">[2]<\/a> https:\/\/www.irishtimes.com\/news\/world\/europe\/eu-commission-accused-of-maladministration-by-ombudsman-over-pfizer-ceo-texts-1.4788168<\/p>\n\n\n\n<p><a id=\"3\">[3]<\/a>https:\/\/index.hu\/english\/2017\/03\/21\/hungarian_secret_agent_reveals_how_serious_the_russian_threat_is\/<\/p>\n\n\n\n<p><a id=\"4\">[4]<\/a> Un studiu recent sugereaz\u0103 c\u0103 machiavelianismul, o abordare cinic\u0103 \u0219i manipulativ\u0103 a rela\u021biilor interpersonale, poate fi de fapt asociat cu \u201dinteligen\u021b neagr\u0103\/cenusie\u201d (Kowalski et al., 2018.<\/p>\n\n\n\n<p><a id=\"5\">[5]<\/a> C\u00e2t de diferite sunt profilurile celor trei servicii secrete ruse\u0219ti, FSB, SVR \u0219i GRU \u00een activit\u0103\u021bile lor \u00een Ungaria?<\/p>\n\n\n\n<p>R\u0103spuns: To\u021bi trei sunt prezen\u021bi \u00een Ungaria, mai devreme am fost \u00een contact cu ei printr-un ofi\u021ber de leg\u0103tur\u0103. Ceea ce este indicat de \u0219tiut despre lumea serviciilor secrete este c\u0103 ar putea exista probleme comune \u00een care serviciile din p\u0103r\u021bi opuse pot \u0219i vor coopera \u00eentre ele. Numitorul comun cu ru\u0219ii ar putea fi lupta \u00eempotriva crimei organizate \u0219i mai ales \u00eempotriva terorismului, unde chiar facem o \u00een\u021belegere cu diavolul dac\u0103 este nevoie \u0219i dac\u0103 este \u00een interesul nostru. Contraspionajul este o afacere mult mai rigid\u0103 \u0219i mai \u00eenchis\u0103 \u00een acest sens.<\/p>\n\n\n\n<p>SVR se ocup\u0103 de sarcini de informa\u021bii mai tradi\u021bionale, cum ar fi \u0219tiin\u021ba, tehnologia, mass-media \u0219i UE. FSB este c\u00e2inele \u00eenl\u0103n\u021buit, ei sunt cei responsabili cu protec\u021bia tehnico-opera\u021bional\u0103 a reprezentan\u021belor str\u0103ine ruse, serviciile diplomatice de livrare, iar asigurarea ac\u021biunilor opera\u021bionale, monitorizarea etc. este, de asemenea, sarcina lor. GRU este specializat \u00een culegerea de informa\u021bii despre NATO \u0219i armate, iar dac\u0103 ne uit\u0103m la ce s-a \u00eent\u00e2mplat recent \u00een Muntenegru, tentativa de asasinat \u0219i lovitur\u0103 de stat, ei sunt \u0219i ei responsabili pentru locurile de munc\u0103 murdare. Este o cerin\u021b\u0103 vizibil\u0103 pentru ei s\u0103 ofere un fel de preg\u0103tire pentru a ac\u021biona \u00een sprijinul intereselor Rusiei \u00eentr-o anumit\u0103 \u021bar\u0103.<\/p>\n\n\n\n<p><a id=\"6\">[6]<\/a>Declara\u021bia asupra principiilor care ac\u021bioneaz\u0103 \u00een rela\u021biile dintre statele participante (cunoscut\u0103 \u0219i sub denumirea de <strong>Decalogul<\/strong>) a enumerat urm\u0103toarele 10 puncte: (1)Respectarea drepturilor inerente ale suveranit\u0103\u021bii;(2) Nerecurgerea la amenin\u021barea sau la folosirea for\u021bei; (3) Inviolabilitatea frontierelor; (4) Integritatea teritorial\u0103 a statelor; (5) Reglementarea pa\u0219nic\u0103 a diferendelor; (6) Neinterven\u021bia \u00een afacerile interne; (7) Respectarea drepturilor omului \u0219i a libert\u0103\u021bilor fundamentale; (8) Egalitatea \u00een drepturi a popoarelor \u0219i dreptul popoarelor de a dispune de ele \u00eensele; (9) Cooperarea \u00eentre state; (10) \u00cendeplinirea cu bun\u0103 credin\u021ba a obliga\u021biilor asumate conform dreptului interna\u021bional<\/p>\n\n\n\n<p><a id=\"7\">[7]<\/a> Situat \u00een largul coastei mediteraneene, la Bormes-les-Mimosas din Var, emblematicul Fort Br\u00e9gan\u00e7on este locul \u00een care pre\u0219edin\u021bii francezi vin s\u0103 se relaxeze, s\u0103 distreze demnitarii sau pur \u0219i simplu s\u0103 lucreze \u00een pace. Acesta apare \u00eentr-o nou\u0103 carte despre Palatele Preziden\u021biale, care invit\u0103 cititorii \u00een culisele \u201ds\u0103lilor sfin\u021bite\u201d ale puterii Fran\u021bei.<\/p>\n\n\n\n<p><a id=\"8\">[8]<\/a> Finlanda a r\u0103mas o \u021bar\u0103 independent\u0103 \u00een timpul R\u0103zboiului Rece, dar a trebuit s\u0103-\u0219i p\u0103streze neutralitatea strict\u0103 \u0219i nu a aderat nici la NATO, nici la Pactul de la Var\u0219ovia al Uniunii Sovietice.<\/p>\n","protected":false},"excerpt":{"rendered":"<p>To\u021bi ochii sunt a\u021binti\u021bi c\u0103tre Ucraina. Dar lucruri care vor lovi Europa, ca o racheta Kinzhal Kh-47M2 [1], se \u00eent\u00e2mpl\u0103 \u00een Canada. \u201eConvoiul libert\u0103\u021bii\u201d de la Ottawa devine o mare problem\u0103 pentru \u201eneomarxistul\u201d Justin Pierre James Trudeau. Se va r\u0103sp\u00e2ndi \u00een Europa?. Donald Trump \u0219i Ted Cruz \u00eei sus\u021bin, Agen\u021bia CIA \u00eei considera un mare pericol pentru securitatea na\u021bional\u0103. Fran\u021ba \u0219i Belgia dar \u0219i Rom\u00e2nia sunt posibile \u021binte. \u201eHouston, we have a problem\u201d este un citat popular din comunica\u021biile radio dintre astronau\u021bii Apollo 13 Jack Swigert, Jim Lovell \u0219i Centrul de control al misiunii NASA \u00een timpul zborului spa\u021bial Apollo 13 din 1970, pe m\u0103sur\u0103 ce astronau\u021bii au comunicat descoperirea [&hellip;]<\/p>\n","protected":false},"author":4,"featured_media":2096,"comment_status":"open","ping_status":"closed","sticky":false,"template":"","format":"standard","meta":{"footnotes":""},"categories":[26,21],"tags":[],"class_list":["post-6374","post","type-post","status-publish","format-standard","has-post-thumbnail","hentry","category-alexandru-grumaz","category-europarusia"],"_links":{"self":[{"href":"https:\/\/www.cass-ro.org\/en\/wp-json\/wp\/v2\/posts\/6374"}],"collection":[{"href":"https:\/\/www.cass-ro.org\/en\/wp-json\/wp\/v2\/posts"}],"about":[{"href":"https:\/\/www.cass-ro.org\/en\/wp-json\/wp\/v2\/types\/post"}],"author":[{"embeddable":true,"href":"https:\/\/www.cass-ro.org\/en\/wp-json\/wp\/v2\/users\/4"}],"replies":[{"embeddable":true,"href":"https:\/\/www.cass-ro.org\/en\/wp-json\/wp\/v2\/comments?post=6374"}],"version-history":[{"count":2,"href":"https:\/\/www.cass-ro.org\/en\/wp-json\/wp\/v2\/posts\/6374\/revisions"}],"predecessor-version":[{"id":6379,"href":"https:\/\/www.cass-ro.org\/en\/wp-json\/wp\/v2\/posts\/6374\/revisions\/6379"}],"wp:featuredmedia":[{"embeddable":true,"href":"https:\/\/www.cass-ro.org\/en\/wp-json\/wp\/v2\/media\/2096"}],"wp:attachment":[{"href":"https:\/\/www.cass-ro.org\/en\/wp-json\/wp\/v2\/media?parent=6374"}],"wp:term":[{"taxonomy":"category","embeddable":true,"href":"https:\/\/www.cass-ro.org\/en\/wp-json\/wp\/v2\/categories?post=6374"},{"taxonomy":"post_tag","embeddable":true,"href":"https:\/\/www.cass-ro.org\/en\/wp-json\/wp\/v2\/tags?post=6374"}],"curies":[{"name":"wp","href":"https:\/\/api.w.org\/{rel}","templated":true}]}}