{"id":6606,"date":"2023-01-09T00:49:39","date_gmt":"2023-01-08T22:49:39","guid":{"rendered":"https:\/\/www.cass-ro.org\/?p=6606"},"modified":"2023-01-09T00:52:40","modified_gmt":"2023-01-08T22:52:40","slug":"ar-putea-ca-tensiunile-dintre-grecia-si-turcia-sa-duca-la-un-al-doilea-razboi-european","status":"publish","type":"post","link":"https:\/\/www.cass-ro.org\/en\/ar-putea-ca-tensiunile-dintre-grecia-si-turcia-sa-duca-la-un-al-doilea-razboi-european\/","title":{"rendered":"Ar putea ca tensiunile dintre Grecia \u0219i Turcia s\u0103 duc\u0103 la un al doilea r\u0103zboi european?"},"content":{"rendered":"\n<p>Tensiunile tot mai mari dintre Ankara \u0219i Atena din ultimele luni au alimentat temeri de o confruntare militar\u0103 \u00eentre vecini. Ei au ajuns \u00een pragul r\u0103zboiului de trei ori \u00een ultima jum\u0103tate de secol, iar for\u021bele lor aeriene se angajeaz\u0103 adesea \u00een lupte de urm\u0103rire \u0219i \u0219icanare \u00een spa\u021biul aerian. Disputele s-au concentrat anterior pe revendic\u0103ri teritoriale fie ele terestre sau aeriene, duc\u00e2nd adesea la confrunt\u0103ri navale \u0219i lupte aeriene. Potrivit Ministerului grec al Ap\u0103r\u0103rii, \u00eentre ianuarie \u0219i octombrie anul acesta au fost \u00eenregistrate un total de 8.880 de \u00eenc\u0103lc\u0103ri ale spa\u021biului aerian grec de c\u0103tre avioanele \u0219i dronele turce\u0219ti, fa\u021b\u0103 de 2.744 \u00een 2021 \u0219i abia c\u00e2teva sute \u00een anii preceden\u021bi.<\/p>\n\n\n\n<p>Pre\u0219edintele turc Recep Tayyip Erdogan este cunoscut pentru izbucnirile sale de furie concert\u00e2ndu-se &nbsp;asupra guvernului grec \u0219i a prim-ministrului s\u0103u, Kyriakos Mitsotakis. \u201e<em>Pentru mine, nimeni pe nume Mitsotakis nu va mai exista de acum \u00eenainte<\/em>\u201d, a spus Erdogan. \u201e<em>Nu voi accepta niciodat\u0103 s\u0103-l mai v\u0103d<\/em>\u201d, a ad\u0103ugat el, \u00eenainte de a-\u0219i acuza omologul s\u0103u c\u0103 este \u201en<em>ecinstit<\/em>\u201d. La Praga, \u00een ajunul Summitului European din 6 octombrie, premierul grec a p\u0103r\u0103sit cina oficial\u0103 \u00een timpul discursului pre\u0219edintelui turc. Ca r\u0103spuns, Erdogan a amenin\u021bat <a href=\"https:\/\/evz.ro\/tag\/grecia\" target=\"_blank\" rel=\"noreferrer noopener\">Grecia<\/a> cu o veche melodie turceasc\u0103 care spune: \u201e<em>Pot veni brusc \u00eentr-o noapte<\/em>\u201d \u2013 difuzat\u0103 pe scar\u0103 larg\u0103 la radioul turc la momentul interven\u021biei militare \u00een Cipru din 1974.<\/p>\n\n\n\n<p>Autorit\u0103\u021bile elene au declarat c\u0103 monitorizeaz\u0103 \u201eretorica isteric\u0103\u201d a Turciei, \u00een urma declara\u021biei Consiliului Na\u021bional de Securitate derulat la Ankara pe 28 septembrie 2022: \u201e<em><a href=\"https:\/\/evz.ro\/tag\/turcia\" target=\"_blank\" rel=\"noreferrer noopener\">Turcia<\/a> nu se va ab\u021bine s\u0103 foloseasc\u0103 tot felul de metode \u0219i instrumente legitime cu scopul de a-\u0219i proteja drepturile \u0219i interesele<\/em>\u201d pe fondul cre\u0219terii tensiunii \u00een Marea Egee. Ministrul grec de externe Nikos Dendias a comparat Turcia de ast\u0103zi cu Coreea de Nord, dup\u0103 ce pre\u0219edintele turc Recep Tayyip Erdogan a avertizat c\u0103 rachetele turce\u0219ti ar putea lovi Atena \u00eentr-o nou\u0103 escaladare a r\u0103zboiului de cuvinte dintre alia\u021bii NATO.<\/p>\n\n\n\n<p>\u201e<em>Este inacceptabil \u0219i universal condamnabil ca amenin\u021b\u0103rile cu un atac cu rachete \u00eempotriva Greciei s\u0103 fie f\u0103cute de o \u021bar\u0103 aliat\u0103, membr\u0103 NATO<\/em>\u201d, a spus Dendias \u00een timpul unei reuniuni a Uniunii Europene la Bruxelles. \u201e<em>Atitudinile nord-coreene nu pot \u0219i nu trebuie s\u0103 intre \u00een Alian\u021ba Nord-Atlantic\u0103<\/em>\u201d. Consiliul de Securitate turc i-a \u00eendemnat pe to\u021bi \u201e<em>actorii care \u00eencurajeaz\u0103 Grecia s\u0103 \u00eenarmeze insulele care au statut non-militar\u2026 s\u0103 exercite bunul sim\u021b<\/em>\u201d, potrivit unui comunicat publicat dup\u0103 o \u00eent\u00e2lnire de patru ore prezidat\u0103 de pre\u0219edintele Recep Tayyip Erdogan.<\/p>\n\n\n\n<p>Men\u021bion\u00e2nd c\u0103 recentele \u2013 \u201e<em>ac\u021biuni provocatoare sporite\u201d ale Greciei au fost abordate \u00een detaliu, consiliul a subliniat c\u0103 Turcia nu se va ab\u021bine s\u0103 \u201efoloseasc\u0103 tot felul de metode \u0219i instrumente legitime cu scopul de a proteja drepturile \u0219i interesele<\/em> <em>na\u021biunii sale\u201d<\/em>. Consiliul a criticat, de asemenea, SUA pentru recenta decizie de a ridica embargoul asupra armelor destinate administra\u021biei cipriote grece\u0219ti, spun\u00e2nd c\u0103 decizia este \u201e<em>contrar\u0103 spiritului de alian\u021b\u0103<\/em>\u201d \u0219i ar trebui revocat\u0103, a raportat agen\u021bia Anadolu.<\/p>\n\n\n\n<p>Ministerul grec de externe a trimis scrisori c\u0103tre NATO, Na\u021biunile Unite \u0219i UE, resping\u00e2nd comentariile lui Erdogan despre care a spus c\u0103 sunt \u201e<em>neprovocate, inacceptabile \u0219i o insult\u0103 \u00eempotriva Greciei \u0219i Greciei. oameni<\/em>\u201d, cer\u00e2nd organiza\u021biilor s\u0103 condamne comportamentul Ankarei.<\/p>\n\n\n\n<h2 class=\"wp-block-heading\"><strong>Sursele tensiunilor<\/strong><\/h2>\n\n\n\n<p>S\u0103 fim clari: sursele acestor tensiuni cresc\u00e2nde dep\u0103\u0219esc calculele electorale. Turcia \u0219i Grecia au probleme istorice nerezolvate, precum \u0219i un set de dispute post-al Doilea R\u0103zboi Mondial, care se deterioreaz\u0103 \u00eencontinuu. Acestea includ statutul Ciprului, accesul la resursele de hidrocarburi din estul M\u0103rii Mediterane, grani\u021bele aeriene \u0219i maritime ale insulelor din Marea Egee \u0219i militarizarea acestor insule. Probabil (pentru c\u0103 deocamdat\u0103 nu avem probe) Erdogan &nbsp;va provoca un incident fierbinte sus\u021bin\u00e2nd c\u0103 Grecia ocup\u0103 insule pentru a c\u00e2\u0219tiga alegerile.<\/p>\n\n\n\n<p>Alternativ, el poate face acest lucru pentru a declara starea de urgen\u021b\u0103 pentru a anula sau a am\u00e2na alegerile. Erdogan nu se poate baza pe economie pentru a c\u00e2\u0219tiga alegerile. Grecia a \u00eencercat s\u0103 lini\u0219teasc\u0103 Ankara (p\u00e2n\u0103 acum) pentru a evita r\u0103zboiul cu Turcia. Dar \u00een timp ce \u00eencearc\u0103 s\u0103 lini\u0219teasc\u0103 Turcia, a f\u0103cut loc agresivit\u0103\u021bii din ce \u00een ce mai mare a Ankarei. Acum drone turce\u0219ti, avioane \u0219i nave militare, chiar \u0219i b\u0103rcile de pescuit turce\u0219ti r\u0103t\u0103cesc \u00een jurul M\u0103rii Egee zi \u0219i noapte culeg\u00e2nd informa\u021bii. Jum\u0103tate dintre cet\u0103\u021benii turci cred c\u0103 guvernul \u00eencearc\u0103 s\u0103 foloseasc\u0103 recentele tensiuni crescute cu Grecia ca pe o \u201eagenda electoral\u0103\u201d. A\u0219a o fi dar nu este singurul scenariu.<\/p>\n\n\n\n<h2 class=\"wp-block-heading\"><strong>Alegeri la Atena \u0219i Ankara<\/strong><\/h2>\n\n\n\n<p>Grecia \u0219i Turcia, care vor organiza ambele alegeri \u00een vara viitoare, urmeaz\u0103 un traseu al confrunt\u0103rilor, \u00een majoritate verbale, de ani de zile, \u00een privin\u021ba insulelor din Marea Egee, multe dintre ele pu\u021bin mai mult dec\u00e2t buc\u0103\u021bi de piatr\u0103 st\u00e2ncoase. Ankara spune c\u0103 insulele din Marea Egee, au fost date Greciei \u00een temeiul tratatelor din 1923 \u0219i 1947, cu condi\u021bia ca aceasta s\u0103 nu fie militarizate. Ministrul de Externe Mevlut Cavusoglu a spus \u00een repetate r\u00e2nduri c\u0103 Turcia va \u00eencepe s\u0103 pun\u0103 sub semnul \u00eentreb\u0103rii suveranitatea Greciei asupra insulelor dac\u0103 Atena persist\u0103 s\u0103 le \u00eenarmeze.<\/p>\n\n\n\n<p>Pre\u0219edintele Recep Tayyip Erdogan a declarat c\u0103 Turcia are deja 40.000 de solda\u021bi \u00een nordul Ciprului \u0219i \u00eei va dota cu arme terestre, navale \u0219i aeriene, muni\u021bie \u0219i vehicule. Comentariile pre\u0219edintelui au venit dup\u0103 ce Statele Unite au ridicat restric\u021biile comerciale pentru livrare de echipamente militare pentru Cipru \u00een anul fiscal 2023. Cipru a fost divizat \u00een urma unei invazii turce din 1974, declan\u0219at\u0103 de o scurt\u0103 lovitur\u0103 de stat de inspira\u021bie greceasc\u0103. De atunci, Cipru a fost condus de o administra\u021bie cipriot\u0103 greceasc\u0103 din sud pe care Ankara nu o recunoa\u0219te. Statul separatist turc de pe partea de nord a insulei divizate este recunoscut doar de Ankara.<\/p>\n\n\n\n<h2 class=\"wp-block-heading\"><strong>Peti\u021bii peste peti\u021bii<\/strong><\/h2>\n\n\n\n<p>La r\u00e2ndul ei Ankara a intensificat pl\u00e2ngerile cu privire la militarizarea Greciei a insulelor apropiate de \u021b\u0103rmurile sale, cum ar fi Lan\u021bul Dodecanez care include Rodos \u0219i insulele din estul M\u0103rii Egee, inclusiv Lesbos, Chios \u0219i Samos. Cavusoglu a reiterat afirma\u021biile turce\u0219ti conform c\u0103rora Greciei i se interzice s\u0103 stabileasc\u0103 o prezen\u021b\u0103 militar\u0103 pe insule \u00een temeiul Tratatului de la Lausanne din 1923, care a oficializat pacea \u00eentre Turcia \u0219i alia\u021bii din Primul R\u0103zboi Mondial, inclusiv Grecia, \u0219i acordurile de la Paris din 1947, prin care Italia a cedat Dodecanezul. Atena r\u0103spunde energic \u0219i declar\u0103 c\u0103 proprietatea sa nu este condi\u021bionat\u0103 de nemilitarizare \u0219i spune c\u0103 trebuie s\u0103 \u00ee\u0219i poat\u0103 ap\u0103ra teritoriul, subliniind prezen\u021ba militar\u0103 considerabil\u0103 a Turciei pe coasta M\u0103rii Egee, inclusiv o mare flot\u0103 de ambarca\u021biuni de debarcare. Ultimele comentarii ale lui Cavusoglu urmeaz\u0103 rapoartele despre exerci\u021bii militare grece\u0219ti care implic\u0103 tancuri, artilerie \u0219i elicoptere de atac, care au avut loc pe insulele Rodos \u0219i Lesbos.<\/p>\n\n\n\n<p>Disputele recente dintre Turcia \u0219i Grecia se extind dincolo de scurtele \u00eentinderi de ap\u0103 dintre posesiunile lor din Marea Egee. \u00cen baza unui acord semnat cu guvernul Libiei cu sediul la Tripoli la sf\u00e2r\u0219itul anului 2019, Turcia a revendicat zone largi din estul Mediteranei, inclusiv teritoriile de ape din jurul insulei grece\u0219ti Creta. \u00cen timp ce acordul a fost condamnat la nivel interna\u021bional, acesta a facilitat Ankarei trimiterea de nave de cercetare seismic\u0103, \u00eenso\u021bite de escorte navale, pentru a c\u0103uta z\u0103c\u0103minte de gaze \u00een apele contestate de Grecia \u0219i Cipru \u00een vara anului 2020. Grecia a r\u0103spuns trimi\u021b\u00e2nd propria sa marina \u0219i for\u021ba aerian\u0103 c\u0103tre zona respectiv\u0103.<\/p>\n\n\n\n<h2 class=\"wp-block-heading\"><strong>Mavi Vatan sau Patria Albastr\u0103<\/strong><\/h2>\n\n\n\n<p>Confruntarea a coincis cu reapari\u021bia doctrinei maritime <strong>Mavi Vatan<\/strong>, sau Patria Albastr\u0103 a Turciei, care a fost dezvoltat\u0103 la mijlocul anilor 2000 \u0219i pledeaz\u0103 pentru o zon\u0103 economic\u0103 exclusiv\u0103 mai extins\u0103 pentru Turcia \u00een Marea Mediteran\u0103 \u0219i Marea Egee. La acel moment, Recep Tayyip Erdogan \u0219i AKP p\u0103reau bine inten\u021biona\u021bi s\u0103 se apropie de Uniunea European\u0103 (UE) \u0219i s\u0103 atenueze disputele cu Grecia. Ei au sus\u021binut Planul Annan de reunificare a Ciprului, demonstr\u00e2ndu-\u0219i bun\u0103voin\u021ba, chiar dac\u0103 partea greac\u0103 a insulei a respins planul \u00een 2004. Dar aceast\u0103 abordare nu a fost consensual\u0103, deoarece unii na\u021bionali\u0219ti- ofi\u021berii turci de rang \u00eenalt se temeau c\u0103 interesele na\u021bionale ale Turciei vor fi sacrificate \u00een schimbul unei ipotetice ader\u0103ri la UE.<\/p>\n\n\n\n<p>\u00cen cadrul marinei a ap\u0103rut un curent intelectual care a sus\u021binut preten\u021bii teritoriale ambi\u021bioase: Mavi Vatan este astfel o viziune juridic\u0103, cu voca\u021bie geopolitic\u0103. Domeniul s\u0103u de aplicare este continental sau chiar global. Respingerea Planului Annan nu a \u00eempiedicat aderarea Ciprului la UE la 1 mai 2004. Autorit\u0103\u021bile cipriote de la acea vreme erau \u00een proces de delimitare \u0219i revendicare a propriei zone economice exclusive. \u00cen acest scop, ei s-au bazat pe principiile Conven\u021biei Na\u021biunilor Unite privind dreptul m\u0103rii din 1982 sau cunoscut\u0103 \u0219i sub numele de Conven\u021bia de la Montego Bay. Descoperirile de gaze din regiune au sporit atractivitatea economic\u0103 \u00een Mediteran\u0103, iar \u00een 2003 a fost semnat un acord privind definirea frontierelor maritime \u00eentre Egipt \u0219i Cipru.<\/p>\n\n\n\n<p>Republica Turc\u0103 a Ciprului de Nord (TRNC), proclamat\u0103 \u00een 1983 de partea insulei ocupate de Turcia \u0219i recunoscut\u0103 doar de Ankara, s-a opus \u00een mod deschis revendic\u0103rilor maritime cipriote \u0219i a cerut propria sa zon\u0103 de exclusivitate economic\u0103 ZEE. La 4 octombrie 2004, doi geografi de la Universitatea din Sevilla (Spania), Juan Luis Su\u00e1rez de Vivero \u0219i Juan Carlos Rodr\u00edguez Mateos, au publicat un articol despre frontierele maritime ale UE, \u00eenso\u021bit de o hart\u0103 care eviden\u021biaz\u0103 ZEE ale statelor membre \u0219i validarea revendic\u0103rilor teritoriale cipriote. Aceast\u0103 \u201ehart\u0103 de la Sevilla\u201d a fost foarte criticat\u0103 \u00een Turcia, mai ales \u00een cadrul armatei.<\/p>\n\n\n\n<p>\u00cen cadrul unui simpozion organizat de Comandamentul For\u021belor Navale Turce la Ankara \u00een 14 octombrie 2006, amiralul Cem Gurdeniz, responsabil cu planificarea strategic\u0103 pe mare, a criticat UE pentru adoptarea h\u0103r\u021bii \u00een cauz\u0103 f\u0103r\u0103 justificare legal\u0103. El a cerut Turciei, care nu recunoa\u0219te Conven\u021bia de la Montego Bay, s\u0103 apere o ZEE mult mai mare, pe care a numit-o \u201ePatria Albastr\u0103\u201d. Aceasta a lansat o adev\u0103rat\u0103 doctrin\u0103 a revendic\u0103rilor teritoriale. Din 2009, amiralul Cihat Yayc\u0131 (fost contraamiral \u0219i teoretician al doctrinei strategice iredentiste \u0219i expansioniste cunoscut\u0103 sub numele de \u201ePatria Albastr\u0103\u201d) s-a interesat de conturarea ZEE revendicat\u0103 de Turcia, solicit\u00e2nd o frontier\u0103 maritim\u0103 comun\u0103 cu Libia. Pe fondul solicit\u0103rilor ca Uniunea European\u0103 s\u0103 impun\u0103 sanc\u021biuni Turciei pentru \u201eprovoc\u0103rile\u201d sale din estul Mediteranei, Ankara \u0219i-a retras navele.<\/p>\n\n\n\n<p>\u00cen anul urm\u0103tor, s-au reluat discu\u021biile cu Grecia, care fuseser\u0103 \u00eenghe\u021bate timp de cinci ani, pentru a aborda diferen\u021bele din Marea Mediteran\u0103 \u0219i alte probleme bilaterale. Discu\u021biile au dat pu\u021bine rezultate \u0219i \u00een luna mai din anul trecut, pre\u0219edintele turc Recep Tayyip Erdogan a declarat c\u0103 premierul grec Kyriakos Mitsotakis \u201enu mai exist\u0103\u201d pentru el, acuz\u00e2ndu-l pe Mitsotakis c\u0103 \u00eencearc\u0103 s\u0103 blocheze v\u00e2nz\u0103rile de avioane de lupt\u0103 F-16 c\u0103tre Turcia opera\u021biune derulat\u0103 \u00een timpul unei vizite \u00een Statele Unite. Luna urm\u0103toare, Erdogan a declarat c\u0103 Turcia a anulat platforma bilateral\u0103 de discu\u021bii, cunoscut\u0103 sub numele de Consiliul Strategic la Nivel \u00cenalt, cu Grecia. Cavusoglu a declarat recent c\u0103 negocierile cu Atena au fost reluate ca discu\u021bii \u201econsultative\u201d.<\/p>\n\n\n\n<p>Erdogan a continuat s\u0103 emit\u0103 remarcile \u00eenfrico\u0219\u0103toare la o sesiune de \u00eentreb\u0103ri \u0219i r\u0103spunsuri cu tinerii din ora\u0219ul Samsun, ora\u0219 situat \u00een nordul Turciei la Marea Neagr\u0103. \u201eAcum am \u00eenceput s\u0103 producem propriile noastre rachete. Aceast\u0103 produc\u021bie, desigur, \u00eei sperie pe greci\u201d, a spus el, st\u00e2nd \u00eentr-un fotoliu \u0219i p\u0103r\u00e2nd relaxat \u00eentr-o c\u0103ma\u0219\u0103 cu g\u00e2tul deschis. \u201e[C\u00e2nd] spui \u201eTayfun\u201d, grecul este speriat. \u201eVa lovi Atena\u201d, spune el. Ei bine, bine\u00een\u021beles c\u0103 va lovi. Dac\u0103 nu r\u0103m\u00e2i calm, dac\u0103 \u00eencerci s\u0103 aduci ceva din America pe insule, de aici \u0219i de acolo, o \u021bar\u0103 ca Turcia\u2026 trebuie s\u0103 fac\u0103 ceva.\u201d Tayfun, sau Typhoon, este una dintre cele mai recente complet\u0103ri la arsenalul din Turcia.<\/p>\n\n\n\n<p>Racheta balistic\u0103 cu raz\u0103 scurt\u0103 de ac\u021biune, produs\u0103 de Roketsan, a fost lansat\u0103 de test de pe un lansator mobil \u00een octombrie, \u00een Marea Neagr\u0103 \u0219i a parcurs 561 de kilometri (349 de mile). Atena se afl\u0103 la doar 222 de kilometri (138 de mile) de cel mai apropiat teritoriu turcesc. Insulele la care se referea Erdogan sunt posesiuni grece\u0219ti situate \u00een largul coastei de vest a Turciei. \u00cen ultimele luni, Ankara s-a pl\u00e2ns c\u0103 desf\u0103\u0219urarea de mijloace militare pe insulele din Marea Egee \u0219i Marea Mediteran\u0103 \u00eencalc\u0103 tratatele interna\u021bionale. La \u00eenceputul acestui an, Grecia le-a cerut alia\u021bilor s\u0103i occidentali s\u0103 pun\u0103 cap\u0103t retoricii incendiare a Turciei sau s\u0103 ri\u0219te o alt\u0103 situa\u021bie similar\u0103 cu cea din Ucraina.<\/p>\n\n\n\n<h2 class=\"wp-block-heading\"><strong>Industria de ap\u0103rare a Turciei<\/strong><\/h2>\n\n\n\n<p>Erdogan are meritul c\u0103 a consolidat industria de ap\u0103rare a Turciei. El \u0219i-a prefa\u021bat comentariile despre rachete remarc\u00e2nd investi\u021biile \u00een industria turc\u0103 de ap\u0103rare sub conducerea sa \u00een ultimi 20 de ani, reduc\u00e2nd dependen\u021ba de armele str\u0103ine. \u201e<em>C\u00e2nd am preluat mandatul, industria de ap\u0103rare era 20% autohton\u0103, acum este 80% autohton\u0103<\/em>\u201d, a spus el. Cre\u0219terea industriei este o piatr\u0103 de temelie a viziunii lui Erdogan pentru o politic\u0103 extern\u0103 independent\u0103 \u0219i asertiv\u0103. \u00cen urm\u0103 cu 12 ani, era o singur\u0103 companie turc\u0103 de ap\u0103rare \u00een Top 100 din lume, acum sunt trei \u2013 Roketsan, Turkish Aerospace Industries \u0219i Aselsan \u2013 care au generat venituri de peste 4,7 miliarde de dolari anul trecut.<\/p>\n\n\n\n<p>Drona Bayraktar TB2 este produsul industriei de ap\u0103rare a Turciei, aeronava f\u0103r\u0103 pilot dovedindu-\u0219i valoarea pe c\u00e2mpul de lupt\u0103 din Siria, Libia, Nagorno-Karabah \u0219i cel mai recent \u00een Ucraina. Sistemul a fost v\u00e2ndut \u00een peste o duzin\u0103 de \u021b\u0103ri, inclusiv \u00een Polonia, membru NATO, iar poten\u021bialii clien\u021bi ar fi Regatul Unit, Arabia Saudit\u0103 \u0219i Uruguay. \u00cen timp ce Turcia a stimulat produc\u021bia intern\u0103 de arme, Grecia, \u021bara vecin\u0103 \u0219i ea membru NATO, a \u00eencercat s\u0103-\u0219i \u00eent\u0103reasc\u0103 for\u021bele armate cu achizi\u021bii de peste m\u0103ri.<\/p>\n\n\n\n<p>\u00cen urma unei confrunt\u0103ri navale cu Turcia \u00een estul Mediteranei \u00een vara anului 2020, prim-ministrul grec Kyriakos Mitsotakis a anun\u021bat o cre\u0219tere a cheltuielilor pentru avioane de lupt\u0103, fregate, elicoptere, arme antitanc, torpile \u0219i rachete Rafale, dar \u0219i noi contingente de militari. \u00centr-o mi\u0219care care ar putea irita Ankara, \u00een iunie a anun\u021bat o cerere oficial\u0103 c\u0103tre Statele Unite pentru avioane de lupt\u0103 F-35 de genera\u021bie a V-a. Turcia a fost scoas\u0103 \u00een afara programului F-35 \u00een 2019 ca r\u0103spuns la achizi\u021bionarea de c\u0103tre Ankara a rachetelor ruse\u0219ti de ap\u0103rare aerian\u0103 S-400. Turcia a continuat o politica independent\u0103 fa\u021b\u0103 de Occident de\u0219i este membru NATO.<\/p>\n\n\n\n<p>\u00cen timpul fazei timpurii a revoltelor arabe, Turcia a sprijinit Fr\u0103\u021bia Musulman\u0103 pentru a-\u0219i extinde sfera de influen\u021b\u0103 regional\u0103. Strategia nu a dat rezultate. Fostul pre\u0219edinte egiptean Muhammed Morsi, fost lider al Fr\u0103\u021biei, a fost destituit \u00eentr-o lovitur\u0103 de stat de c\u0103tre pre\u0219edintele laic Abdel Fattah el-Sisi iar rela\u021biile Turciei cu principalele state arabe au fost afectate. De asemenea, Turcia sa implicat prematur \u00eentr-o competi\u021bie de mare putere juc\u00e2nd cu Rusia \u00eempotriva Statelor Unite. Participarea at\u00e2t la discu\u021biile de la Astana, sponsorizate de Rusia, c\u00e2t \u0219i la procesul de la Geneva, sus\u021binut de SUA, privind r\u0103zboiul civil din Siria a fost o reflectare a unei politici externe independente a Turciei, politic\u0103 \u00een curs de dezvoltare. Turcia a devenit peste noapte un negociator pe o serie de probleme regionale.<\/p>\n\n\n\n<p>Discordia dintre Turcia \u0219i SUA a determinat Washingtonul s\u0103 caute al\u021bi parteneri regionali \u0219i a\u0219a a ap\u0103rut pe agend\u0103 Grecia care avea nevoie de investi\u021bii str\u0103ine pentru a-\u0219i reactiva economia, iar SUA aveau nevoie de teritorii stabile pentru a-\u0219i pozi\u021biona armata spre a veghea asupra Orientului Mijlociu, Africii de Nord, Rusiei \u0219i Balcanilor. \u00cen 2017 Alexis Tspiras, premierul grec de atunci, \u0219i Donald Trump au \u00eencheiat un acord de 2,4 miliarde de dolari pentru a moderniza avioanele de lupt\u0103 F-16 ale Greciei \u0219i pentru a cre\u0219te investi\u021biile americane \u00een \u021bar\u0103. Aceast\u0103 \u00een\u021belegere a indicat schimbarea strategiilor SUA \u00een regiune.<\/p>\n\n\n\n<p>Ritmul acestor rela\u021bii militare s-a accelerat odat\u0103 ce Mitsotakis de centru-dreapta a c\u00e2\u0219tigat alegerile din 2019. Doi ani mai t\u00e2rziu, a fost semnat un Acord de Cooperare Mutual\u0103 de Ap\u0103rare, permi\u021b\u00e2nd armatei americane s\u0103 opereze \u0219i s\u0103 se antreneze pe patru baze militare, inclusiv una \u00een Alexandroupoli. \u00cen prezent, Turcia este \u00eenconjurat\u0103 de Rusia de la sud \u0219i de nord \u0219i de Grecia \u2013 \u0219i, prin extensie, de SUA \u2013 de la vest. Se las\u0103 cu pu\u021bin spa\u021biu de manevr\u0103. Ambi\u021biile sale de a deveni o putere regional\u0103 sunt sl\u0103bite \u00een viitorul previzibil. Dar aceste evolu\u021bii au repercusiuni. Apele teritoriale grece\u0219ti sunt acum o \u021bint\u0103!<\/p>\n\n\n\n<p><strong>Post Scriptum<\/strong>: V\u0103 spune ceva numele: \u201eIniochos\u201d. Probabil c\u0103 nu. Este denumirea de cod a unui exerci\u021biu anual la scar\u0103 medie (tip INVITEX) bazat pe dot\u0103rile Centrului de tactic\u0103 aerian\u0103 de la Baza Aerian\u0103 Andravida, situat\u0103 \u00een nord-vestul Peloponezului. \u201dIniochos\u201d, ini\u021biat \u00een 1980, devine rapid unul dintre cele mai mari \u0219i mai importante exerci\u021bii aeriene din regiune, for\u021bele aeriene din <a href=\"https:\/\/evz.ro\/tag\/europa\" target=\"_blank\" rel=\"noreferrer noopener\">Europa<\/a> \u0219i Orientul Mijlociu al\u0103tur\u00e2ndu-se altor armate NATO pentru evenimentul anual. Iniochos 22, care s-a derulat la sf\u00e2r\u0219itul lunii martie 2022, a implicat zeci de avioane din 10 \u021b\u0103ri, inclusiv F-16Is israelieni, A-200A italieni, Rafale F3 francezi, F-15E \u0219i F\/A-18 americani \u0219i F-16C greci, F. -4E \u0219i Mirage 2000-5BG. SUA au zburat \u0219i cu vehicule aeriene f\u0103r\u0103 pilot MQ-9 Reaper. Itera\u021bia din acest an a exerci\u021biului g\u0103zduit de Grecia a inclus, de asemenea, exerci\u021bii pe mai multe seturi de misiuni diferite, inclusiv opera\u021biuni ofensive \u00eempotriva avia\u021biei inamice, ap\u0103rare\/lupt\u0103 aerian\u0103, recunoa\u0219tere aerian\u0103, c\u0103utare \u0219i salvare \u00een lupt\u0103, misiuni cu \u021bint\u0103 sensibile \u0219i durat\u0103 precizat\u0103 de timp, misiuni de salvare bunuri aeriene de mare valoare \u0219i contra-opera\u021bii de suprafa\u021b\u0103. Deocamdat\u0103 at\u00e2t. Vom mai discuta de regiunea Mediteranei.<\/p>\n","protected":false},"excerpt":{"rendered":"<p>Tensiunile tot mai mari dintre Ankara \u0219i Atena din ultimele luni au alimentat temeri de o confruntare militar\u0103 \u00eentre vecini. Ei au ajuns \u00een pragul r\u0103zboiului de trei ori \u00een ultima jum\u0103tate de secol, iar for\u021bele lor aeriene se angajeaz\u0103 adesea \u00een lupte de urm\u0103rire \u0219i \u0219icanare \u00een spa\u021biul aerian. Disputele s-au concentrat anterior pe revendic\u0103ri teritoriale fie ele terestre sau aeriene, duc\u00e2nd adesea la confrunt\u0103ri navale \u0219i lupte aeriene. Potrivit Ministerului grec al Ap\u0103r\u0103rii, \u00eentre ianuarie \u0219i octombrie anul acesta au fost \u00eenregistrate un total de 8.880 de \u00eenc\u0103lc\u0103ri ale spa\u021biului aerian grec de c\u0103tre avioanele \u0219i dronele turce\u0219ti, fa\u021b\u0103 de 2.744 \u00een 2021 \u0219i abia c\u00e2teva sute \u00een [&hellip;]<\/p>\n","protected":false},"author":2,"featured_media":6608,"comment_status":"open","ping_status":"closed","sticky":false,"template":"","format":"standard","meta":{"footnotes":""},"categories":[26,20,21,6],"tags":[],"class_list":["post-6606","post","type-post","status-publish","format-standard","has-post-thumbnail","hentry","category-alexandru-grumaz","category-asia","category-europarusia","category-regiuni"],"_links":{"self":[{"href":"https:\/\/www.cass-ro.org\/en\/wp-json\/wp\/v2\/posts\/6606"}],"collection":[{"href":"https:\/\/www.cass-ro.org\/en\/wp-json\/wp\/v2\/posts"}],"about":[{"href":"https:\/\/www.cass-ro.org\/en\/wp-json\/wp\/v2\/types\/post"}],"author":[{"embeddable":true,"href":"https:\/\/www.cass-ro.org\/en\/wp-json\/wp\/v2\/users\/2"}],"replies":[{"embeddable":true,"href":"https:\/\/www.cass-ro.org\/en\/wp-json\/wp\/v2\/comments?post=6606"}],"version-history":[{"count":1,"href":"https:\/\/www.cass-ro.org\/en\/wp-json\/wp\/v2\/posts\/6606\/revisions"}],"predecessor-version":[{"id":6607,"href":"https:\/\/www.cass-ro.org\/en\/wp-json\/wp\/v2\/posts\/6606\/revisions\/6607"}],"wp:featuredmedia":[{"embeddable":true,"href":"https:\/\/www.cass-ro.org\/en\/wp-json\/wp\/v2\/media\/6608"}],"wp:attachment":[{"href":"https:\/\/www.cass-ro.org\/en\/wp-json\/wp\/v2\/media?parent=6606"}],"wp:term":[{"taxonomy":"category","embeddable":true,"href":"https:\/\/www.cass-ro.org\/en\/wp-json\/wp\/v2\/categories?post=6606"},{"taxonomy":"post_tag","embeddable":true,"href":"https:\/\/www.cass-ro.org\/en\/wp-json\/wp\/v2\/tags?post=6606"}],"curies":[{"name":"wp","href":"https:\/\/api.w.org\/{rel}","templated":true}]}}