{"id":6821,"date":"2023-08-28T00:26:10","date_gmt":"2023-08-27T21:26:10","guid":{"rendered":"https:\/\/www.cass-ro.org\/?p=6821"},"modified":"2023-08-28T00:26:13","modified_gmt":"2023-08-27T21:26:13","slug":"trilaterala-sua-japonia-coreea-de-sud-un-croseu-de-dreapta-aplicat-chinei","status":"publish","type":"post","link":"https:\/\/www.cass-ro.org\/en\/trilaterala-sua-japonia-coreea-de-sud-un-croseu-de-dreapta-aplicat-chinei\/","title":{"rendered":"Trilaterala SUA-Japonia-Coreea de Sud, un cro\u0219eu de dreapta aplicat Chinei!"},"content":{"rendered":"\n<p>Trilaterala SUA-Japonia-Coreea de Sud, un cro\u0219eu de dreapta aplicat Chinei! Pandemia de COVID a for\u021bat anularea unui summit planificat pentru G 7 acolo \u00een 2020.<\/p>\n\n\n\n<p>Tot ca o premier\u0103 cei doi lideri din Asia au fost caza\u021bi la amplasamentul preziden\u021bial, retras, din mun\u021bii Catoctin din Maryland. Trilaterala este considerat\u0103 ca fiind primul summit de sine st\u0103t\u0103tor organizat vreodat\u0103 de toate cele trei \u021b\u0103ri.<\/p>\n\n\n\n<p>Din punct de vedere istoric, ambele \u021b\u0103ri au fost alia\u021bi extrem de apropia\u021bi ai americanilor timp de decenii. \u0218i totu\u0219i \u00een acest timp au alimentat o ostilitate considerabil\u0103 una fa\u021b\u0103 de cealalt\u0103, \u00een mare parte datorat\u0103 mo\u0219tenirii domina\u021biei japoneze asupra Coreei, \u00een cea mai mare parte a primei jum\u0103t\u0103\u021bi a secolului XX.<\/p>\n\n\n\n<p>A fost o \u00eent\u00e2lnire f\u0103r\u0103 precedent deoarece p\u00e2n\u0103 acum se \u00eent\u00e2lneau \u00een marja Summitului de cooperarea economic\u0103 Asia-Pacific.<\/p>\n\n\n\n<p>Am cinci \u00eentreb\u0103ri de pus:<\/p>\n\n\n\n<h2 class=\"wp-block-heading\"><strong>Trilaterala SUA-Japonia-Coreea de Sud. C\u00e2t de departe merg rela\u021biile \u00eentre cele trei \u00een domeniul ap\u0103r\u0103rii reciproce?<\/strong><\/h2>\n\n\n\n<p>Rela\u021bia China, Rusia \u0219i Coreea de Nord se profileaz\u0103 a fost un punct distinct de discutat de pe agenda de lucru. Oficialii au pus masa documente pentru o cooperare semnificativ sporit\u0103 \u00een domeniul securit\u0103\u021bii na\u021bionale \u0219i al ap\u0103r\u0103rii reciproce, de\u0219i nu vor construi o structur\u0103 de genul articolului 5 din Carta NATO, care cere semnatarilor s\u0103 vin\u0103 \u00een ajutorul unui aliat atacat.<\/p>\n\n\n\n<p>Se vor face consult\u0103ri rapide ca r\u0103spuns la amenin\u021b\u0103rile unui atac cu rachete \u00eempotriva oric\u0103reia dintre cele trei \u021b\u0103rile. Va fi \u00eenfiin\u021bat\u0103 o linie telefonic\u0103 sigur\u0103 pentru a permite liderilor s\u0103 fie \u00een contact \u00een situa\u021bii de criz\u0103 \u0219i \u00een timp de pace.<\/p>\n\n\n\n<p>Exerci\u021biile militare trilaterale ocazionale vor deveni anuale \u0219i se vor face \u00een toate cele trei categorii de for\u021be navale terestre \u0219i aeriene, exerci\u021biile de ap\u0103rare \u00eempotriva rachetelor balistice vor deveni regulate, iar schimbul de date privind amenin\u021b\u0103rile nord-coreene cu rachete balistice se va consolida.<\/p>\n\n\n\n<h3 class=\"wp-block-heading\">Mecanism de partajare a datelor privind avertizarea de atac cu rachete balistice \u00een timp real<\/h3>\n\n\n\n<p>Cele trei \u021b\u0103ri vor activa un mecanism de partajare a datelor privind avertizarea de atac cu rachete balistice \u00een timp real, potrivit unei fi\u0219e informative de la Casei Alb\u0103 devoalat\u0103 de Washington Post. Speran\u021ba este ca acest mecanism s\u0103 fie func\u021bional p\u00e2n\u0103 la sf\u00e2r\u0219itul anului 2023.<\/p>\n\n\n\n<p>Vor fi \u00eent\u00e2lniri anuale \u00eentre liderii \u021b\u0103rilor, precum \u0219i \u00eent\u00e2lniri anuale \u00eentre mini\u0219trii ap\u0103r\u0103rii \u0219i al\u021bi oficiali de rang \u00eenalt. Se va constitui un grup de lucru \u00eentre cele trei \u021b\u0103ri pentru a combate activit\u0103\u021bile cibernetice r\u0103u inten\u021bionate ale Coreei de Nord \u0219i ale Chinei (s\u0103 nu uitam recentul atac asupra Japoniei).<\/p>\n\n\n\n<p>De asemenea se va realiza un acord comun care s\u0103 condamne orice posibil\u0103 utilizare a for\u021bei militare \u00eempotriva Taiwanului. Cei trei lideri au subliniat \u00eentr-o conferin\u021b\u0103 de pres\u0103 comun\u0103 faptul c\u0103 angajamentele lor \u00een materie de securitate dep\u0103\u0219esc r\u0103spunsul unei singure \u021b\u0103ri, Kishida subliniind importan\u021ba \u201e<em>ordinii interna\u021bionale bazate pe reguli<\/em>\u201d \u0219i a \u201e<em>stabilit\u0103\u021bii regionale<\/em>\u201d.<\/p>\n\n\n\n<h2 class=\"wp-block-heading\">Trilaterala SUA-Japonia-Coreea de Sud. Exerci\u021bii militare anuale majore<\/h2>\n\n\n\n<p>\u00cen\u021belegerea pentru exerci\u021bii militare anuale majore se bazeaz\u0103 pe un acord anterior din ianuarie 2023 semnat \u00eentre secretarul american al ap\u0103r\u0103rii Lloyd J. Austin \u0219i ministrul sud-coreean al ap\u0103r\u0103rii Lee Jong-sup, pentru a intensifica exerci\u021biile militare \u00eentre cele dou\u0103 \u021b\u0103ri, inclusiv cu desf\u0103\u0219urarea mai multor active militare, cum ar fi a cincea genera\u021bie de avioane de lupt\u0103 F-35 \u0219i bombardierele strategice.<\/p>\n\n\n\n<p>\u00cen aprilie 2023, Biden \u0219i Yoon au lansat un nou acord, numit \u201eDeclara\u021bia de la Washington\u201d, care vizeaz\u0103 \u00eent\u0103rirea angajamentului SUA fa\u021b\u0103 de misiunea sa de \u201edescurajare extins\u0103\u201d \u2013 \u00een care America promite c\u0103 va ap\u0103ra Coreea de Sud de atacuri cu toat\u0103 gama sa de capabilit\u0103\u021bi militare, inclusiv arme nucleare.<\/p>\n\n\n\n<p>Ca parte a acestei declara\u021bii, SUA au fost de acord s\u0103 efectueze desf\u0103\u0219ur\u0103ri importante, dar temporare, de sisteme cu capacitate nuclear\u0103 \u00een peninsula coreean\u0103, cum ar fi bombardierele B-52 \u0219i submarinele cu rachete nucleare.<\/p>\n\n\n\n<p>Un submarin american cu propulsie nuclear\u0103, USS Michigan, a sosit, pe 6 iunie 2023, \u00een portul din ora\u0219ul sud-coreean Busan, la scurt timp dup\u0103 ce Coreea de Nord a lansat dou\u0103 rachete cu raz\u0103 scurt\u0103 de ac\u021biune \u00een largul coastei sale de est \u00een aceea\u0219i zi.<\/p>\n\n\n\n<h3 class=\"wp-block-heading\">Japonia \u0219i SUA, exerci\u021bii \u00een fiecare lun\u0103<\/h3>\n\n\n\n<p>Potrivit statul major sud-coreean submarinul are \u00een dotare 150 de rachete de croazier\u0103 Tomahawk cu raz\u0103 de ac\u0163iune de 2.500 km. \u00centre timp, Japonia \u0219i SUA \u0219i-au intensificat exerci\u021biile bilaterale \u00een 2022, potrivit agen\u021biei de pres\u0103 Nikkei, \u0219i au efectuat exerci\u021bii \u00een fiecare lun\u0103 din acest an. Avioane B-1 au fost dislocate la Baza Aerian\u0103 Misawa ca parte a unei rota\u021bii a Bomber Task Force.<\/p>\n\n\n\n<p>Au avut loc exerci\u021bii trilaterale: \u00een februarie, aprilie \u0219i iulie, cele trei \u021b\u0103ri combin\u00e2ndu-se pentru exerci\u021bii navale de ap\u0103rare antirachet\u0103 balistic\u0103 ca r\u0103spuns la testele nord-coreene de rachete.<\/p>\n\n\n\n<p>Exerci\u021biile aeriene trilaterale au fost mai pu\u021bin obi\u0219nuite p\u00e2n\u0103 \u00een acest moment, dar comandantul For\u021belor Aeriene din Pacific, generalul Kenneth S. Wilsbach a declarat pentru ziarul Nikkei \u00een aprilie c\u0103 ar dori s\u0103 le vad\u0103 c\u00e2t mai cur\u00e2nd.<\/p>\n\n\n\n<h2 class=\"wp-block-heading\"><strong>Se pot rezolva unele tensiuni economice dintre cei trei?<\/strong><\/h2>\n\n\n\n<p>\u00cen ceea ce prive\u0219te securitatea economic\u0103, cei trei vor anun\u021ba ini\u021biative de sus\u021binere a lan\u021burilor de aprovizionare pentru tehnologii critice, cum ar fi semiconductori \u0219i baterii EV (pentru vehiculele electrice), inclusiv printr-un sistem de \u201eavertizare timpurie\u201d cu privire la lipsuri, au spus oficialii.<\/p>\n\n\n\n<p>\u00cens\u0103 at\u00e2t Coreea de Sud c\u00e2t \u0219i Japonia \u0219i-au exprimat \u00eengrijorarea profund\u0103 cu privire la impactul asupra industriilor lor interne al Legii de reducere a infla\u021biei a lui Biden \u0219i al actului CHIPS, care vin cu stimulente de miliarde de dolari pentru a direc\u021biona investi\u021biile c\u0103tre Statele Unite.<\/p>\n\n\n\n<p>Toate p\u0103r\u021bile insist\u0103 c\u0103 \u00ee\u0219i rezolv\u0103 diferendele \u0219i c\u0103 exist\u0103 semne pentru g\u0103sirea de solu\u021bii.<\/p>\n\n\n\n<h2 class=\"wp-block-heading\"><strong>Ce aduce anul 2024?<\/strong><\/h2>\n\n\n\n<p>Momentul actual este totu\u0219i unul fragil din punct de vedere electoral at\u00e2t \u00een Japonia c\u00e2t \u0219i \u00een Coreea de Sud. Yoon \u0219i prim-ministrul japonez Fumio Kishida se confrunt\u0103 am\u00e2ndoi cu cote de aprobare a votan\u021bilor stagnante.<\/p>\n\n\n\n<p>Eforturile lui Yoon ar putea fi \u00eengreunate dup\u0103 alegerile legislative din 2024, dac\u0103 partidul s\u0103u nu poate c\u00e2\u0219tiga majoritatea. \u0218i peste cele dou\u0103 alegeri vin alegerile din SUA unde Donald Trump ar putea fi reales.<\/p>\n\n\n\n<p>Aceste lucruri ar putea \u00eent\u0103ri mai degrab\u0103 dec\u00e2t s\u0103 sl\u0103beasc\u0103 dorin\u021ba liderilor de a consolida alian\u021ba. Iar pentru un Biden orientat spre realegere nu l-ar deranja titlurile despre un front unit \u00een fa\u021ba Chinei.<\/p>\n\n\n\n<p>Dar ar putea, de asemenea, s\u0103-l fac\u0103 mai pu\u021bin predictibil \u00een ceea ce privesc concesii de politic\u0103 economic\u0103.<\/p>\n\n\n\n<h2 class=\"wp-block-heading\"><strong>Care va fi reac\u021bia Chinei?<\/strong><\/h2>\n\n\n\n<p>China, care este cel mai mare partener comercial at\u00e2t al Japoniei, c\u00e2t \u0219i al Coreei de Sud, a denun\u021bat summitul ca un efort de a construi un \u201emini-NATO\u201d.<\/p>\n\n\n\n<p>Cum va reac\u021biona Beijingul, imediat dup\u0103 acest summit? Cu o demonstra\u021bie de for\u021b\u0103 economica sau cu o demonstra\u021bie de for\u021b\u0103 militar\u0103? Nu \u0219tim dar vom afla cur\u00e2nd.<\/p>\n\n\n\n<h2 class=\"wp-block-heading\"><strong>De ce acum aceast\u0103 trilateral\u0103?<\/strong><\/h2>\n\n\n\n<p>Din punct de vedere istoric, a existat o du\u0219m\u0103nie \u00eentre Japonia \u0219i Coreea de Sud, \u00eempiedic\u00e2nd cooperarea. Dar la Camp David, Yoon \u0219i Kishida au prezentat un front unit \u0219i s-au angajat s\u0103 deschid\u0103 un \u201enou capitol\u201d de cooperare.<\/p>\n\n\n\n<h3 class=\"wp-block-heading\"><strong>Istoria se scrie la Camp David<\/strong><\/h3>\n\n\n\n<p>Camp David, acest loc de refugiu preziden\u021bial rustic din mun\u021bii Maryland, care a fost fundalul unor \u201dmomente semnal\u201d \u00een politica extern\u0103 a SUA, poate niciunul mai notabil dec\u00e2t Acordul de pace \u00eencheiat de pre\u0219edintele Jimmy Carter \u00eentre Egipt \u0219i Israel \u00een 1978.<\/p>\n\n\n\n<p>Vinerea trecut\u0103 pe 18 august 2023, pre\u0219edintele Joe Biden \u0219i-a g\u0103sit\u0103 propriul s\u0103u loc \u00een tradi\u021bia Camp David, sper\u00e2nd c\u0103 mersul pe poteci cu frunze \u0219i discu\u021biile f\u0103r\u0103 portul cravatei cu premierul japonez Fumio Kishida \u0219i cu pre\u0219edintele Coreei de Sud Yoon Suk Yeol \u00eei va \u00eencuraja pe ace\u0219ti alia\u021bi ai Americi, \u00een dezghe\u021barea rela\u021biei dintre ei\u00a0 \u0219i \u00eei va aduce la masa cooper\u0103rii av\u00e2nd \u00een vedere preocup\u0103rile lor comune cu privire la agresiunea din China \u0219i Coreea de Nord.<\/p>\n\n\n\n<p>Manageriat de reprezentan\u021bii Corpului Infanteriei Marine, p\u0103zit de pu\u0219ca\u0219i marini \u0219i mai pu\u021bin impun\u0103tor dec\u00e2t Casa Alb\u0103, Camp David a fost o alegere deliberat\u0103 a unui pre\u0219edinte care acord\u0103 prioritate interac\u021biunilor fa\u021b\u0103 \u00een fa\u021b\u0103 cu omologii s\u0103i str\u0103ini.<\/p>\n\n\n\n<h2 class=\"wp-block-heading\">Pelerinaj de lideri la Cammp David<\/h2>\n\n\n\n<p>Prim-ministrul britanic Winston Churchill, liderul sovietic Nikita Hru\u0219ciov \u0219i Margaret Thatcher, o succesoare a lui Churchill, sunt doar c\u00e2teva dintre figurile mondiale care au petrecut timp la Camp David la invita\u021bia pre\u0219edin\u021bilor americani. Pre\u0219edintele Barack Obama a reunit liderii celor mai mari economii din lume pentru un summit al Grupului celor Opt \u00een 2012, cel mai mare contingent str\u0103in care s-a reunit vreodat\u0103 acolo.<\/p>\n\n\n\n<p>Pre\u0219edintele Donald Trump a scris pe Twitter \u00een septembrie 2019 c\u0103 a anulat o \u00eent\u00e2lnire secret\u0103 planificat\u0103 pentru Camp David cu liderii talibani \u0219i liderii oficiali ai Afganistanului, dup\u0103 ce un soldat american a fost printre cei uci\u0219i \u00eentr-un bombardament la Kabul.<\/p>\n\n\n\n<p>Pentru a produce Acordurile de la Camp David, Carter a c\u0103utat un loc intim, un loc departe de pres\u0103, unde credea c\u0103 Anwar Sadat din Egipt \u0219i Menahem Begin din Israel vor fi \u00eencuraja\u021bi s\u0103 discute \u00eentre ei. Trei zile au fost rezervate pentru discu\u021bii, dar summitul a durat aproape dou\u0103 s\u0103pt\u0103m\u00e2ni.<\/p>\n\n\n\n<p>Acordurile de la Camp David au fost semnate la Casa Alb\u0103 \u00een martie 1979. Spre deosebire de Casa Alb\u0103, unde jurnali\u0219tii vin \u0219i pleac\u0103, presa de \u0219tiri nu are acces la Camp David, cu excep\u021bia cazului \u00een care sunt invita\u021bi s\u0103 acopere un eveniment, cum a fost recentul summit al trilateralei.<\/p>\n\n\n\n<h2 class=\"wp-block-heading\"><strong>Evolu\u021bii militare \u00een Asia<\/strong><\/h2>\n\n\n\n<p>Marina SUA inten\u021bioneaz\u0103 s\u0103 fac\u0103 exerci\u021bii cu omologii s\u0103i japonezi \u0219i australieni \u00een aceast\u0103 s\u0103pt\u0103m\u00e2n\u0103 \u00een Marea Chinei de Sud. Ulterior, delega\u021bii din cele trei na\u021biuni vor analiza exerci\u021biile cu organizate cu oficialii filipinezi.<\/p>\n\n\n\n<p>Filipinezii au f\u0103cut schimb de acuza\u021bii cu oficialii chinezi cu privire la prezen\u021ba naval\u0103 filipinez\u0103 la contestatul atol \u201dSecond Thomas Shoal\u201d, la aproximativ 100 de mile marine vest de Filipine \u0219i la mai mult de 700 de mile sud de insula Hainan din China.<\/p>\n\n\n\n<p>Paza de Coast\u0103 chinez\u0103 a \u00eencercat s\u0103 blocheze flota militar\u0103 naval\u0103 a statului Filipine s\u0103-\u0219i aprovizioneze trupele aflate la &nbsp;banc, inclusiv prin utilizarea unui tun de ap\u0103 \u00eentr-un efort aparent de a \u00eempiedica navele s\u0103 descarce alimente \u0219i provizii c\u0103tre marina filipinez\u0103.<\/p>\n\n\n\n<h2 class=\"wp-block-heading\">Dou\u0103 portavioane, ajutor pentru Manila<\/h2>\n\n\n\n<p>Din fericire pentru Manila, dou\u0103 nave care transportau provizii au sosit la banc. Pentru exerci\u021biile viitoare, \u201eSUA inten\u021bioneaz\u0103 s\u0103 desf\u0103\u0219oare un portavion, USS America, \u00een timp ce Japonia va trimite una dintre cele mai mari nave de r\u0103zboi ale sale, portavionul JS Izumo, a informat Associated Press din Manila.<\/p>\n\n\n\n<p>Australienii pl\u0103nuiesc s\u0103-\u0219i trimit\u0103 nava port-elicopter, HMAS Canberra. Filipine pl\u0103nuiser\u0103 s\u0103 participe, dar mai t\u00e2rziu a descoperit c\u0103 navele sale erau prea mici pentru a g\u0103zdui aeronavele implicate.<\/p>\n\n\n\n<p>HMAS Canberra deruleaz\u0103 deja un exerci\u021biu cu marina filipinez\u0103 chiar l\u00e2ng\u0103 arhipelagul Palawan.<\/p>\n\n\n\n<p>Acest exerci\u021biu marcheaz\u0103 \u201e<em>prima faz\u0103 a primului exerci\u021biu amfibiu bilateral \u00eentre Filipine \u0219i Australia<\/em>\u201d, a informat luni US Naval Institute. Aproximativ 150 de militari americani sunt, de asemenea, implica\u021bi \u00een aceste exerci\u021bii.<\/p>\n\n\n\n<h3 class=\"wp-block-heading\">Sprijin \u0219i de la Marine Rotational Force<\/h3>\n\n\n\n<p>Avia\u021bia Corpului de Infanterie Marin\u0103 a SUA (Marine Rotational Force \u2013 Darwin) sprijin\u0103, de asemenea, exerci\u021biile australo-filipineze, cu o cantitate nespecificat\u0103 de avioane MV-22B Osprey v\u0103zute \u00eembarcate la bordul Canberra, scrie USNI.<\/p>\n\n\n\n<p>SUA este pe cale s\u0103 v\u00e2nd\u0103 australienilor 22 de sisteme de artilerie HIMARS cu raz\u0103 lung\u0103 de ac\u021biune pentru mai pu\u021bin de un miliard de dolari. Agen\u021bia de Cooperare pentru Securitate a Ap\u0103r\u0103rii a Pentagonului a anun\u021bat acordul. \u00centre timp, SUA \u0219i Coreea de Sud au \u00eenceput exerci\u021biile lor anuale \u201dUlchi Freedom Shield\u201d.<\/p>\n\n\n\n<p>Acestea sunt de a\u0219teptat s\u0103 se desf\u0103\u0219oare p\u00e2n\u0103 la sf\u00e2r\u0219itul lunii \u0219i s\u0103 includ\u0103 un \u201e<em>exerci\u021biu la postul de comand\u0103 bazat pe simulare pe computer, antrenament simultan pe teren \u0219i exerci\u021bii de ap\u0103rare civil\u0103 Ulchi<\/em>\u201d, potrivit Agen\u021bie de \u0219tiri Yonhap. \u00centre timp Coreea de Nord spune c\u0103 va \u00eencerca din nou s\u0103 lanseze un satelit pe orbit\u0103.<\/p>\n\n\n\n<h2 class=\"wp-block-heading\">Problemele din Marea Galben\u0103<\/h2>\n\n\n\n<p>A trimis o notificare c\u0103tre Garda de Coast\u0103 din Japonia \u0219i a spus c\u0103 testul ar putea avea loc p\u00e2n\u0103 \u00een 31 august (Coreea de Nord a \u00eencercat \u0219i nu a reu\u0219it s\u0103 trimit\u0103 un satelit pe orbit\u0103 pe 31 mai) Oficialii sud-coreeni au condamnat lansarea planificat\u0103 ca fiind \u201eo \u00eenc\u0103lcare clar\u0103 a Rezolu\u021biile Consiliului de Securitate al Na\u021biunilor Unite care interzic orice lans\u0103ri care utilizeaz\u0103 tehnologia rachetelor balistice.<\/p>\n\n\n\n<p>Phenianul a enumerate c\u0103 sunt trei posibile zone maritime de pericol pentru test \u0219i acestea includ dou\u0103 situate \u201e<em>la vest de Peninsula Coreean\u0103, \u00een timp ce a treia este la est de insul\u0103 filipinez\u0103 Luzon<\/em>\u201d, a informat luni Kyodo News din Japonia.<\/p>\n\n\n\n<p>Ca r\u0103spuns, marina sud-coreean\u0103 a trimis un distrug\u0103tor echipat cu rachete Aegis \u00een Marea Galben\u0103, iar SUA a zburat cu un avion de recunoa\u0219tere RC-135V Rivet Joint deasupra Peninsulei Coreene, a informat Yonhap.<\/p>\n\n\n\n<p>Un satelit militar spion se num\u0103r\u0103 printre armele de \u00eenalt\u0103 tehnologie pe care Nordul a promis s\u0103 le dezvolte, \u00eempreun\u0103 cu rachetele balistice intercontinentale cu combustibil solid \u0219i un submarin cu propulsie nuclear\u0103, scrie Yonhap.<\/p>\n\n\n\n<h2 class=\"wp-block-heading\"><strong>Post Scriptum:&nbsp;<\/strong><strong>Camp David<\/strong><\/h2>\n\n\n\n<p>Washington Post descrie zona \u0219i istoria ei: <em>Camp David a fost \u00eenfiin\u021bat \u00een 1942 \u00een timpul pre\u0219edin\u021biei lui Franklin Roosevelt \u0219i a fost folosit de fiecare pre\u0219edinte american de atunci \u00eencoace.<\/em><\/p>\n\n\n\n<p><em>Lui Roosevelt \u00eei pl\u0103cea s\u0103 se relaxeze pe un iaht preziden\u021bial, dar armata \u0219i serviciile secrete au \u00eenceput s\u0103-\u0219i fac\u0103 griji pentru siguran\u021ba \u00een ape deschise \u00een timpul celui de-al Doilea R\u0103zboi Mondial. Roosevelt a cerut Serviciului Parcurilor Na\u021bionale s\u0103 identifice locuri pe o raz\u0103 de 100 de mile de Casa Alb\u0103 pe care le poat\u0103 folosi pentru odihn\u0103.<\/em><\/p>\n\n\n\n<p><em>A ales ceea ce acum este cunoscut sub numele de Camp David. I-a dat numele original de Shangri-La, din romanul lui James Hilton \u201eLost Horizon\u201d. Pre\u0219edintele Dwight Eisenhower l-a redenumit Camp David dup\u0103 nepotul \u0219i tat\u0103l s\u0103u.<\/em><\/p>\n\n\n\n<p><em>Roosevelt a stabilit, de asemenea, precedentul pentru g\u0103zduirea liderilor str\u0103ini la Camp David, invit\u00e2ndu-l pe Churchill de dou\u0103 ori. \u00cen 1943, au discutat despre invazia Normandiei; Roosevelt l-a luat pe prim-ministru \u0219i la o partid\u0103 de pescuit.<\/em><\/p>\n\n\n\n<h3 class=\"wp-block-heading\"><em>Locul multor negocieri cruciale<\/em><\/h3>\n\n\n\n<p><em>Eisenhower l-a g\u0103zduit pe Hru\u0219ciov timp de dou\u0103 zile \u00een 1959, prima dat\u0103 c\u00e2nd un lider sovietic a venit \u00een Statele Unite. Au urm\u0103rit, printre alte activit\u0103\u021bi, filme occidentale americane.<\/em><\/p>\n\n\n\n<p><em>Bill Clinton spera s\u0103 reproduc\u0103 isprava lui Carter invit\u00e2ndu-l pe premierul israelian Ehud Barak \u0219i pe liderul palestinian Yasser Arafat la Camp David pentru o nou\u0103 rund\u0103 de discu\u021bii de pace \u00een Orientul Mijlociu \u00een 2000.<\/em><\/p>\n\n\n\n<p><em>Dar dup\u0103 dou\u0103 s\u0103pt\u0103m\u00e2ni de discu\u021bii, summitul s-a \u00eencheiat f\u0103r\u0103 un acord. George W. Bush a vizitat des Camp David, g\u0103zduind o serie de lideri str\u0103ini \u0219i petrec\u00e2nd Cr\u0103ciunul cu familia sa. Britanicul Tony Blair a fost primul care a vizitat noul ales pre\u0219edinte Bush acolo \u00een 2001.<\/em><\/p>\n\n\n\n<p><em>C\u00e2nd reporterii i-au cerut pre\u0219edintelui s\u0103 descrie ceva ce el \u0219i Blair au descoperit c\u0103 au \u00een comun, Bush a glumit: \u201eAm\u00e2ndoi folosim past\u0103 de din\u021bi Colgate\u201d. \u201eSe vor \u00eentreba de unde \u0219tii asta, George\u201d, a r\u0103spuns Blair.<\/em><\/p>\n\n\n\n<h3 class=\"wp-block-heading\"><em>Cabane pentru oaspe\u021bi<\/em><\/h3>\n\n\n\n<p><em>Pe l\u00e2ng\u0103 summitul G-8, Obama a g\u0103zduit un grup de lideri din Golful Persic \u00een 2015. Locul de 80 mii de mp are o caban\u0103, numit\u0103 Aspen de c\u0103tre prima doamn\u0103 Mamie Eisenhower, care este rezervat\u0103 pre\u0219edintelui, plus aproximativ o duzin\u0103 de alte cabane pentru oaspe\u021bi.<\/em><\/p>\n\n\n\n<p><em>Exist\u0103 o caban\u0103 principal\u0103 cu s\u0103li de conferin\u021be, o sal\u0103 de mese \u0219i un birou pentru pre\u0219edinte. Oaspe\u021bii au la dispozi\u021bie o serie de facilit\u0103\u021bi interioare \u0219i exterioare, inclusiv un centru de fitness, pist\u0103 de bowling, cinematograf, piscin\u0103 \u00eenc\u0103lzit\u0103 \u0219i terenuri de tenis \u0219i baschet.<\/em><\/p>\n\n\n\n<p><em>Exist\u0103 \u0219i o capel\u0103 pentru slujbele religioase. Acolo a avut loc o nunt\u0103 preziden\u021bial\u0103. Sora lui Bush, Dorothy, s-a c\u0103s\u0103torit cu cel de-al doilea so\u021b al ei, Robert Koch, la Camp David \u00een 1992. Biden merge frecvent s\u0103 petreac\u0103 timp cu familia lui la Camp David.<\/em><\/p>\n\n\n\n<p><em>A vizitat-o prima dat\u0103 \u00een februarie 2021, la c\u00e2teva s\u0103pt\u0103m\u00e2ni dup\u0103 preluarea mandatului. Biden s-a \u00eentors de 27 de ori de atunci, petrec\u00e2nd toate sau par\u021bial 96 de zile, potrivit lui Mark Knoller, fost corespondent CBS News la Casa Alb\u0103, care \u021bine statistici preziden\u021biale.<\/em><\/p>\n","protected":false},"excerpt":{"rendered":"<p>Trilaterala SUA-Japonia-Coreea de Sud, un cro\u0219eu de dreapta aplicat Chinei! Pandemia de COVID a for\u021bat anularea unui summit planificat pentru G 7 acolo \u00een 2020. Tot ca o premier\u0103 cei doi lideri din Asia au fost caza\u021bi la amplasamentul preziden\u021bial, retras, din mun\u021bii Catoctin din Maryland. Trilaterala este considerat\u0103 ca fiind primul summit de sine st\u0103t\u0103tor organizat vreodat\u0103 de toate cele trei \u021b\u0103ri. Din punct de vedere istoric, ambele \u021b\u0103ri au fost alia\u021bi extrem de apropia\u021bi ai americanilor timp de decenii. \u0218i totu\u0219i \u00een acest timp au alimentat o ostilitate considerabil\u0103 una fa\u021b\u0103 de cealalt\u0103, \u00een mare parte datorat\u0103 mo\u0219tenirii domina\u021biei japoneze asupra Coreei, \u00een cea mai mare parte a [&hellip;]<\/p>\n","protected":false},"author":2,"featured_media":6822,"comment_status":"open","ping_status":"closed","sticky":false,"template":"","format":"standard","meta":{"footnotes":""},"categories":[26,19,20,6],"tags":[],"class_list":["post-6821","post","type-post","status-publish","format-standard","has-post-thumbnail","hentry","category-alexandru-grumaz","category-america","category-asia","category-regiuni"],"_links":{"self":[{"href":"https:\/\/www.cass-ro.org\/en\/wp-json\/wp\/v2\/posts\/6821"}],"collection":[{"href":"https:\/\/www.cass-ro.org\/en\/wp-json\/wp\/v2\/posts"}],"about":[{"href":"https:\/\/www.cass-ro.org\/en\/wp-json\/wp\/v2\/types\/post"}],"author":[{"embeddable":true,"href":"https:\/\/www.cass-ro.org\/en\/wp-json\/wp\/v2\/users\/2"}],"replies":[{"embeddable":true,"href":"https:\/\/www.cass-ro.org\/en\/wp-json\/wp\/v2\/comments?post=6821"}],"version-history":[{"count":1,"href":"https:\/\/www.cass-ro.org\/en\/wp-json\/wp\/v2\/posts\/6821\/revisions"}],"predecessor-version":[{"id":6824,"href":"https:\/\/www.cass-ro.org\/en\/wp-json\/wp\/v2\/posts\/6821\/revisions\/6824"}],"wp:featuredmedia":[{"embeddable":true,"href":"https:\/\/www.cass-ro.org\/en\/wp-json\/wp\/v2\/media\/6822"}],"wp:attachment":[{"href":"https:\/\/www.cass-ro.org\/en\/wp-json\/wp\/v2\/media?parent=6821"}],"wp:term":[{"taxonomy":"category","embeddable":true,"href":"https:\/\/www.cass-ro.org\/en\/wp-json\/wp\/v2\/categories?post=6821"},{"taxonomy":"post_tag","embeddable":true,"href":"https:\/\/www.cass-ro.org\/en\/wp-json\/wp\/v2\/tags?post=6821"}],"curies":[{"name":"wp","href":"https:\/\/api.w.org\/{rel}","templated":true}]}}