{"id":7063,"date":"2024-06-17T00:00:00","date_gmt":"2024-06-16T21:00:00","guid":{"rendered":"https:\/\/www.cass-ro.org\/?p=7063"},"modified":"2024-06-16T23:49:39","modified_gmt":"2024-06-16T20:49:39","slug":"unde-merge-europa-dupa-europarlamentare","status":"publish","type":"post","link":"https:\/\/www.cass-ro.org\/en\/unde-merge-europa-dupa-europarlamentare\/","title":{"rendered":"Unde merge Europa dup\u0103 europarlamentare?"},"content":{"rendered":"\n<p>Am l\u0103sat deoparte r\u0103zboiul din Ucraina \u0219i din Orientul Mijlociu ca s\u0103 m\u0103 ocup de alegerile europarlamentare. Am analizat \u00een podacastul\u00a0 meu de pe EVZ-Hai Rom\u00e2nia, Paranteze geopolitice, evolu\u021biile dinaintea alegerilor europene de pe 9 iunie. Spuneam c\u0103 aproape niciunul dintre aleg\u0103tori nu se va g\u00e2ndi la Europa ci la problemelor locale care-i fr\u0103m\u00e2nt\u0103. Din acest motiv, ei tind s\u0103 voteze pe baza preocup\u0103rilor interne.<\/p>\n\n\n\n<p>Nu-i intereseaz\u0103 politica de la Bruxelles! Crede\u021bi oare c\u0103 \u201dnea Gu\u021ban\u201d de la Suceava este interesat de politica de la Bruxelles? Hai s\u0103 fim serio\u0219i. Scriam c\u0103 \u00een \u021b\u0103ri precum Fran\u021ba, Germania \u0219i Spania, alegerile vor servi drept referendum de facto asupra partidului aflat la putere. \u00cen altele votul va fi dat pentru politicienii locali nu pentru figuri ca Ursula von der Leyen, care poate fi un nume important la Bruxelles, dar este pu\u021bin probabil s\u0103 fie \u00een mintea comunit\u0103\u021bii de aleg\u0103tori. \u0218i chiar a\u0219a s-a \u00eent\u00e2mplat.<\/p>\n\n\n\n<p>De ani de zile, vorbim despre o tendin\u021b\u0103 aparent inexorabil\u0103: \u00eencetul cu \u00eencetul, extrema dreapt\u0103\/conservatorii \u0219i na\u021bionali\u0219ti Europei c\u00e2\u0219tig\u0103 teren \u0219i se apropia de putere. Un partid de extrem\u0103 dreapta este definit \u00een sensul acestui articol ca fiind membru al celor dou\u0103 partide-umbrel\u0103 paneuropene din cea mai \u00eendep\u0103rtat\u0103 dreapt\u0103 a spectrului politic sau al grupurilor Parlamentului European cu acela\u0219i nume. Printre acestea se num\u0103r\u0103 partidul na\u021bionalist al Conservatorilor \u0219i Reformi\u0219tilor Europeni, dominat de partidul Fra\u021bii Italiei \u0219i de Partidul Lege \u0219i Justi\u021bie din Polonia \u0219i partidul de extrem\u0103 dreapta Identitate \u0219i Democra\u021bie, ai c\u0103rui membri includ Mitingul Na\u021bional al Fran\u021bei (a inclus Alternativa pentru Germania \u00eenainte de a fi expulzat recent \u00een urma unei serii de scandaluri).<\/p>\n\n\n\n<p>Este inclus \u0219i partidul Fidesz din Ungaria, care a demisionat din Partidul Popular European de centru-dreapta \u00een 2021. \u00cen prezent, 39 din 44 de \u021b\u0103ri europene au partide de extrem\u0103 dreapt\u0103 reprezentate \u00een parlamentele lor. \u00cen timp ce unele dintre aceste partide au c\u00e2\u0219tigat o reprezentare minim\u0103 \u00een unele \u021b\u0103ri, altele au \u00eenregistrat succese majore, inclusiv \u00een Italia, Suedia, Austria \u0219i Polonia. \u00a0Fra\u021bii Italiei, supranumit guvernul cel mai de extrem\u0103 dreapt\u0103 de la epoca fascist\u0103 a lui Benito Mussolini, au c\u00e2\u0219tigat alegerile na\u021bionale din \u021bar\u0103, transform\u00e2nd-o pe Giorgia Meloni \u00een prima femeie prim-ministru al Italiei.<\/p>\n\n\n\n<p>Una dintre promisiunile ei de campanie fusese aceea de a construi o barier\u0103 naval\u0103 pentru a opri fluxul de imigra\u021bie \u00een Europa dinspre Marea Mediteran\u0103. Aproximativ patru din zece aleg\u0103tori au votat \u00een favoarea lui Meloni, cresc\u00e2nd de la trei din zece \u00een 2013. Succesul Fra\u021bilor Italiei a servit drept inspira\u021bie pentru partidele ideologice din \u00eentreaga Europ\u0103. De exemplu, Vox, un partid politic de extrem\u0103 dreapt\u0103 din Spania, a beneficiat foarte mult de alegerea lui Meloni. \u00cen ciuda faptului c\u0103 a adoptat pozi\u021bii controversate cu privire la imigra\u021bie, violen\u021ba de gen \u0219i diversitate, a avansat suficient pentru a deveni al treilea cel mai popular partid \u00een parlamentul na\u021bional al Spaniei. Firewall-urile politice \u00eempotriva acestor fac\u021biuni considerate c\u00e2ndva dincolo de limite s-au pr\u0103bu\u0219it de la o \u021bar\u0103 la alta.<\/p>\n\n\n\n<p>\u00cen urm\u0103 cu aproape un deceniu, cutremurul Brexit din prim\u0103vara anului 2016, \u00een care aleg\u0103torii din Regatul Unit au votat pentru a p\u0103r\u0103si Uniunea European\u0103, a fost un semn timpuriu al unei tendin\u021be globale spre na\u021bionalism conservator. \u201eCordonul sanitar\u201d ridicat de mai multe partide principale \u00eempotriva acestor partide s-a pr\u0103bu\u0219it. Pe tot continentul, \u0219i mai ales \u00een unele dintre cele mai mari \u021b\u0103ri ale sale, partidele de extrem\u0103 dreapt\u0103 au produs rezultate puternice sau record.<\/p>\n\n\n\n<p>C\u00e2\u0219tigurile lor nu sunt un bilet la putere \u2013 o coali\u021bie de partide europene de centru-dreapta r\u0103m\u00e2ne cel mai mare grup din Parlament \u0219i poate colabora cu mainstream-ul de centru st\u00e2nga \u2013 dar eviden\u021biaz\u0103 o tendin\u021ba mai profund\u0103. Uniunea European\u0103, salutat\u0103 de mult ca un bastion post-na\u021bional al valorilor liberale, nu este doar ospitalier\u0103 na\u021bionalismului iliberal, ci poate fi un creuzet pentru o nou\u0103 er\u0103 a politicii de dreapta \u00een Occident. \u0218i noi rom\u00e2ni ne aliniem \u00eencet, \u00eencet&nbsp; la aceast\u0103 tendin\u021b\u0103 (poate din motive tehnice ale unei democra\u021bii incipiente sau din cauza \u201dcontrolului\u201d atent al societ\u0103\u021bii aceast\u0103 tendin\u021b\u0103 se estompeaz\u0103).<\/p>\n\n\n\n<p>Alegerile de la noi au devoalat o lec\u021bie politic\u0103 interesant\u0103, \u00een opinia mea, de cum se poate aranja c\u00e2\u0219tigul unui candidat. \u0218i m\u0103 refer la Bucure\u0219ti. Coali\u021bia a pus un candidat cu \u0219anse reale de c\u00e2\u0219tig: medicul C\u00e2rstoiu. C\u00e2nd sondajele l-au ar\u0103ta \u00een cre\u0219tere puternic\u0103 l-au retras. \u0218i au itrodus al\u021bi doi candida\u021bi f\u0103r\u0103 posibilitatea de a-l dep\u0103\u0219i pe Nicu\u0219or Dan. Candidatul PSD cu cre\u0219teri mici \u0219i cel PNL cu cre\u0219teri mari dar insuficiente deoarece a plecat de undeva de sub 10%.<\/p>\n\n\n\n<p>L-au plasat pe un al patrulea drept extractor de voturi de la candidatul PSD (acestuia i s-a promis ca fiul lui va ob\u021bine mandatul de primar iar el va fi numit \u00eentr-o func\u021bie la municipiu). \u0218i astfel jocul i-a deschis calea lui Nicu\u0219or Dan. Jocurile vor continua la preziden\u021biale \u0219i probabil la parlamentare, zic probabil pentru ca num\u0103rul de primari este suficient pentru ca s\u0103 aduc\u0103 c\u00e2\u0219tiguri coali\u021biei. USR s-a salvat av\u00e2nd&nbsp; municipii cu mare num\u0103r de votan\u021bi c\u00e2\u0219tigate. \u0218i totu\u0219i \u00eenc\u0103 multe lucruri se mai pot \u00eent\u00e2mpla dac\u0103 lec\u021biile acestor alegeri vor fi \u00eenv\u0103\u021bate.<\/p>\n\n\n\n<p>Trebuie \u00een primul r\u00e2nd ca partid sa ai un sociolog bun \u00een staful t\u0103u care s\u0103-\u021bi previzioneze evolu\u021biile ad\u0103ug\u00e2nd \u00eentotdeauna factorul \u201ddeep state\u201d \u00een ecua\u021bie. \u0218i apoi sondajele: sondajele electorale ofer\u0103 o imagine a preferin\u021belor \u0219i op\u021biunilor electoratului; sondajele pot furniza informa\u021bii importante pentru dezvoltarea strategiilor de campanie (politicienii pot \u021binti anumite grupuri de aleg\u0103tori sau pot ajusta discursurile pentru a atrage mai mult sprijin); sondajele periodice pot ajuta politicienii s\u0103 evalueze cum sunt percepu\u021bi de c\u0103tre aleg\u0103tori \u0219i dac\u0103 mesajele lor ajung la publicul \u021bint\u0103 (politicienii pot lua decizii bazate pe date concrete \u00een loc de specula\u021bii sau intui\u021bii); utilizarea sondajelor arat\u0103 deschiderea politicienilor c\u0103tre opiniile \u0219i preferin\u021bele aleg\u0103torilor. \u0218i c\u00e2te \u0219i mai c\u00e2te. Sunt lucruri pe care fiecare staff de campanie ar trebui s\u0103 le cunoasc\u0103 cu mult timp \u00eenainte de momentul alegerilor.<\/p>\n\n\n\n<h2 class=\"wp-block-heading\"><strong>Fran\u021ba pe m\u00e2na lui Le Pen \u0219i a lui Jordan Bardella ?<\/strong><\/h2>\n\n\n\n<p>Cu siguran\u021b\u0103, Parlamentul European nu este cea mai important\u0103 institu\u021bie a continentului. Parlamentul nu poate ini\u021bia direct legi, dar le poate supune unui veto \u0219i le poate modela fiind \u00een principal responsabil pentru aprobarea bugetului Uniunii. El joac\u0103 un rol-cheie \u00een negocierea reglement\u0103rilor emblematice ale UE \u0219i are, de asemenea, ultimul cuv\u00e2nt cu privire la alegerea pre\u0219edintelui Comisiei Europene \u2013 cea mai puternic\u0103 slujb\u0103 de la Berlaymont\/Bruxelles.<\/p>\n\n\n\n<p>\u00cen Fran\u021ba Adunarea Na\u021bional\u0103\/Rassemblement National (RN) a avut rezultate peste a\u0219tept\u0103ri la alegerile europene de duminic\u0103, 9 iunie, str\u00e2ng\u00e2nd 31,5% din voturile exprimate (a ob\u021binut 30 de mandate europene, alc\u0103tuind cea mai mare delega\u021bie a organismului). Scorul reprezint\u0103 un record de 40 de ani pentru orice partid politic francez la alegerile europene. De la coali\u021bia de dreapta a lui Simone Veil din 1984 (43%), niciun partid nu a atins pragul de 30%. Acest scor este punctul culminant al unei campanii care a \u00eenceput \u00een septembrie 2023 \u0219i \u00een care RN a f\u0103cut tot posibilul pentru a face un vot centrat pe chestiuni interne.<\/p>\n\n\n\n<p>A \u00eencercat s\u0103 transforme cursa european\u0103 \u00eentr-un referendum \u00eempotriva lui Macron a\u0219a cum spuneam \u00een podcastul meu. Jordan Bardella a fost popular printre tinerii aleg\u0103tori francezi indiferent de comportamentul s\u0103u politic. Se pare, din surse de la Palatul Elysee, preluate de mass-media francez\u0103, c\u0103 ideea dizolv\u0103rii Adun\u0103rii Na\u021bionale a fost \u00een mintea lui Macron de acum \u0219ase luni.<\/p>\n\n\n\n<p>Pre\u0219edintele francez a avut date clare de la serviciile de informa\u021bii interne la ce s\u0103 se a\u0219tepte. Macron s-a ghidat dup\u0103 \u201dOpera\u021biunea Fortitude\u201d, o opera\u021biune de dezinformare \u0219i diversiune desf\u0103\u0219urat\u0103 de Alia\u021bi \u00een timpul celui de-al Doilea R\u0103zboi Mondial pentru a face armata german\u0103 s\u0103 cread\u0103 \u00eentr-un atac viitor \u00een nordul Fran\u021bei la Calais, \u00een timp ce acesta urma s\u0103 aib\u0103 loc efectiv \u00een Normandia. S-a lansat ideea ca indiferent de rezultatul alegerilor europene, nu vor exista consecin\u021be na\u021bionale.<\/p>\n\n\n\n<p>C\u0103 nimic nu s-ar \u00eent\u00e2mpla \u00eenainte de Jocurile Olimpice de la Paris, programate \u00eentre 26 iulie \u0219i 11 august. Asta ca s\u0103 \u00een\u021belege\u021bi opera\u021biunea lui Macron. Ne \u00eentoarcem, \u00een cel mai probabil caz, la situa\u021bia pre\u0219edintelui Fran\u00e7ois Mitterrand \u00eenainte de prima sa \u201ecoabitare\u201d, termen folosit \u00een Fran\u021ba c\u00e2nd pre\u0219edintele \u0219i premierul provin din tabere politice opuse: \u201eRolul meu se va schimba, dar nu \u0219i pozi\u021bia mea\u201d-spunea Mitterand. Macron, care a fost bancher de investi\u021bii \u00eenainte de ascensiunea sa uimitoare la pre\u0219edin\u021bie este un \u201dparior\u201d. \u00cen 2016, el a pariat c\u0103 un candidat insurgent centrist ar putea s\u0103-\u0219i creeze propriul partid \u0219i s\u0103 perturbe partidele principale de centru-dreapta \u0219i de centru-st\u00e2nga din Fran\u021ba \u0219i a reu\u0219it dincolo de orice presupunere a oricui.<\/p>\n\n\n\n<p>Acum arunc\u0103 din nou zarurile, provoc\u00e2nd Adunarea Na\u021bional s\u0103 demonstreze c\u0103 pot guverna \u0219i nu doar s\u0103 strige de pe margine. 10 oameni a preg\u0103tit\u0103 acest scenariu chiar \u00een inima Elysee-ului sub comanda lui Macron. Este exact ce anticipam Le Pen va prelua atribu\u021biunile guvernamentale iar Macron va \u00eencerca s\u0103 supravie\u021buiasc\u0103. O treab\u0103 riscant\u0103 pentru ca avem un r\u0103zboi \u00een Ucraina \u00eentr-un context interna\u021bional volatil iar partidul lui Le Pen nu a guvernat niciodat\u0103. \u00cen aceste condi\u021bii Bardella cel mai probabil ar deveni prim-ministru ca parte a unei \u201ecoabit\u0103ri\u201d cu Macron. Aceasta este o pozi\u021bie de neinvidiat, care s-a tradus istoric \u00een paralizie guvernamental\u0103. Odat\u0103 instalat la Matignon, Bardella va fi presat s\u0103 guverneze cu un serviciu public care ar putea fi ostil.<\/p>\n\n\n\n<p>Trei ani de guvernare ineficient\u0103 ar preg\u0103ti terenul pentru o revan\u0219\u0103 a unuia dintre acoli\u021bii lui Macron \u00een 2027.&nbsp; Valerie Hayer, principala candidat\u0103 a lui Macron, a fost \u00eenvins\u0103. \u00cen calitatea ei de pre\u0219edintele al grupului Renew Europe, a recunoscut c\u0103 a suferit pierderi semnificative la alegerile europene, \u00een special \u00een Spania \u0219i Fran\u021ba. Dar ea a salutat faptul c\u0103 \u00een prezent \u00ee\u0219i men\u021bine a treia pozi\u021bie ca \u201efor\u021b\u0103 central\u0103, f\u0103r\u0103 de care nu este posibil\u0103 o majoritate\u201d.<\/p>\n\n\n\n<p>Potrivit unui oficial \u00eenalt Renew, care a vorbit cu Politico partidul lui Hayer \u00eei rezervase un bilet de tren Eurostar c\u0103tre Bruxelles, care pleac\u0103 duminic\u0103 seara, astfel \u00eenc\u00e2t s\u0103 poat\u0103 \u00eencepe imediat negocierile cu \u0219eful Partidului Popular European (PPE) Manfred Weber \u0219i al\u021bii. Hayer nu s-a mai urcat \u00een tren. Macron ar putea vedea \u00een cur\u00e2nd controlul Grupului Renew din Parlamentul European sc\u0103p\u00e2ndu-i printre degete. Valerie Hayer, care a condus lista lui Macron la alegerile europene, este \u00een prezent responsabil\u0103 de grup. Dar partidul ALDE se agit\u0103 pentru a o \u00eenlocui. Un nume care se vehiculeaz\u0103 ca posibil succesor: fostul premier belgian Sophie Wilmes.<\/p>\n\n\n\n<h2 class=\"wp-block-heading\"><strong>Va c\u00e2\u0219tiga Ursula von der Leyen un nou mandat?<\/strong><\/h2>\n\n\n\n<p>Cine o poate opri acum? Actualul pre\u0219edinte al Comisiei Europene a ie\u0219it din votul de duminic\u0103 cu o posibil\u0103 coali\u021bie de sociali\u0219ti, liberali \u0219i propriul ei PPE de centru-dreapta. \u00cempreun\u0103, aceste trei grupuri \u2013 care au sus\u021binut-o \u00een timpul actualului ei mandat \u2013 se a\u0219teapt\u0103 s\u0103 aib\u0103 aproximativ 407 de voturi \u00een camer\u0103. Sunt mai mult dec\u00e2t cei 361 de care va avea nevoie, dar din cauza posibilelor dezert\u0103ri, victoria ei \u00eenc\u0103 nu este o afacere \u00eencheiat\u0103.<\/p>\n\n\n\n<p>Cert este ca alegerile i-au maximizat \u0219ansele. Manfred Weber, liderul PPE, i-a cerut cancelarului german Olaf Scholz \u0219i lui Macron s\u0103-l sus\u021bin\u0103 pe von der Leyen \u00eenc\u0103 cinci ani. Acest lucru are greutate dup\u0103 ce PPE a c\u00e2\u0219tigat \u00een Germania, Spania, Polonia, Bulgaria, Slovenia, Luxemburg, Cipru, Letonia, Estonia, Finlanda, Croa\u021bia, Rom\u00e2nia \u0219i Grecia. Partidul de centru-dreapta a c\u00e2\u0219tigat \u0219i \u0219ase locuri \u00een \u021a\u0103rile de Jos, dep\u0103\u0219ind a\u0219tept\u0103rile. Prim-ministrul italian Giorgia Meloni a fost unul dintre pu\u021binii lideri ai unei \u021b\u0103ri mari din UE (\u00eempreun\u0103 cu polonezul Donald Tusk \u0219i \u00een Rom\u00e2nia cu combina\u021bia PNL-PSD) care ar putea revendica o victorie.<\/p>\n\n\n\n<p>Partidele conservatoare au fost pe primul loc \u00een Fran\u021ba, Austria, \u021a\u0103rile de Jos \u0219i pe locul doi \u00een Germania \u0219i Rom\u00e2nia (PNL+PSD sunt la un loc). Reconquista lui Eric Zemmour a intrat \u00een Parlament. Sociali\u0219tii \u0219i-au p\u0103strat dimensiunea, ajung\u00e2nd pe locul al doilea \u00een Spania \u0219i Italia. Ei au c\u00e2\u0219tigat \u00een Suedia \u0219i au \u00eenvins la musta\u021b\u0103 centrul-dreapta \u00een Portugalia. \u00cen Germania sociali\u0219tii lui Scholz au intrat \u00eentr-o treime trist\u0103. Rivalul lui Viktor Orban, Peter Magyar a devenit fa\u021ba incontestabil\u0103 a opozi\u021biei Ungariei, c\u00e2\u0219tig\u00e2nd aproximativ 30% din voturi dup\u0103 ce s-a aruncat \u00een ringul politic la \u00eenceputul acestui an.<\/p>\n\n\n\n<p>Pre\u0219edintele maltez al Parlamentului European Roberta Metsola a primit un loc suplimentar pentru partidul s\u0103u, dup\u0103 ce a acumulat peste 87.000 de preferin\u021be. Presa maltez\u0103 a raportat c\u0103 ea a c\u00e2\u0219tigat mai multe voturi dec\u00e2t orice candidat la europarlamentare de c\u00e2nd \u021bara a aderat la UE. Partidul Laburist de guvern\u0103m\u00e2nt a revendicat victoria, dar a pierdut un loc. Dup\u0103 o performan\u021b\u0103 puternic\u0103 \u00een 2019, Verzii au clacat \u00een Germania, alunec\u00e2nd de la 21 de locuri la doar 12, abia s-au ag\u0103\u021bat \u00een Fran\u021ba \u0219i nu au ob\u021binut nimic \u00een Portugalia. \u00cen general, au pierdut aproximativ 20 de locuri \u00eentr-o noapte sumbr\u0103 pentru entuzia\u0219tii Green Deal. Verzii vor \u00eencerca s\u0103 joace un rol \u201econstructiv\u201d \u00een discu\u021biile de coali\u021bie \u2060 \u2013 adic\u0103 dac\u0103 von der Leyen este interesat\u0103 s\u0103 vorbeasc\u0103 cu ei.<\/p>\n\n\n\n<p>\u00cen Belgia liberali premierului belgian au c\u0103zut la o singur\u0103 cifr\u0103 la alegerile na\u021bionale de duminic\u0103 9 iunie, \u00een timp ce \u021bara s-a deplasat la dreapta. Nu a fost o alunecare pentru dreapta radical\u0103 la care se a\u0219teptau mul\u021bi, dar rezultatul l-a determinat pe De Croo s\u0103 demisioneze din func\u021bia de prim-ministru. El va gira func\u021bia de prim ministru p\u00e2n\u0103 la formarea unui nou guvern. Partidul separatist de extrem\u0103-dreapta Vlaams Belang, care a condus sondajele \u00een ultimele luni, a ob\u021binut duminic\u0103 21% din voturile flamande, dar nu i-a dep\u0103\u0219it pe rivalii conservatori flamanzi Noua Alian\u021b\u0103 Flamand\u0103 (N-VA), care a devenit cel mai mare partid din Belgia, cu aproximativ 25 de voturi. Partidele na\u021bionaliste \u0219i suveraniste urmeaz\u0103 s\u0103 ocupe mai mult de un sfert din mandatele Parlamentului European, iar conservatorii fac progrese.&nbsp;<\/p>\n\n\n\n<h2 class=\"wp-block-heading\"><strong>Cum \u0219i-ar pierde func\u021bia von der Leyen?&nbsp;<\/strong><\/h2>\n\n\n\n<p>De-a lungul anului partidul lui Ursula von der Leyen \u0219i-a petrecut cea mai mare parte a anului condamn\u00e2ndu-i pe Verzi. Acum, \u00een mod sigur, va avea nevoie de ei pentru a supravie\u021bui. Partidul Popular European (PPE) de centru-dreapta a \u00eencheiat num\u0103r\u0103toarea voturilor de duminic\u0103 cu o majoritate sub\u021bire. Ursula von der Leyen are nevoie de 361 de europarlamentari care s\u0103 o aprobe pentru un al doilea mandat \u0219i anume coali\u021bia de grupuri centriste care a ales-o ultima dat\u0103 \u2014 propriul ei PPE, Socialists &amp; Democrats de centru-st\u00e2nga (S&amp;D) \u0219i liberalul Renew. 10% dintre ace\u0219ti nu o vor vota \u0219i asta am v\u0103zut la Congresul PPE de la Bucure\u0219ti. Ea are nevoie de sprijinul Verzilor, care doresc garan\u021bii climatice pe care PPE le va ur\u00ee.<\/p>\n\n\n\n<p>Partidul Verzilor a pierdut mai mult de un sfert din mandatele sale, deoarece climatul a \u201dalunecat\u201d din preocup\u0103rile aleg\u0103torilor. Cu toate acestea, Verzii \u0219i PPE a lui von der Leyen sunt o c\u0103s\u0103torie aranjat\u0103, slab\u0103 \u00een cel mai bun caz &#8211; \u0219i un divor\u021b care a\u0219teapt\u0103 s\u0103 aib\u0103 loc \u00een cel mai r\u0103u caz. Europarlamentarul olandez Bas Eickhout, candidatul principal al Verzilor, a declarat pentru POLITICO c\u0103 partidul s\u0103u vrea garan\u021bii c\u0103 von der Leyen nu va atinge legile Green Deal. Verzii germani vor fi tranzac\u021bionali, la fel ca Meloni.<\/p>\n\n\n\n<p>Dar orice alian\u021b\u0103 va fi departe de a fi confortabil\u0103. PPE \u0219i Verzii au opinii aproape incompatibile cu privire la problemele climatice de baz\u0103, cum ar fi conservarea naturii, agricultura \u0219i industria auto. Provocarea s-a cristalizat duminic\u0103 seara, 9 iunie 2024, c\u00e2nd liderul partidului PPE, Manfred Weber, a declarat pentru POLITICO c\u0103 partidul va discuta \u00een cur\u00e2nd cererea sa de a anula interzicerea din 2035 a v\u00e2nz\u0103rilor de ma\u0219ini noi cu motoare cu ardere intern\u0103 \u2013 un pilon central al \u00eencerc\u0103rii UE de a scoate pe drum mai multe ma\u0219ini ecologice.<\/p>\n\n\n\n<p>Este clar c\u0103 Verzilor nu le va conveni decizia. Dificult\u0103\u021bile se \u00eenmul\u021besc doar atunci c\u00e2nd sunt lua\u021bi \u00een considerare al\u021bi poten\u021biali parteneri. De exemplu, von der Leyen a spus c\u0103 ar fi deschis\u0103 s\u0103 lucreze cu partidul lui Meloni-Fra\u021bii Italia. Verzii nu se vor al\u0103tura niciodat\u0103 unei coali\u021bii care s\u0103 implice grupul din Parlamentul European al partidului respectiv, conservatorii \u0219i reformi\u0219tii europeni de dreapta (ECR). Av\u00e2nd \u00een vedere aceast\u0103 dinamic\u0103 complex\u0103, von der Leyen ar putea prefera s\u0103 urmeze calea celei mai pu\u021bine rezisten\u021be \u2013 una f\u0103r\u0103 Verzi sau ECR.<\/p>\n\n\n\n<p>Aceasta implic\u0103 mai \u00eent\u00e2i aprobarea celor 27 de lideri na\u021bionali ai UE, o perspectiv\u0103 care pare mai probabil\u0103 dup\u0103 ce pre\u0219edintele francez Emmanuel Macron a indicat luni c\u0103 o va sprijini. Apoi, ea trebuie s\u0103 previn\u0103 dezert\u0103rile din coali\u021bia ei centrist\u0103 \u2013 PPE, S&amp;D \u0219i Renew. Deocamdat\u0103 ultimele sondaje ne spun urm\u0103torea suita a ocupan\u021bilor pozi\u021biilor de for\u021b\u0103 din UE: Pre\u0219edintele Comisiei-Ursula von der Leyen, PPE, Germania; Pre\u0219edintele Consiliului-Antonio Costa, sociali\u0219ti, Portugalia; Pre\u0219edintele Parlamentului-Roberta Metsola, PPE, Malta; \u0218eful politicii externe Kaja Kallas, Renew, Estonia<\/p>\n\n\n\n<h2 class=\"wp-block-heading\"><strong>Rolul lui Macron \u00een alegerea pre\u0219edintelui Comisiei Europene<\/strong><\/h2>\n\n\n\n<p>\u0218ocul pierderii alegerilor europarlamentare de c\u0103tre Macron a str\u0103b\u0103tut Fran\u021ba luni 10 iunie 2024. Bursa s-a pr\u0103bu\u0219it. Anne Hidalgo, primarul Parisului, ora\u0219 care va g\u0103zdui Jocurile Olimpice \u00een mai pu\u021bin de \u0219ase s\u0103pt\u0103m\u00e2ni, s-a declarat \u201euimit\u0103\u201d de o decizie \u201enelini\u0219titoare\u201d acea de a avea alegeri pentru Adunaraea Na\u021bional\u0103. \u201eUn fulger\u201d, a tunat cotidianul Le Parisien pe prima pagin\u0103. Pentru Le Monde, a fost \u201eun salt \u00een gol\u201d. Raphael Glucksmann, care i-a condus pe sociali\u0219tii de centru-st\u00e2nga, revigora\u021bi, pe locul trei \u00een r\u00e2ndul partidelor franceze la votul european, l-a acuzat pe Macron de \u201e joc periculos\u201d.<\/p>\n\n\n\n<p>La \u0219apte luni de la implozia fostei alian\u021be de st\u00e2nga, Noua Uniune Popular\u0103 Ecologic\u0103 \u0219i Social\u0103, partidele de st\u00e2nga ale Fran\u021bei au reu\u0219it s\u0103 pun\u0103 bazele unei noi alian\u021be \u00een timp record, \u00eenaintea alegerilor anticipate din 30 iunie \u0219i iulie. 7. Luni, 10 iunie, cei patru lideri ai principalelor partide de st\u00e2nga, Marine Tondelier (Verzii), Olivier Faure (sociali\u0219ti), Fabien Roussel (comuni\u0219ti) \u0219i Manuel Bompard (La France Insoumise, LFI) au ap\u0103rut al\u0103turi, \u00een jurul orei 22.30, \u00een fa\u021ba sediului Partidului Verzilor din Paris, pentru a anun\u021ba \u201econstituirea unui nou Front Popular\u201d, reunind \u201etoate for\u021bele st\u00e2ngii umaniste, sindicatele, asocia\u021biile \u0219i cet\u0103\u021benii\u201d. Amenin\u021barea extremei drepte \u0219i perspectiva de a pierde poten\u021bial multe locuri \u00een Adunarea National\u0103 pare s\u0103 fi readus fiecare partid \u00een fire. Le Pen a c\u0103utat s\u0103 poarte discu\u021bii cu \u0219efii altor partide de dreapta \u0219i de extrem\u0103-dreapta luni, pe 10 iunie, \u00een timp ce ace\u0219tia se preg\u0103tesc pentru alegeri anticipate.<\/p>\n\n\n\n<p>Le Pen, care va candida pentru a-\u0219i p\u0103stra locul \u00een Adunarea Na\u021bional\u0103, a mai spus c\u0103, dac\u0103 va c\u00e2\u0219tiga, Bardella ar fi nominalizarea partidului s\u0103u pentru func\u021bia de prim-ministru. \u00centr-un discurs televizat duminic\u0103 seara, 9 iunie 2024, Macron a avertizat despre pericolul \u201eascensiunii na\u021bionali\u0219tilor \u0219i demagogilor\u201d pentru Fran\u021ba \u0219i locul s\u0103u \u00een Europa. El a men\u021bionat c\u0103 partidele de extrem\u0103 dreapt\u0103 din Fran\u021ba au reu\u0219it s\u0103 ia aproape 40% din voturile Parlamentului.&nbsp;<\/p>\n\n\n\n<p>Riscul este ca peste o lun\u0103 Macron s\u0103 fie nevoit s\u0103 guverneze cu Bardella, 28 de ani, este mare dac\u0103 majoritatea din cele 577 de locuri din&nbsp; Adunarea Na\u021bional\u0103 vor fi c\u00e2\u0219tigate de Adunarea Na\u021bional a lui Le Pen \u0219i partidele anti-imigran\u021bi. Le Pen, este cu ochii pe c\u00e2\u0219tigarea pre\u0219edin\u021biei \u00een 2027. Fran\u021ba se va confrunta cu consacrarea prin \u00eenalt\u0103 func\u021bie politic\u0103 de prim ministru preluat\u0103 de extrema drept\u0103, o idee considerat\u0103 de neconceput \u00eenc\u0103 de c\u00e2nd guvernul de la Vichy a condus Fran\u021ba \u00een colaborare cu nazi\u0219tii \u00eentre 1940 \u0219i 1944. Putem spune f\u0103r\u0103 poate s\u0103 ne \u00een\u0219el\u0103m c\u0103 pierderea \u00een alegeri a lui Macron \u00een Fran\u021ba spore\u0219te perspectiva unui al doilea mandat pentru von der Leyen.<\/p>\n\n\n\n<p>Este pu\u021bin probabil ca pre\u0219edintele francez s\u0103 fie un mare perturbator \u00een UE, av\u00e2nd \u00een vedere luptele pe care le are acas\u0103. \u00cen perioada premerg\u0103toare alegerilor UE de duminic\u0103, 9 iunie 2024, Fran\u021ba a t\u0103cut \u00een mod evident. Nu a declarat c\u0103 o va sus\u021bine pe von der Leyen s\u0103 r\u0103m\u00e2n\u0103 la c\u00e2rma executivului UE, st\u00e2rnind \u00eengrijorarea c\u0103 Macron ar putea privi la o alt\u0103 alternativ\u0103 de tip iepure scos din p\u0103l\u0103rie. Toat\u0103 lumea din ecosistemul preziden\u021bial ar dori ca fostul premier italian Mario Draghi s\u0103 joace un rol. Orice joc francez de a prezenta alte nume pentru pre\u0219edintele Comisiei Europene, cum ar fi Draghi sau pre\u0219edintele Parlamentului European, Roberta Metsola, se poate opri acum. A\u0219a o fi?<\/p>\n\n\n\n<p>Parc\u0103 Macron nu este genul. P\u00e2n\u0103 la urm\u0103, Macron r\u0103m\u00e2ne pre\u0219edintele francez, cu toat\u0103 importan\u021ba simbolic\u0103 \u0219i greutatea politic\u0103 din spatele acestei pozi\u021bii. Fran\u021ba vrea acum asigur\u0103ri de la von der Leyen c\u0103 mandatul ei va include un accent puternic pe politica industrial\u0103 \u0219i va satisface cererea Parisului de a permite mai multe subven\u021bii pentru a sprijini economia blocului. Luna trecut\u0103, Macron a \u021binut un discurs alarmant \u00een care a cerut europenilor s\u0103 investeasc\u0103 masiv \u00een domenii strategice, cum ar fi inteligen\u021ba artificial\u0103 \u0219i sursele regenerabile, pentru a concura cu China \u0219i SUA.<\/p>\n\n\n\n<h2 class=\"wp-block-heading\"><strong>Ce concluzii putem trage dup\u0103 alegerile europarlamentare<\/strong><\/h2>\n\n\n\n<p>Alegerile pentru Parlamentul European sunt adesea respinse ca fiind pu\u021bin mai mult dec\u00e2t un sondaj de opinie \u2013 deoarece puterile Parlamentului sunt limitate, Comisia UE fiind cea care ia deciziile ce afecteaz\u0103 cel mai mult via\u021ba europenilor. \u00cens\u0103 direc\u021bia politic\u0103 general\u0103 a continentului este clar\u0103: partidele care sunt ferm \u00eempotriva imigra\u021biei, care \u00eembr\u0103\u021bi\u0219eaz\u0103 retorica antiglobalist\u0103 \u0219i resping ideologia verde se descurc\u0103 bine. Verzii sunt \u00een regresie. Dreapta odinioar\u0103 inacceptabil\u0103 este acum la putere \u00een Italia, Ungaria \u0219i Slovacia.<\/p>\n\n\n\n<p>Face parte din coali\u021biile de guvernare din Suedia (unde se afl\u0103 \u00een retragere) \u0219i Finlanda \u0219i va fi \u00een \u021a\u0103rile de Jos \u00een cur\u00e2nd. Este lider \u00een sondaje \u00een Belgia \u0219i Austria. Conservatorii Partidului Popular European (PPE) \u0219i-au confirmat pozi\u021bia de grup politic lider \u00een Parlamentul European, \u00een timp ce extrema-dreapta a f\u0103cut un salt substan\u021bial. Social-democra\u021bii (S&amp;D) \u2013 al doilea grup ca m\u0103rime din organismul UE \u2013 au pierdut teren, dar liberalii Renew \u0219i Verzii au suferit cele mai mari pierderi.<\/p>\n\n\n\n<p>Aceste victorii ar trebui s\u0103 permit\u0103 grupurilor na\u021bionaliste \u0219i suveraniste s\u0103 ob\u021bin\u0103 mai mult de un sfert din cele 720 de locuri ale Parlamentului European. Cu toate acestea, influen\u021ba lor real\u0103 va depinde de capacitatea lor de a forma alian\u021be. P\u00e2n\u0103 acum, nu au reu\u0219it niciodat\u0103 s\u0103 lucreze \u00eempreun\u0103, din cauza unor diferen\u021be ideologice majore, asupra Rusiei de exemplu. Fratelli d&#8217;Italia \u0219i PiS, se reg\u0103sesc \u00een grupul Conservatorilor \u0219i Reformi\u0219tilor Europeni (ECR, care ar trebui s\u0103 ob\u021bin\u0103 72 de locuri, fa\u021b\u0103 de 68 \u00een prezent) \u0219i, cu RN, \u00een Identitate \u0219i Democra\u021bie (ID, care ar trebui s\u0103 ob\u021bin\u0103 58 de europarlamentari, ca \u00een 2019) ar ajunge la 130 de locuri.<\/p>\n\n\n\n<p>\u00cen plus, zeci de europarlamentari nu sunt \u00een prezent afilia\u021bi, inclusiv cei de la Fidesz din Ungaria, AfD din Germania \u2013 pe care grupul ID tocmai l-a exclus \u2013 \u0219i Chega din Portugalia. Pe acest fond, este posibil s\u0103 apar\u0103 noi alian\u021be, prefigur\u00e2nd o recompunere a extremei drepte \u00een Parlamentul European, ale c\u0103rei consecin\u021be nu sunt \u00eenc\u0103 clare. Discu\u021biile au \u00eenceput deja \u0219i se vor intensifica \u00een zilele urm\u0103toare. PPE a lui Manfred Weber dup\u0103 ce a pierdut mandate \u00een 2009, 2014 \u0219i 2019, \u0219i-a rec\u00e2\u0219tigat reprezentan\u021bi \u00een 2024. Gruparea a c\u00e2\u0219tigat deja 189 de locuri \u0219i sper\u0103 s\u0103-\u0219i m\u0103reasc\u0103 num\u0103rul, prin primirea unor noi partide, precum Tisa (\u201eRespectul \u0219i Libertatea\u201d) din Ungaria \u2013 partidul lui Peter Magyar, care l-a contestat cu succes pe premierul Viktor Orban \u2013 precum \u0219i pe Mi\u0219carea Fermierilor-Cet\u0103\u021beni Olandezi (BBB) \u0219i Alian\u021ba Liberal\u0103 Danez\u0103.<\/p>\n\n\n\n<p>\u00cen centru, cu 80 de membri ale\u0219i, liberalii au suferit un serios e\u0219ec, pierz\u00e2nd \u00een jur de 20 de locuri la Strasbourg. Ei pl\u0103tesc pre\u021bul pentru dezam\u0103girea major\u0103 suferit\u0103 de Renaissance (partidul lui Macron) \u00een Fran\u021ba \u2013 care ofer\u0103 cea mai mare delega\u021bie la Renew \u2013 precum \u0219i pentru nenorocirea lui Ciudadanos \u00een Spania. \u00cen aceast\u0103 etap\u0103, grupul r\u0103m\u00e2ne al treilea ca m\u0103rime din Parlamentul European, dar este urmat \u00eendeaproape de extrema dreapt\u0103, iar discu\u021biile \u0219i formarea coali\u021biei din urm\u0103toarele zile vor fi decisive \u00een acest sens. La st\u00e2nga, social-democra\u021bii (S&amp;D) au reu\u0219it s\u0103 reziste, re\u021bin\u00e2nd un grup de aproximativ 135 de parlamentari, \u00een compara\u021bie cu cei 140 actuali. De\u0219i SPD-ul german a suferit pierderi, performan\u021ba sa slab\u0103 a fost \u00een mare parte compensat\u0103 de rezultatele bune ale francezului Raphael Glucksmann \u0219i ale Partidul Socialist din Spania.<\/p>\n\n\n\n<h2 class=\"wp-block-heading\"><strong>Meloni vrea s\u0103 cucereasc\u0103 Europa!<\/strong><\/h2>\n\n\n\n<p>\u00centr-o dup\u0103-amiaz\u0103 de mai, sute de italieni s-au \u00eenghesuit \u00eentr-o cl\u0103dire regal\u0103 guvernamental\u0103 din Cosenza, numit\u0103 Palatul Provincial.&nbsp; A fost un eveniment de campanie pentru Fratelli D\u2019Italia, partidul politic de guvern\u0103m\u00e2nt al Italiei. Sus\u021bin\u0103torii au ascultat cu aten\u021bie mai bine de dou\u0103 ore. Starea de spirit a fost triumf\u0103toare, iar politicienii au vorbit de parc\u0103 victoria ar fi inevitabil\u0103. Au vorbit despre un plan pentru c\u00e2nd, nu dac\u0103, dreapta \u0219i-ar asumat o putere mai mare \u00een Europa.<\/p>\n\n\n\n<p>\u00cen octombrie 2022, Meloni a fost ales prim-ministru al Italiei \u00eentr-o campanie de revendicare a suveranit\u0103\u021bii pierdute \u00een fa\u021ba Uniunii Europene, de \u00eenfr\u00e2ngere a imigra\u021biei ilegale \u0219i de sus\u021binere a valorilor conservatoare tradi\u021bionale. De atunci, ea a surprins mul\u021bi alarmi\u0219ti de st\u00e2nga care credeau c\u0103 Fratelli D\u2019Italia este indisolubil legat\u0103 de r\u0103d\u0103cinile sale fasciste din anii 1930 \u0219i 40.<\/p>\n\n\n\n<p>P\u00e2n\u0103 la urm\u0103, acesta este partidul lui Mussolini. Meloni s-a dovedit a fi un partener de cooperare cu Uniunea European\u0103 \u0219i nu mai vorbe\u0219te despre o p\u0103r\u0103sire. La \u00eenceputul acestui an, Meloni a reu\u0219it s\u0103-l conving\u0103 pe Viktor Orban, s\u0103 sprijine un pachet de ajutor de 50 de miliarde de euro pentru Ucraina. Aceasta este o schimbare \u0219ocant\u0103 a ideologiei pentru ambii politicieni, deoarece ambii au o istorie de sprijin pentru Rusia. Meloni nu a realizat \u00eenc\u0103 reformele ample \u00een materie de imigra\u021bie \u0219i birocra\u021bie pentru care a f\u0103cut campanie. Dar ceea ce a reu\u0219it, ceea ce i-a c\u00e2\u0219tigat o baz\u0103 suficient\u0103 de sprijin popular, este consolidarea for\u021bele de dreapta, disparate anterior din Italia. \u00cen parlamentul italian, Meloni conduce o coali\u021bie cu Forza Italia de centru-dreapta \u0219i Lega de extrem\u0103-dreapta. Acum vrea s\u0103 fac\u0103 acela\u0219i lucru \u00een Europa.<\/p>\n\n\n\n<h2 class=\"wp-block-heading\">Proiectul 2025- proiect care va afecta Europa<\/h2>\n\n\n\n<p>Votul este o lectur\u0103 sumbr\u0103 pentru credincio\u0219ii centri\u0219ti precum pre\u0219edintele francez Emmanuel Macron \u0219i cancelarul german Olaf Scholz. Primul \u0219i-a v\u0103zut partidul dobor\u00e2t de cel al liderului de extrem\u0103 dreapta Marine Le Pen iar pentru al doilea social democra\u021bii lui au fost umili\u021bi de principalilor lor rivali de centru-dreapta \u0219i de cei ai partidului de extrem\u0103 dreapta Alternativa pentru Germania sau AfD. Pentru Macron a fost o \u201dmustrare\u201d at\u00e2t de \u00eengrozitoare \u00eenc\u00e2t a dizolvat Adunarea Na\u021bional\u0103 Francez\u0103 \u0219i a programat alegeri parlamentare anticipate. Nu v\u0103 g\u00e2ndi\u021bi c\u0103 America nu are probleme.<\/p>\n\n\n\n<p>Dimpotriv\u0103 problemele lor r\u0103sun\u0103 peste Atlantic, cu pre\u0219edintele Biden duc\u00e2nd o lupt\u0103 dur\u0103 \u00eempotriva unei mi\u0219c\u0103ri \u201dtrumpiste\u201d care se vede \u00een mod explicit \u00een alian\u021b\u0103 cu partidele anti-imigran\u021bi din extrema dreapt\u0103 a Europei. Programul lui Trump-Proiect 2025-detaliaz\u0103 \u00een peste 900 de pagini modul \u00een care Trump \u0219i alia\u021bii s\u0103i ar putea demonta \u0219i perturba guvernul SUA. Acesta sugereaz\u0103 eliminarea rangurilor federale de multe roluri desemnate \u0219i stivuirea agen\u021biilor \u00een schimb cu mai mul\u021bi politicieni numi\u021bi, alinia\u021bi \u0219i mai responsabili, cu prescrip\u021biile politicii lui Trump. Condus de Funda\u021bia Heritage de dreapta, proiectul prezint\u0103 un guvern federal care reprim\u0103 intens imigra\u021bia, \u00eenvinge LGBTQ+ \u0219i drepturile la avort, diminueaz\u0103 protec\u021bia mediului, revizuie\u0219te politica financiar\u0103 \u0219i ia m\u0103suri agresive \u00eempotriva Chinei.<\/p>\n\n\n\n<p>Proiectul 2025 are patru piloni pentru a extinde influen\u021ba conservatoare \u00een \u00eentregul guvern american, \u00eencep\u00e2nd cu o foaie de parcurs lung\u0103. Pe l\u00e2ng\u0103 document, grupul creeaz\u0103 o baz\u0103 de date cu personal poten\u021bial pentru viitoarea administra\u021bie Trump, precum \u0219i \u00eei instruie\u0219te despre modul \u00een care guvernul ar trebui s\u0103 func\u021bioneze ca parte a \u201eAcademiei de administra\u021bie preziden\u021bial\u0103\u201d. Pasul final va fi un manual de tranzi\u021bie preziden\u021bial\u0103 care \u00eencearc\u0103 s\u0103-l ajute pe urm\u0103torul pre\u0219edinte s\u0103 dea drumul odat\u0103 ce acesta va prelua mandatul.<\/p>\n\n\n\n<p>Ghidul Proiectului 2025, intitulat \u201dMandate for Leadership: The Conservative Promise\u201d, trece prin agen\u021biile guvernamentale una c\u00e2te una, prezent\u00e2nd modalit\u0103\u021bi prin care un viitor pre\u0219edinte conservator ar putea elimina directivele administra\u021biei Biden \u0219i se va putea organiza \u00een jurul idealurilor de dreapta. Ideile din manifestul conservator, publicat la \u00eenceputul anului trecut, au fost punctul culminant a zeci de grupuri de dreapta \u0219i sunt scrise \u00een multe cazuri de alia\u021bii lui Trump sau fo\u0219tii numi\u021bi ai lui Trump.<\/p>\n\n\n\n<p>Ele reprezint\u0103 un consens conservator \u0219i sunt menite s\u0103 ajute dreapta s\u0103 vorbeasc\u0103 \u00een mod colectiv despre ceea ce doresc s\u0103 fac\u0103 un viitor pre\u0219edinte \u00een func\u021bie. Proiectul nu spune \u00een mod specific c\u0103 este destinat lui Trump, dar c\u0103 orice pre\u0219edinte conservator ar putea s\u0103 \u0219i-l \u00eensu\u0219easc\u0103, de\u0219i temele din ghid sunt aliniate \u00eendeaproape cu obiectivele politicii lui Trump \u00een multe cazuri. Heritage Foundation, un grup de reflec\u021bie influent la dreapta, a creat foi de parcurs preziden\u021biale similare \u00een trecut, \u00een special pentru primul mandat al administra\u021biei lui Ronald Reagan \u00een 1981.<\/p>\n\n\n\n<p>Funda\u021bia sus\u021bine c\u0103 Reagan a dat copii ale manifestului \u201efiec\u0103rui membru\u201d din cabinetul s\u0103u\u201d \u0219i c\u0103 aproape dou\u0103 treimi din recomand\u0103rile de politic\u0103 pe care le-a formulat au fost fie \u201eadoptate, fie \u00eencercate\u201d de Reagan. Ce inten\u021bioneaz\u0103 Trump? S\u0103&nbsp; intensifice \u00een mod semnificativ eforturile de a schimba politicile comerciale ale Americii cu noi m\u0103suri protec\u021bioniste; dore\u0219te reevaluarea scopului NATO \u0219i a misiunilor acestuia-\u00een mod clar dore\u0219te folosirea for\u021belor militare \u00een curtea exterioar\u0103 a Americii; distrugerea imigra\u021biei; folosirea Departamentului Justi\u021bie pentru r\u0103zbunarea \u00eempotriva opozan\u021bilor s\u0103i \u0219i multe altele. Toate acestea vor influen\u021ba rela\u021bia transatlantic\u0103!&nbsp;<\/p>\n","protected":false},"excerpt":{"rendered":"<p>Am l\u0103sat deoparte r\u0103zboiul din Ucraina \u0219i din Orientul Mijlociu ca s\u0103 m\u0103 ocup de alegerile europarlamentare. Am analizat \u00een podacastul\u00a0 meu de pe EVZ-Hai Rom\u00e2nia, Paranteze geopolitice, evolu\u021biile dinaintea alegerilor europene de pe 9 iunie. Spuneam c\u0103 aproape niciunul dintre aleg\u0103tori nu se va g\u00e2ndi la Europa ci la problemelor locale care-i fr\u0103m\u00e2nt\u0103. Din acest motiv, ei tind s\u0103 voteze pe baza preocup\u0103rilor interne. Nu-i intereseaz\u0103 politica de la Bruxelles! Crede\u021bi oare c\u0103 \u201dnea Gu\u021ban\u201d de la Suceava este interesat de politica de la Bruxelles? Hai s\u0103 fim serio\u0219i. Scriam c\u0103 \u00een \u021b\u0103ri precum Fran\u021ba, Germania \u0219i Spania, alegerile vor servi drept referendum de facto asupra partidului aflat la [&hellip;]<\/p>\n","protected":false},"author":2,"featured_media":5654,"comment_status":"open","ping_status":"closed","sticky":false,"template":"","format":"standard","meta":{"footnotes":""},"categories":[26,21,6],"tags":[],"class_list":["post-7063","post","type-post","status-publish","format-standard","has-post-thumbnail","hentry","category-alexandru-grumaz","category-europarusia","category-regiuni"],"_links":{"self":[{"href":"https:\/\/www.cass-ro.org\/en\/wp-json\/wp\/v2\/posts\/7063"}],"collection":[{"href":"https:\/\/www.cass-ro.org\/en\/wp-json\/wp\/v2\/posts"}],"about":[{"href":"https:\/\/www.cass-ro.org\/en\/wp-json\/wp\/v2\/types\/post"}],"author":[{"embeddable":true,"href":"https:\/\/www.cass-ro.org\/en\/wp-json\/wp\/v2\/users\/2"}],"replies":[{"embeddable":true,"href":"https:\/\/www.cass-ro.org\/en\/wp-json\/wp\/v2\/comments?post=7063"}],"version-history":[{"count":1,"href":"https:\/\/www.cass-ro.org\/en\/wp-json\/wp\/v2\/posts\/7063\/revisions"}],"predecessor-version":[{"id":7064,"href":"https:\/\/www.cass-ro.org\/en\/wp-json\/wp\/v2\/posts\/7063\/revisions\/7064"}],"wp:featuredmedia":[{"embeddable":true,"href":"https:\/\/www.cass-ro.org\/en\/wp-json\/wp\/v2\/media\/5654"}],"wp:attachment":[{"href":"https:\/\/www.cass-ro.org\/en\/wp-json\/wp\/v2\/media?parent=7063"}],"wp:term":[{"taxonomy":"category","embeddable":true,"href":"https:\/\/www.cass-ro.org\/en\/wp-json\/wp\/v2\/categories?post=7063"},{"taxonomy":"post_tag","embeddable":true,"href":"https:\/\/www.cass-ro.org\/en\/wp-json\/wp\/v2\/tags?post=7063"}],"curies":[{"name":"wp","href":"https:\/\/api.w.org\/{rel}","templated":true}]}}