{"id":7069,"date":"2024-06-30T16:52:00","date_gmt":"2024-06-30T13:52:00","guid":{"rendered":"https:\/\/www.cass-ro.org\/?p=7069"},"modified":"2024-07-06T16:55:02","modified_gmt":"2024-07-06T13:55:02","slug":"lupte-la-baioneta-pentru-pozitii-de-top-in-ue-razboiul-in-ucraina-a-trecut-pe-planul-doi","status":"publish","type":"post","link":"https:\/\/www.cass-ro.org\/en\/lupte-la-baioneta-pentru-pozitii-de-top-in-ue-razboiul-in-ucraina-a-trecut-pe-planul-doi\/","title":{"rendered":"\u201eLupte la baionet\u0103\u201d pentru pozi\u021bii de top \u00een UE. R\u0103zboiul \u00een Ucraina a trecut pe planul doi"},"content":{"rendered":"\n<p>La Bruxelles agita\u021bie mare! Negocieri, tr\u0103d\u0103ri \u0219i renun\u021b\u0103ri pentru func\u021biile de top ale Uniunii. Manfred Weber pre\u0219edintele Partidului Popular European, face eforturi pentru un acord favorabil proprie grup\u0103ri politice. PPE a ie\u0219it cel mai bine&nbsp; din alegerile europarlamentare din iunie a\u0219a c\u0103 \u201dbate cu pumnul \u00een mas\u0103\u201d s\u0103 ob\u021bin\u0103 cele mai bune pozi\u021bii. Popularii au trei obiective importante: asigurarea p\u0103cii \u0219i securit\u0103\u021bii europene, cre\u0219terea economic\u0103 \u0219i limitarea migra\u021biei.<\/p>\n\n\n\n<p>Mai mult ei se g\u00e2ndesc \u0219i la \u00eenlocuirea cancelarului german cu Friedrich Merz, \u0219eful Partidului Cre\u0219tin Democrat dar \u0219i la \u00eenlocuirea lui Pedro Sanchez premierul spaniol cu Alberto Nunez Feijoo, de la Partidul Popular. De ce? Ca lucrurile s\u0103 mearg\u0103 mai bine \u00een politica european\u0103. Meloni la r\u00e2ndul ei cu grupul de dreapta pe care-l conduce, Conservatori \u0219i Reformi\u0219ti europeni (ECR), grup care a dep\u0103\u0219it ca num\u0103r de locuri \u00een Parlament grupul Renew Europe a lui Macron vrea s\u0103 ob\u021bin\u0103 unul din primele trei locuri de top ale Uniunii \u00eenlocuindu-i pe liberali. Premierul maghiar Orban a fost la Roma \u0219i a \u00eendemnat-o pe Meloni s\u0103 fac\u0103 echip\u0103 cu Le Pen pentru a crea un supergrup de extrem\u0103 dreapta \u00een (Fra\u021bii Italiei ai lui Meloni sunt \u00een ECR, \u00een timp ce Mitingul Na\u021bional al lui Le Pen se afl\u0103 \u00een Identitate \u0219i Democra\u021bie).<\/p>\n\n\n\n<p>Orban refuz\u0103 s\u0103 adere la ECR din cauza AUR de\u0219i Claudiu T\u00e2rziu, liderul grupului AUR, a declarat c\u0103:&nbsp; \u201dOrban este \u00eenc\u0103 binevenit \u00een grup\u201d. Cu toate acestea, Orban a reiterat c\u0103 cooperarea pe dreapta european\u0103 ar trebui s\u0103 aib\u0103 loc \u00een afara unui grup oficial, at\u00e2ta timp c\u00e2t partidul rom\u00e2n AUR se afl\u0103 \u00een Conservatorii \u0219i Reformi\u0219tii Europeni ai lui Meloni. Va mai aduce\u021bi aminte de vizita lui Simion la Roma vizita cu prilejul particip\u0103rii la o reuniune organizat\u0103 de partidul Fratelli d&#8217;Italia, al premierului italian ? Simion a fost cu un pas \u00eenaintea lui Orban. Orban a pierdut 2 locuri la alegerile din 9 iunie \u0219i acum are 11 europarlamentari neafilia\u021bi unei grup\u0103ri din Parlamentul European.<\/p>\n\n\n\n<p>Gruparea lui Orban a p\u0103r\u0103sit preventiv, \u00een 2021, gruparea Partidului Popular European de centru-dreapta \u00eentr-o disput\u0103 privind statul de drept. El va r\u0103m\u00e2ne \u00een sfera ECR dar o intrare \u00een grup \u00eel va pune pe agenda activit\u0103\u021bilor al\u0103turi de AUR ceea ce ar fi contrar opiniilor exprimate de lideri Fidesz. Giorgia Meloni este sup\u0103rat\u0103 c\u0103 nu a fost inclus\u0103 \u00een ultimele discu\u021bii privind pozi\u021biile de top din UE. Conservatorii \u0219i reformi\u0219tii ei europeni de extrem\u0103 dreapta au ob\u021binut c\u00e2\u0219tiguri majore pe 9 iunie, iar obiec\u021biile pot s\u0103 deraieze acordul de top cu locuri de munc\u0103. Se zvone\u0219te c\u0103 premierul grec Kyriakos Mitsotakis (care a negociat pentru PPE, \u00eempreun\u0103 cu premierul polonez Donald Tusk) a fost \u00eens\u0103rcinat s\u0103 o sune pe Meloni. S-a \u00eent\u00e2mplat sau nu? Nu \u0219tim.<\/p>\n\n\n\n<p>Sociali\u0219tii&nbsp; \u0219i liberalii din Parlamentul European au avertizat-o pe von der Leyen s\u0103 nu fac\u0103 niciun acord oficial cu ECR. \u201eUrsula este doar un contabil pentru guvernele UE\u201d, i-a spus fostul pre\u0219edinte al Comisiei Romano Prodi lui Marco Bresolin de la ziarul La Stampa. \u0218i \u00eenc\u0103 un fapt de ultim\u0103 or\u0103: Partidul na\u021bionalist Dreptate \u0219i Justi\u021bie (PiS) din Polonia ia \u00een considerare renun\u021barea la alian\u021ba sa cu Fra\u021bii Italiei ai lui Giorgia Meloni \u00een Parlamentul European \u0219i este \u00een discu\u021bii cu partidele de dreapta populiste cu privire la formarea unui nou grup Europa Central\u0103 \u0219i de Est.<\/p>\n\n\n\n<p>Celelalte partide includ Fidesz al premierului ungar Viktor Orban, Ac\u021biunea cet\u0103\u021benilor nemul\u021bumi\u021bi din Republica Ceh\u0103 a lui Andrej Babis \u0219i Partidul Democrat Sloven al lui Janez Jansa. \u201eEste destul de evident c\u0103 am putea fi uni\u021bi pe o platform\u0103 geografic\u0103 \u0219i nu [o] platform\u0103 ideologic\u0103. Sunt din ce \u00een ce mai pu\u021bin interesat de toate acele elemente ideologice ale puzzle-ului\u201d, a declarat joi fostul premier polonez Mateusz Morawiecki pentru POLITICO \u00een Parlamentul European de la Bruxelles. Morawiecki a ad\u0103ugat c\u0103 este \u00een leg\u0103tur\u0103 \u0219i cu reprezentan\u021bii altor delega\u021bii. Cert este ca se reconfigureaz\u0103 grupurile politice \u00een Parlamentul European.<\/p>\n\n\n\n<h2 class=\"wp-block-heading\"><strong>Meloni vrea o pozi\u021bie important\u0103 \u00een Comisia European\u0103<\/strong><\/h2>\n\n\n\n<p>Eu personal nu cred c\u0103 Meloni va lovi \u00een Ursula dar dorin\u021ba de&nbsp; putere poate aduce elemente noi. Meloni vrea un portofoliu economic de top pentru Roma \u00een urm\u0103toarea Comisie. Unul dintre numele preg\u0103tite pentru o astfel de slujb\u0103 este italianul Raffaele Fitto.<\/p>\n\n\n\n<p>Un alt candidat italian este Elisabetta Belloni, actuala \u0219ef\u0103 a serviciilor de informa\u021bii italiene care a organizat \u00eent\u00e2lnirea G7 derulat\u0103 recent \u00een Italia. Numele ei circul\u0103 la Roma \u0219i la Bruxelles pentru rolul de diplomat \u0219ef al UE. \u00cen pachetul actual de locuri de munc\u0103 de top, aceast\u0103 slujb\u0103 este programat\u0103 s\u0103 revin\u0103 prim-ministrului Estoniei Kallas. S\u0103 nu uit\u0103m c\u0103 Meloni, liderul celei de-a treia economii ca m\u0103rime a blocului, este unul dintre pu\u021binii lideri europeni care a ie\u0219it \u00eent\u0103rit de la alegerile europene.<\/p>\n\n\n\n<p>Polonia are, de asemenea, influen\u021b\u0103 \u00een negocieri. Premierul Donald Tusk este singurul lider PPE al unei mari \u021b\u0103ri europene \u0219i a ie\u0219it mai puternic de la alegerile europene. Ministrul s\u0103u de externe, Radoslaw Sikorski, a respins un poten\u021bial rol de comisar al UE pentru ap\u0103rare, deoarece nu are suficient\u0103 pondere. Var\u0219ovia ar dori un portofoliu mai mare, cum ar fi cel pentru extinderea Uniunii. At\u00e2t obiectivele individuale ale statelor c\u00e2t \u0219i ale\u0219ii sunt elemente fluide. Von der Leyen \u0219i Partidul ei Popular European s-au angajat p\u00e2n\u0103 acum \u00een discu\u021bii doar cu Sociali\u0219tii &amp; Democra\u021bii (S&amp;D) \u0219i Renew, ignor\u00e2nd oficial at\u00e2t Verzii, c\u00e2t \u0219i ECR, \u00een ciuda faptului c\u0103 \u00eenainte de alegeri ar fi deschis\u0103 s\u0103 colaboreze cu Meloni.<\/p>\n\n\n\n<p>Aceste r\u00e2nduri sunt scrise \u00een timpul s\u0103pt\u0103m\u00e2nii, din datele publicate de media sau din discu\u021bii cu colegi de la Bruxelles, derulate \u00eenainte de \u00eent\u00e2lnirea liderilor de la Bruxelles \u00een Consiliul European din 27-28 iunie. Dac\u0103 liderii UE consider\u0103 c\u0103 von der Leyen nu va trece prin Parlament, pot c\u00e2\u0219tiga timp nominaliz\u00e2nd-o, dar pot \u00eempinge votul eurodeputa\u021bilor din iulie p\u00e2n\u0103 \u00een septembrie \u2013 a\u0219a cum s-a \u00eent\u00e2mplat \u00een 2009, c\u00e2nd Jose Manuel Barroso a fost reales ca pre\u0219edinte al Comisiei. Verzi vor s\u0103 participe la discu\u021bii dar chiar \u0219i cele 50 de voturi ale lor nu vor fi suficiente pentru a trece echipa lui Ursula prin Parlament, iar deschiderea fa\u021b\u0103 de ei ar duce la pierderea&nbsp; cel mai probabil a sprijinul lui von der Leyen \u00een cadrul propriului ei grup PPE.<\/p>\n\n\n\n<p>Alternativa de extrema dreapta pentru Germania&nbsp; (AfD) inten\u021bioneaz\u0103 s\u0103-\u0219i lanseze propria sa grupare de dreapta \u00een Parlamentul European \u00een cadrul unei reuniuni de joi, care va fi numit\u0103 \u201eSuverani\u015ftii\u201d, a\u0219a cum scrie Der Spiegel.<\/p>\n\n\n\n<h2 class=\"wp-block-heading\"><strong>Care sunt pa\u0219ii urm\u0103tori \u00een alegerea persoanelor de top?<\/strong><\/h2>\n\n\n\n<p>Dup\u0103 prim zi a discu\u021biilor din 27 iunie ale Consiliului Europei, liderii UE au aprobat joi 27 iunie un al doilea mandat de cinci ani pentru Ursula von der Leyen \u00een func\u021bia de pre\u0219edinte al Comisiei Europene. Acum, politicianul german de centru-dreapta se confrunt\u0103 cu un vot \u00een Parlamentul European, despre care chiar \u0219i alia\u021bii ei de partid recunosc c\u0103 va fi o provocare \u00een a reu\u0219i.<\/p>\n\n\n\n<p>Pentru a avea succes de data aceasta, va trebui s\u0103 fac\u0103 un calcul politic aproape imposibil: r\u0103m\u00e2ne cu cele trei partide din centru, vireaz\u0103 c\u0103tre c\u0103tre Verzi sau l\u0103rge\u0219te aria incluz\u00e2nd p\u0103r\u021bi din grupul de extrem\u0103 dreapta a lui Giorgia Meloni? Premierul italian s-a ab\u021binut de la votul lui von der Leyen joi sear\u0103. Exist\u0103 riscuri legate de toate cele trei strategii. \u00cenrolarea Verzilor este, de asemenea, un pariu riscant. Dup\u0103 cinci ani \u00een care s-au opus \u00een mare m\u0103sur\u0103 lui von der Leyen, ecologi\u0219tii cer acum s\u0103 fac\u0103 parte din majoritatea care o sus\u021bine, ceea ce le-ar oferi \u0219ansa de a influen\u021ba legisla\u021bia, de\u0219i au pierdut locuri din 2019.<\/p>\n\n\n\n<p>Totu\u0219i, cea mai riscant\u0103 strategie dintre toate este s\u0103-o atragi pe Meloni \u0219i, probabil, alte p\u0103r\u021bi ale grup\u0103rii conservatorilor \u0219i reformi\u0219tilor europeni, care acum se afl\u0103 pe locul trei \u00een Parlament. Urm\u0103toarele s\u0103pt\u0103m\u00e2ni vor fi dominate de negocieri. Urmeaz\u0103 etapa Parlamentului European care va vota viitorul pre\u0219edinte al Comisiei Europene la jum\u0103tatea lunii iulie. Asta \u00een cel mai bun caz dar s-ar putea s\u0103 avem&nbsp; o var\u0103 plin\u0103 de incertitudine politic\u0103 la cel mai \u00eenalt nivel al Uniunii. Sunt evalu\u0103ri care ne spun c\u0103 acest\u0103 coali\u021bie format\u0103 din PPE, sociali\u0219ti \u0219i liberali risc\u0103 s\u0103 fie prea mic\u0103 pentru a ob\u021bine cele 361 de voturi necesare (din 720).<\/p>\n\n\n\n<p>De ce? Dup\u0103 congresul PPE de la Bucure\u0219ti se aproximeaz\u0103 c\u0103 10%-15% dintre europarlamentarii din aceste grupuri nu o vor vota pe Ursula. Coali\u021bia are aproximativ 400 de europarlamentari. \u0218i dac\u0103 von der Leyen e\u0219ueaz\u0103? Consiliul European va alege un candidat alternativ pentru a deveni pre\u0219edinte al Comisiei Europene. Acest lucru risc\u0103 s\u0103 duc\u0103 la o criz\u0103 institu\u021bional\u0103 \u0219i atunci tot e\u0219afodajul din spatele lui von der Leyen se va pr\u0103bu\u0219i.<\/p>\n\n\n\n<p>\u00cen scenariu favorabil lui Ursula de aprobarea a echipei sale \u0219i \u00een cazul \u00een care Parlamentul European d\u0103 votul de acceptare, noua Comisie European\u0103 urmeaz\u0103 s\u0103 fie instalat\u0103 \u00een jurul datei de 1 noiembrie. \u00cen cazul scenariului negativ Consiliul European se va \u00eent\u00e2lni din nou \u00een var\u0103 iar Parlamentul European va vota undeva \u00een septembrie. Acest scenariu va complica \u0219i \u00eent\u00e2rzia \u00eenceperea activit\u0103\u021bii viitoarei Comisii Europene.<\/p>\n\n\n\n<p>Din ultimele \u0219tiri pe care le-am primit \u00eenainte de summitul UE, acum c\u00e2nd scriu aceste r\u00e2nduri 25 iunie 2024, v\u0103 pot spune c\u0103: \u0219ase lideri ai UE au negociat cele mai importante locuri de munc\u0103 din bloc \u0219i au convenit ca germanul Ursula von der Leyen, portughezul Antonio Costa \u0219i estoniana Kaja Kallas s\u0103 ob\u021bin\u0103 cele mai \u00eenalte func\u021bii la Comisia European\u0103, Consiliul European \u0219i serviciul de politic\u0103 extern\u0103. Cei \u0219ase negociatori sunt premierul grec Kyriakos Mitsotakis \u0219i premierul polonez Donald Tusk (pentru Partidul Popular European), premierul spaniol Pedro Sanchez \u0219i cancelarul german Olaf Scholz (pentru sociali\u0219ti), precum \u0219i pre\u0219edintele francez Emmanuel Macron \u0219i premierul olandez Mark Rutte (pentru liberali).&nbsp;<\/p>\n\n\n\n<h2 class=\"wp-block-heading\"><strong>Ce se \u00eent\u00e2mpl\u0103 dac\u0103 von der Leyen c\u00e2\u0219tig\u0103 votul Parlamentului European?<\/strong><\/h2>\n\n\n\n<p>&nbsp;Dac\u0103 este numit\u0103 de Parlamentul European pentru un alt mandat, ea poate discuta cu guvernele na\u021bionale despre nominaliza\u021bii lor individuali pentru func\u021bia de comisar, de\u0219i \u021b\u0103rile au \u00eenceput deja s\u0103 se bat\u0103 informal pentru numele \u0219i portofoliile pe care le doresc. Este de a\u0219teptat ca von der Leyen s\u0103 cear\u0103 din nou dou\u0103 op\u021biuni de la fiecare guvern, un candidat de sex feminin \u0219i un candidat masculin; modul \u00een care distribuie portofoliile depinde de ea.<\/p>\n\n\n\n<p>Ultima dat\u0103, ea a provocat consternare \u00een st\u00e2nga spectrului politic prin crearea unui portofoliu pentru stilul de via\u021b\u0103 european, rol de\u021binut de comisarul grec Margaritis Schinas. \u0218i vor mai exista vicepre\u0219edin\u021bi executivi ai Comisiei, sau va renun\u021ba \u00een favoarea unei structuri mai plate? Fiecare comisar se va confrunta cu o criz\u0103 grea \u00een Parlament, iar apoi \u00eentregul colegiu al comisarilor \u2013 care o include pe Kaja Kallas, care a fost aleas\u0103 drept \u00eenalt reprezentant pentru afaceri externe \u2013 trebuie votat de majoritatea deputa\u021bilor europeni \u00eentr-un vot care nu va fi secret. C\u00e2t despre Antonio Costa, care va deveni pre\u0219edinte al Consiliului European cel pu\u021bin p\u00e2n\u0103 \u00een iunie 2027, poate respira u\u0219urat, deoarece nu are nevoie de sprijinul Parlamentului.<\/p>\n\n\n\n<h2 class=\"wp-block-heading\"><strong>\u00centreb\u0103ri cu r\u0103spuns probabil<\/strong><\/h2>\n\n\n\n<p>\u00centrebarea de r\u0103spunsul c\u0103rei suntem interesa\u021bi este: votul din UE va oferi vreun indiciu pentru viitoarele alegeri din SUA? C\u00e2\u0219tigurile ob\u021binute de extrema-dreapt\u0103 arat\u0103 c\u0103 problemele aflate \u00een joc \u00een alegerile din SUA care \u00eel favorizeaz\u0103 pe Donald Trump, imigra\u021bia \u0219i criminalitatea, mai ales, continu\u0103 s\u0103 rezoneze \u00een Europa. Coali\u021bia de partide de centru-dreapta, centru-st\u00e2nga \u0219i liberale care controlau efectiv Parlamentul European a sc\u0103zut de la 59% din mandate la 56%, r\u0103m\u00e2n\u00e2nd \u00eens\u0103 o majoritate \u00eenc\u0103 solid\u0103.<\/p>\n\n\n\n<p>Dac\u0103 va mai aduce\u021bi aminte \u00een 2016 criza imigra\u021biei europene \u0219i decizia Marii Britanii de a p\u0103r\u0103si Uniunea European\u0103 au prefigurat rezultatul uimitor al alegerilor preziden\u021biale din SUA. Recentele alegeri nu au produs o schimbare dramatic\u0103 spre dreapta dar schimb\u0103rile s-au produs \u00een cele mai mari trei state ale UE-Germania, Fran\u021ba \u0219i Italia. \u00cen aceste condi\u021bii Macron a aruncat politica francez\u0103 \u00eentr-o mori\u0219c\u0103 infernal\u0103 dizolv\u00e2nd Adunarea Na\u021bional\u0103 \u0219i convoc\u00e2nd alegeri anticipate.<\/p>\n\n\n\n<p>St\u00e2nga a format rapid un front unit pentru a-\u0219i desf\u0103\u0219ura campania electoral\u0103 \u00eens\u0103 partidele mai mici de dreapta sunt divizate la nivel intern. Nepoatele sau nepo\u021bi lui Le Pen au intrat \u00een scen\u0103, de pe unde sunt loca\u021bi \u00een diferite partide, \u0219i i-au \u00eendemnat pe membrii acestora s\u0103 voteze pentru o coali\u021bie condus\u0103 de Mitingul Na\u021bional a lui Bardella. Jordan Bardella, pre\u0219edintele forma\u021biunii franceze de extrem\u0103 dreapta Rassemblement National, a precizat c\u0103 va men\u021bine sprijinul \u021b\u0103rii sale pentru Ucraina dac\u0103 va ajunge prim-ministru, relateaz\u0103 Agerpres.<\/p>\n\n\n\n<p>El a reiterat \u00eens\u0103 c\u0103 se va opune trimiterii de trupe franceze \u015fi de rachete cu raz\u0103 lung\u0103 de ac\u0163iune \u00een \u021bara atacat\u0103 de Rusia. \u00cen Germania extrema dreapt\u0103 AfD a ie\u0219it pe locul doi cu 16%. Cele trei partide care alc\u0103tuiesc coali\u021bia guvernamental\u0103 \u2013 social-democra\u021bii, verzii \u0219i liberalii \u2013 au suferit, primind un total combinat de doar 31% din voturile populare.<\/p>\n\n\n\n<p>\u00cen Italia votul popular pentru Fra\u021bii Italiei a crescut la aproape 29% din total, dep\u0103\u0219ind&nbsp; 26% primit la alegerile parlamentare italiene din 2022, iar locurile partidului \u00een Parlamentul European s-au dublat de la 10 la 24. For\u021ba extremei drepte \u00een r\u00e2ndul aleg\u0103torilor mai tineri este un semnal de urm\u0103rit. \u0218i, \u00een timp ce rezultatele nu sunt deloc uniforme, partidele de centru-st\u00e2nga \u0219i liberale \u00een exerci\u021biu &#8211; din nou, Germania \u0219i Fran\u021ba sunt deosebit de importante aici &#8211; au fost pedepsite de aleg\u0103tori, ceea ce nu este un semn bun pentru pre\u0219edintele Biden. Lec\u021biile acestor alegeri pentru SUA sunt la fel de ambigue ca \u0219i rezultatele lor. \u00cen orice caz, alegerile \u00een Uniunea European\u0103 nu sunt \u00eentotdeauna un ghid bun pentru viitor.<\/p>\n\n\n\n<p>De ce? Pentru c\u0103 alegatorii pot vota \u00een semn de protest f\u0103r\u0103 nicio consecin\u021b\u0103 pentru componen\u021ba guvernelor lor na\u021bionale. Pe asta s-a bazat Macron, c\u0103 Le Pen nu va fi sus\u021binut\u0103 de electorat acas\u0103? Alegerile europene au fost un avertisment pentru mainstream, nu o \u00eenfr\u00e2ngere. Dar este un avertisment care ar trebui luat \u00een serios de ambele maluri ale Atlanticului.<\/p>\n\n\n\n<h2 class=\"wp-block-heading\"><strong>NATO \u0219i-a g\u0103sit liderul<\/strong><\/h2>\n\n\n\n<p>Secretarul general al NATO, Jens Stoltenberg, urmeaz\u0103 s\u0103 demisioneze p\u00e2n\u0103 la 1 octombrie 2024. Mark Rutte se va muta \u00een biroul s\u0103u de la NATO \u0219i nu va avea o perioad\u0103 de miere lung\u0103 la \u00eenceputul mandatului. Rutte, care conduce de 14 ani cea de-a cincea economie a UE ca m\u0103rime, este l\u0103udat pe scar\u0103 larg\u0103 ca fiind un generator de consens eficient, demonstr\u00e2nd totodat\u0103 hot\u0103r\u00e2re \u00een sprijinirea Ucrainei, inclusiv eforturile recente ale militarilor olandezi de a preg\u0103ti pilo\u021bi ucraineni pentru a pilota avioane de lupt\u0103 F-16 donate de olandezi.<\/p>\n\n\n\n<p>De ce nu va avea o perioad\u0103 de tranzi\u021bie lini\u0219tit\u0103? Rutte se va confrunta cu c\u00e2teva probleme deosebite: (1) Posibila revenire a lui Donald Trump la Casa Alb\u0103; (2) Ofensiva de var\u0103 a Rusie \u00een Ucraina; (3) Generalizarea a 2% din PIB \u00een toate statele Alian\u021bei;(4) Nivelul redus al ap\u0103r\u0103rii antiaeriene pe flancul estic (numai 5% din necesar); (5) Asigurarea produc\u021bie de muni\u021bie de r\u0103zboi a Alian\u021bei at\u00e2t pentru livrarea c\u0103tre Ucraina c\u00e2t \u0219i pentru completarea stocurilor \u021b\u0103rilor europene; (6) Descurajarea nuclear\u0103 a Rusie;&nbsp; (7) Nemul\u021bumirile&nbsp; \u021b\u0103rilor din est fa\u021b\u0103 de &nbsp;reprezentare la nivelul secundar al NATO-func\u021bia de secretar general adjunct (DSG) \u0219i diferitele posturi de secretar general adjunct (ASG); (8) Posibilele presiuni din partea extremei drepte fa\u021b\u0103 de r\u0103zboiul din Ucraina; (9) Nu \u00een ultimul r\u00e2nd presiunea r\u0103zboiului hibrid dus de Rusia \u00een Europa.<\/p>\n\n\n\n<h2 class=\"wp-block-heading\"><strong>R\u0103zboiul hibrid al Rusie \u00een Europa&nbsp;<\/strong><\/h2>\n\n\n\n<p>Este unul din avertismentele pe care serviciile de informa\u021bii americane le transmit alia\u021bilor. Este vorba despre conceptul de \u201dinformare persistent\u0103\u201d folosit de Comunitatea de informa\u021bii american\u0103 inclusiv \u00eenaintea atacului Rusie asupra Ucrainei din februarie 2022.<\/p>\n\n\n\n<p>Directorul serviciilor de informa\u021bii na\u021bionale, Avril Haines, a informat membrii Consiliului Atlanticului de Nord al NATO, organismul decizional al alian\u021bei, despre o cre\u0219tere a atacurilor hibride, legate de Rusia, atacuri care au \u00eenceput \u00een aceast\u0103 prim\u0103var\u0103. Haines a rezumat informa\u021biile americane \u0219i i-a \u00eendemnat pe alia\u021bi s\u0103 dezv\u0103luie \u0219i s\u0103 studieze strategia Kremlinului. Serviciile de informa\u021bii ruse au angajat sabotori locali pentru a-\u0219i desf\u0103\u0219ura opera\u021biunile. Presupusele atacuri ruse\u0219ti se \u00eentind \u00een \u00eentreaga Europ\u0103: \u00een martie, Marea Britanie a arestat mai mul\u021bi suspec\u021bi dup\u0103 un incendiu la un depozit de\u021binut de ucraineni din estul Londrei, depozit despre care oficialii americani au raportat c\u0103 \u021binea echipamente de comunica\u021bii militare cu destina\u021bia Ucraina.<\/p>\n\n\n\n<p>Un depozit din Spania de\u021binut de aceea\u0219i companie, \u0219i care depozitase echipamente de comunica\u021bii, a fost incendiat. Polonia a arestat 12 presupu\u0219i sabotori care pl\u0103nuiau atacuri asupra liniilor de aprovizionare c\u0103tre Ucraina, a spus un oficial guvernamental polonez. Tot luna trecut\u0103, un incendiu a lovit o instala\u021bie din Berlin a unei companii germane (Rheinmetall) de\u021binut\u0103 de produc\u0103torul de rachete de ap\u0103rare antiaerian\u0103 folosite de Ucraina. \u0218i autorit\u0103\u021bile norvegiene au avertizat c\u0103 sabotorii ar putea viza companiile care livreaz\u0103 arme \u00een Ucraina. Haines a spus Consiliului NATO c\u0103 obiectivele lui Putin sunt de a \u00eentrerupe livr\u0103rile de arme, de a \u00eemp\u0103r\u021bi alian\u021ba \u0219i de a descuraja continuarea sprijinului NATO pentru Kiev.<\/p>\n\n\n\n<p>Liderul rus vrea s\u0103 intimideze \u021b\u0103rile europene r\u0103m\u00e2n\u00e2nd \u00een acela\u0219i timp sub pragul care ar putea determina \u021b\u0103rile NATO s\u0103 invoce articolul 5 pentru a r\u0103spunde militar la atacuri, cred oficialii americani. Operatorii ru\u0219i ar putea \u00eencerca s\u0103 r\u0103sp\u00e2ndeasc\u0103 frica \u0219i prin atacuri asupra site-urilor civile. Republica Ceh\u0103 a arestat luna aceasta un suspect acuzat de incendiere \u00eempotriva autobuzelor publice unde exist\u0103 suspiciunea c\u0103 atacul a fost probabil organizat \u0219i finan\u021bat din Rusia, conform unei declara\u021bii a premierul ceh. Premierul polonez Donald Tusk a declarat c\u0103 Rusia este \u201eprobabil\u201d responsabil\u0103 pentru un incendiu care a distrus luna trecut\u0103 cel mai mare centru comercial din Var\u0219ovia.<\/p>\n\n\n\n<p>Strategia administra\u021biei Biden de contracarare a lui Putin se concentreaz\u0103 pe partajarea informa\u021biilor. Ca \u0219i \u00een primele zile ale r\u0103zboiului, administra\u021bia a demarat eforturi pentru a face schimb de c\u00e2t mai multe informa\u021bii cu alia\u021bii pentru a-i ajuta s\u0103 identifice \u0219i s\u0103 \u00eentrerup\u0103 atacurile \u2013 \u0219i s\u0103 creasc\u0103 rezisten\u021ba colectiv\u0103. Putin nu vrea un r\u0103zboi cu NATO pe care \u0219tie c\u0103 l-ar pierde, cred oficialii americani. Vrea doar s\u0103 submineze alian\u021ba.&nbsp;<\/p>\n\n\n\n<h2 class=\"wp-block-heading\"><strong>R\u0103zboiul din Ucraina<\/strong><\/h2>\n\n\n\n<p>Dup\u0103 cum am prezis acum un an, nu exist\u0103 o \u00eencetare a focului, nicio negociere \u0219i nici un impas \u00een r\u0103zboiul din Ucraina. \u00cen repetate r\u00e2nduri, Vladimir Putin a clarificat c\u0103 scopul s\u0103u nu este de a cuceri doar 20% din Ucraina. \u00cen mintea lui, Rusia \u0219i Ucraina sunt una, iar existen\u021ba unei na\u021biuni ucrainene independente este un complot anti-rus realizat prin interferen\u021b\u0103 str\u0103in\u0103.<\/p>\n\n\n\n<p>Discursul s\u0103u recent de la ministerul rus al ap\u0103r\u0103rii a reconfirmat aceast\u0103 ambi\u021bie. El dore\u0219te s\u0103 anexeze p\u0103r\u021bile de est \u0219i de sud ale Ucrainei \u0219i probabil s-ar mul\u021bumi s\u0103 transforme restul \u00eentr-un stat marionet\u0103 ocupat, pu\u021bin diferit de Belarusul de ast\u0103zi. Mai mult, scopul politic al lui Putin este de a restabili Rusia ca o nou\u0103 mare putere, remodel\u00e2nd ordinea politic\u0103 a Europei. Restabilirea \u201eunit\u0103\u021bii\u201d Rusia-Ucraina-Belarus este condi\u021bia prealabil\u0103 pentru aceast\u0103 \u00eenviere. Putin a investit resurse imense \u00een acest pariu. Din aceste motive, sunt posibile doar rezultate binare: fie Rusia c\u00e2\u0219tig\u0103, fie Ucraina c\u00e2\u0219tig\u0103. 2024 va fi cel mai dificil moment pentru Ucraina de la primele dou\u0103 luni ale invaziei pe scar\u0103 larg\u0103.<\/p>\n\n\n\n<p>Occidentul are solu\u021bia intensific\u0103rii produc\u021biei de arme \u0219i preg\u0103tirea\/consolidarea militar\u0103 a flancului estic. Ucraina \u0219i-a reluat produc\u021bia de armament \u0219i muni\u021bie dar nu face fa\u021b\u0103 cerin\u021belor teatrului de r\u0103zboi, iar fabricile sunt \u021binte pentru rachetele ruse\u0219ti. Ucraina va r\u0103m\u00e2ne dependent\u0103 de Occident pentru avioane, armamentul aeronavelor \u0219i ap\u0103rarea antiaerian\u0103 -rachete de ap\u0103rare deoarece complexitatea acestor sisteme nu permite produc\u021bia intern\u0103. Ucraina va r\u0103m\u00e2ne, de asemenea, dependent\u0103 de furnizarea de muni\u021bii de artilerie din str\u0103in\u0103tate din cauza cantit\u0103\u021bii mari folosite \u00een r\u0103zboi. Europeni nu au reu\u0219it s\u0103-\u0219i achite angajamentul privind livr\u0103rile de muni\u021bii c\u0103tre Ucraina (au livrat 1\/3 din ce au promis).<\/p>\n\n\n\n<p>Ce implic\u0103 acest lucru?&nbsp; Ajutorul dat de SUA \u00eenseamn\u0103 pentru Ucraina men\u021binerea actualelor linii defensive. Probabil Dombasul va fi pierdut. Se manifest\u0103 o lips\u0103 de vehicule blindate \u00een teatrul de opera\u021bii pentru militarii ucraineni. Vehiculele occidentale duc lips\u0103 de piese de schimb iar cele care au fost construite \u00een timpul Pactului de la Var\u0219ovia sufer\u0103 de lips\u0103 de muni\u021bie. Armata rus\u0103 pare s\u0103 fi lansat o nou\u0103 arm\u0103 asupra Ucrainei pentru prima dat\u0103 joi, 20 iunie 2024, \u00een nord-estul Harkovului.<\/p>\n\n\n\n<p>Este o bomb\u0103 cu planare de 3000 kg, cunoscut\u0103 sub numele de FAB-3000 UMPK. Face parte dintr-un efort mai amplu al Rusiei, a\u0219a cum a scris David Axe de la Forbes \u00een martie, de a fixa \u201earipi de tip pop-out \u0219i kituri de ghidare prin satelit la bombe stupide de 500 kg, 1000 kg \u0219i 3000 kg \u201d din stocurile Kremlinului.&nbsp; Potrivit imaginilor postate online, bomba a explodat aproape de \u201esf\u00e2r\u0219itul unei cl\u0103diri folosite de armata ucrainean\u0103 ca punct de desf\u0103\u0219urare temporar\u0103\u201d, relateaz\u0103 Kiev Independent.&nbsp;<\/p>\n\n\n\n<p>Exper\u021bii spun: \u201eFaptul c\u0103 for\u021bele ruse \u0219i-au dat seama cum s\u0103 lanseze FAB-3000 este o dezvoltare semnificativ\u0103 \u0219i va cre\u0219te poten\u021bialul distructiv al atacurilor cu bombe glisante ale Rusiei, \u00een curs de desf\u0103\u0219urare, \u00eempotriva for\u021belor \u0219i infrastructurii ucrainene\u201d, au scris anali\u0219tii de la Institutul pentru Studiul R\u0103zboiului din Washington. Efectul acestor bombe este devastator \u0219i dac\u0103 for\u021bele ruse ar fi capabile s\u0103 lanseze baraje masive de FAB-3000 vor putea provoca daune extinse pozi\u021biilor din prima linie ucrainean\u0103 \u0219i infrastructurii critice.<\/p>\n\n\n\n<h2 class=\"wp-block-heading\"><strong>Ce lec\u021bii am \u00eenv\u0103\u021bat din R\u0103zboiul din Ucraina?&nbsp;<\/strong><\/h2>\n\n\n\n<p>\u00cen primul r\u00e2nd, armele vechi \u0219i noi se completeaz\u0103 reciproc. \u00cen ciuda succesului timpuriu al armelor antitanc \u00een ap\u0103rarea Kievului, am avertizat \u00een materialele scrise de-a lungul ostilit\u0103\u021bilor \u2013 corect \u2013 c\u0103 proclama\u021biile despre sf\u00e2r\u0219itul erei tancurilor s-ar putea dovedi premature, pe m\u0103sur\u0103 ce b\u0103t\u0103lia s-a mutat din suburbiile de nord \u00een c\u00e2mpiile de est ale Ucrainei.<\/p>\n\n\n\n<p>Cu toate acestea, am anticipat par\u021bial eficacitatea dronelor ca arme antitanc \u0219i antinav\u0103 \u0219i nici nu m-am a\u0219teptat ca Ucraina s\u0103 poat\u0103 alunga marina rus\u0103 din jum\u0103tatea vestic\u0103 a M\u0103rii Negre (artileria \u0219i minele au jucat, de asemenea, un rol major, deoarece conflictul s-a instalat \u00een r\u0103zboiul de tran\u0219ee \u00een stilul Primului R\u0103zboi Mondial). \u00cen al doilea r\u00e2nd, descurajarea nuclear\u0103 func\u021bioneaz\u0103, dar depinde mai mult de mize relative dec\u00e2t de capacit\u0103\u021bi. Amenin\u021barea nuclear\u0103 a lui Putin a \u00eempiedicat guvernele NATO s\u0103 trimit\u0103 trupe (nu echipamente) \u00een Ucraina. Dar motivul nu este c\u0103 Rusia are capacit\u0103\u021bi nucleare superioare; mai degrab\u0103, Putin a desemnat Ucraina un interes na\u021bional vital pentru Rusia, \u00een timp ce guvernele occidentale nu au f\u0103cut-o. \u00cen al doilea r\u00e2nd, sanc\u021biunile aplicate Rusie au crescut costurile, dar nu au determinat rezultatele pe termen scurt. Aminti\u021bi-v\u0103 c\u0103 directorul CIA, William Burns, s-a \u00eent\u00e2lnit cu Putin \u00een noiembrie 2021 \u0219i a avertizat, f\u0103r\u0103 niciun rezultat, asupra unor sanc\u021biuni iminente \u00een cazul \u00een care Rusia ar invada. Putin s-a \u00eendoit probabil c\u0103 Occidentul ar putea men\u021bine unitatea global\u0103 \u00een ceea ce prive\u0219te sanc\u021biunile \u0219i a avut dreptate.<\/p>\n\n\n\n<p>Petrolul este o marf\u0103 fungibil\u0103, iar multe \u021b\u0103ri \u2013 nu \u00een ultimul r\u00e2nd India \u2013 sunt mai mult dec\u00e2t bucuroase s\u0103 importe petrol rusesc la pre\u021b redus, transportat de o flot\u0103 neregulat\u0103 de tancuri petroliere. Cu toate acestea, a\u0219a cum am anticipat \u00een urm\u0103 cu doi ani, preocup\u0103rile Chinei de a se implica \u00een sanc\u021biuni secundare par s\u0103 fi stabilit anumite limite pentru sprijinul s\u0103u pentru Rusia. \u00cen timp ce China a furnizat o \u201etehnologie cu dubl\u0103 utilizare\u201d important\u0103 (potrivit\u0103 fie pentru scopuri militare, fie civile), ea s-a ab\u021binut de la trimiterea de arme. Av\u00e2nd \u00een vedere aceast\u0103 imagine mixt\u0103, va trece ceva timp p\u00e2n\u0103 c\u00e2nd vom putea judeca pe deplin efectul pe termen lung al sanc\u021biunilor asupra Rusiei. \u00cen al patrulea r\u00e2nd, r\u0103zboiul informa\u021bional face diferen\u021ba.<\/p>\n\n\n\n<p>R\u0103zboaiele moderne nu sunt doar despre a cui armat\u0103 c\u00e2\u0219tig\u0103; sunt, de asemenea, despre a cui poveste \u00eenvinge.&nbsp; \u00cen al cincilea r\u00e2nd, capacitatea cibernetic\u0103 nu este un glon\u021b de argint. Rusia a folosit arme cibernetice pentru a se amesteca \u00een re\u021beaua electric\u0103 a Ucrainei cel pu\u021bin din 2015 \u00eencoace, iar mul\u021bi anali\u0219ti au prezis c\u0103 un atac cibernetic \u00eempotriva infrastructurii \u0219i guvernului Ucrainei va face orice invazie un fapt \u00eemplinit. Dar, de\u0219i au existat multe atacuri cibernetice (raportate) \u00een timpul r\u0103zboiului, niciunul nu s-a dovedit decisiv.<\/p>\n\n\n\n<p>C\u00e2nd re\u021beaua Viasat a ucrainenilor a fost spart\u0103, ace\u0219tia au \u00eenceput s\u0103 comunice prin mul\u021bi sateli\u021bi mici ai re\u021belei Starlink. Cu antrenament \u0219i experien\u021b\u0103 pe c\u00e2mpul de lupt\u0103, ap\u0103rarea cibernetic\u0103 \u0219i ofensiva ucrainean\u0103 s-au \u00eembun\u0103t\u0103\u021bit. \u00cen cele din urm\u0103, r\u0103zboiul este imprevizibil. Cea mai important\u0103 lec\u021bie din r\u0103zboiul din Ucraina r\u0103m\u00e2ne una dintre cele mai vechi. Acum doi ani, mul\u021bi se a\u0219teptau la o victorie rapid\u0103 a Rusiei; \u0219i \u00een urm\u0103 cu doar un an, existau a\u0219tept\u0103ri mari de la o ofensiv\u0103 triumf\u0103toare de var\u0103 ucrainean\u0103. Niciun nici alta nu s-a \u00eent\u00e2mplat a\u0219a cum au fost planificate. Filozoful Aristotel spunea: nu este suficient s\u0103 se c\u00e2\u0219tige un r\u0103zboi, ci este important este s\u0103 se organizeze pacea!<\/p>\n","protected":false},"excerpt":{"rendered":"<p>La Bruxelles agita\u021bie mare! Negocieri, tr\u0103d\u0103ri \u0219i renun\u021b\u0103ri pentru func\u021biile de top ale Uniunii. Manfred Weber pre\u0219edintele Partidului Popular European, face eforturi pentru un acord favorabil proprie grup\u0103ri politice. PPE a ie\u0219it cel mai bine&nbsp; din alegerile europarlamentare din iunie a\u0219a c\u0103 \u201dbate cu pumnul \u00een mas\u0103\u201d s\u0103 ob\u021bin\u0103 cele mai bune pozi\u021bii. Popularii au trei obiective importante: asigurarea p\u0103cii \u0219i securit\u0103\u021bii europene, cre\u0219terea economic\u0103 \u0219i limitarea migra\u021biei. Mai mult ei se g\u00e2ndesc \u0219i la \u00eenlocuirea cancelarului german cu Friedrich Merz, \u0219eful Partidului Cre\u0219tin Democrat dar \u0219i la \u00eenlocuirea lui Pedro Sanchez premierul spaniol cu Alberto Nunez Feijoo, de la Partidul Popular. De ce? Ca lucrurile s\u0103 mearg\u0103 mai bine [&hellip;]<\/p>\n","protected":false},"author":4,"featured_media":6962,"comment_status":"open","ping_status":"closed","sticky":false,"template":"","format":"standard","meta":{"footnotes":""},"categories":[26,21,6],"tags":[],"class_list":["post-7069","post","type-post","status-publish","format-standard","has-post-thumbnail","hentry","category-alexandru-grumaz","category-europarusia","category-regiuni"],"_links":{"self":[{"href":"https:\/\/www.cass-ro.org\/en\/wp-json\/wp\/v2\/posts\/7069"}],"collection":[{"href":"https:\/\/www.cass-ro.org\/en\/wp-json\/wp\/v2\/posts"}],"about":[{"href":"https:\/\/www.cass-ro.org\/en\/wp-json\/wp\/v2\/types\/post"}],"author":[{"embeddable":true,"href":"https:\/\/www.cass-ro.org\/en\/wp-json\/wp\/v2\/users\/4"}],"replies":[{"embeddable":true,"href":"https:\/\/www.cass-ro.org\/en\/wp-json\/wp\/v2\/comments?post=7069"}],"version-history":[{"count":1,"href":"https:\/\/www.cass-ro.org\/en\/wp-json\/wp\/v2\/posts\/7069\/revisions"}],"predecessor-version":[{"id":7070,"href":"https:\/\/www.cass-ro.org\/en\/wp-json\/wp\/v2\/posts\/7069\/revisions\/7070"}],"wp:featuredmedia":[{"embeddable":true,"href":"https:\/\/www.cass-ro.org\/en\/wp-json\/wp\/v2\/media\/6962"}],"wp:attachment":[{"href":"https:\/\/www.cass-ro.org\/en\/wp-json\/wp\/v2\/media?parent=7069"}],"wp:term":[{"taxonomy":"category","embeddable":true,"href":"https:\/\/www.cass-ro.org\/en\/wp-json\/wp\/v2\/categories?post=7069"},{"taxonomy":"post_tag","embeddable":true,"href":"https:\/\/www.cass-ro.org\/en\/wp-json\/wp\/v2\/tags?post=7069"}],"curies":[{"name":"wp","href":"https:\/\/api.w.org\/{rel}","templated":true}]}}